{"id":693990,"date":"2026-08-31T03:36:38","date_gmt":"2026-08-31T07:36:38","guid":{"rendered":"https:\/\/diariodominicano.com\/?p=693990"},"modified":"2026-08-31T03:36:48","modified_gmt":"2026-08-31T07:36:48","slug":"los-presidentes-abinader-y-asfura-impulsan-nueva-etapa-de-cooperacion-entre-republica-dominicana-y-honduras","status":"publish","type":"post","link":"https:\/\/diariodominicano.com\/?p=693990","title":{"rendered":"Los presidentes Abinader y Asfura impulsan nueva etapa de cooperaci\u00f3n entre Rep\u00fablica Dominicana y Honduras"},"content":{"rendered":"\n<h3 class=\"wp-block-heading\">Ambos mandatarios destacan acuerdos en comercio, seguridad, turismo y proyectos conjuntos durante la visita oficial en el Palacio Nacional.<\/h3>\n\n\n\n<p class=\"wp-block-paragraph\">30 de Agosto 2026 <\/p>\n\n\n\n<figure class=\"wp-block-image\"><img decoding=\"async\" src=\"https:\/\/platform-cdn.sharethis.com\/img\/sharethis.svg\" alt=\"sharethis sharing button\"\/><\/figure>\n\n\n\n<p class=\"wp-block-paragraph\">Santo Domingo.\u2013 En el marco de la&nbsp;<strong>visita oficial<\/strong>&nbsp;al pa\u00eds del presidente de Honduras,&nbsp;<strong>Nasry Asfura Zablah<\/strong>, y durante su encuentro con el&nbsp;<strong>presidente Luis Abinader<\/strong>&nbsp;en el Palacio Nacional,&nbsp;<strong>ambos mandatarios<\/strong>&nbsp;valoraron de&nbsp;<strong>forma positiva<\/strong>&nbsp;los resultados de&nbsp;<strong>dos d\u00edas de trabajo conjunto<\/strong>&nbsp;y coincidieron en la necesidad de fortalecer a\u00fan m\u00e1s los&nbsp;<strong>lazos bilaterales<\/strong>.<\/p>\n\n\n\n<p class=\"wp-block-paragraph\">El presidente Abinader&nbsp;<strong>agradeci\u00f3 la visita<\/strong>&nbsp;y calific\u00f3 de muy positiva la agenda desarrollada.<\/p>\n\n\n\n<p class=\"wp-block-paragraph\">Expres\u00f3 satisfacci\u00f3n por las conversaciones francas en las que se revisaron&nbsp;<strong>temas de la relaci\u00f3n bilateral<\/strong>&nbsp;e identificaron&nbsp;<strong>\u00e1reas concretas de acuerdos.<\/strong><\/p>\n\n\n\n<figure class=\"wp-block-image\"><img decoding=\"async\" src=\"https:\/\/www.presidencia.gob.do\/sites\/default\/files\/inline-images\/1002008861.jpg\" alt=\"\"\/><\/figure>\n\n\n\n<p class=\"wp-block-paragraph\"><strong>Construir una relaci\u00f3n cada vez m\u00e1s \u00fatil<\/strong><\/p>\n\n\n\n<p class=\"wp-block-paragraph\">El presidente Abinader record\u00f3 que ambos pa\u00edses mantienen&nbsp;<strong>v\u00ednculos diplom\u00e1ticos de m\u00e1s de cien a\u00f1os<\/strong>&nbsp;y subray\u00f3 la importancia de aprovechar esa historia para construir una&nbsp;<strong>relaci\u00f3n cada vez m\u00e1s \u00fatil para sus pueblos.<\/strong><\/p>\n\n\n\n<p class=\"wp-block-paragraph\"><em>\u201cHemos conversado de comercio, inversi\u00f3n, conectividad, turismo, cultura y de nuevas oportunidades para nuestros sectores productivos. Hay espacio para crecer y ambos gobiernos tenemos inter\u00e9s en facilitar ese proceso\u201d,<\/em>&nbsp;afirm\u00f3 el mandatario, quien destac\u00f3 el&nbsp;<strong>aumento del intercambio comercial<\/strong>&nbsp;y la voluntad de mantener esa tendencia.<\/p>\n\n\n\n<p class=\"wp-block-paragraph\">Tambi\u00e9n se refiri\u00f3 a temas regionales como&nbsp;<strong>seguridad, democracia, migraci\u00f3n<\/strong>, el impacto del&nbsp;<strong>sargazo<\/strong>&nbsp;y la situaci\u00f3n de&nbsp;<strong>Hait\u00ed<\/strong>, y se\u00f1al\u00f3 que existe una&nbsp;<strong>visi\u00f3n cercana<\/strong>&nbsp;que permite avanzar de manera coordinada.<\/p>\n\n\n\n<p class=\"wp-block-paragraph\">Sobre los&nbsp;<strong>grupos criminales organizados,<\/strong>&nbsp;indic\u00f3 que hay&nbsp;<strong>cooperaci\u00f3n de inteligencia bilateral<\/strong>&nbsp;y a trav\u00e9s del&nbsp;<strong>Escudo de las Am\u00e9ricas,<\/strong>&nbsp;y que se convers\u00f3 para continuar colaborando.<\/p>\n\n\n\n<p class=\"wp-block-paragraph\"><strong>Presidente de Honduras<\/strong><\/p>\n\n\n\n<p class=\"wp-block-paragraph\">El presidente Asfura afirm\u00f3 que la&nbsp;<strong>relaci\u00f3n<\/strong>&nbsp;se fortalece con el objetivo de hacerla&nbsp;<strong>m\u00e1s unida y estrecha.<\/strong><\/p>\n\n\n\n<p class=\"wp-block-paragraph\">Destac\u00f3 que se abordaron la&nbsp;<strong>tecnificaci\u00f3n de la agricultura, la seguridad y el turismo,<\/strong>&nbsp;\u00e1mbito en el que reconoci\u00f3 la&nbsp;<strong>experiencia de m\u00e1s de 40 a\u00f1os de Rep\u00fablica Dominicana<\/strong>&nbsp;en desarrollo tur\u00edstico e infraestructura.<\/p>\n\n\n\n<p class=\"wp-block-paragraph\">Plante\u00f3 trabajar juntos de cara a una&nbsp;<strong>Am\u00e9rica pr\u00f3spera, protegida, productiva y fuerte,<\/strong>&nbsp;y coincidi\u00f3 en la necesidad de coordinar posiciones en&nbsp;<strong>foros internacionales<\/strong>&nbsp;como la ONU y el Escudo de las Am\u00e9ricas.<\/p>\n\n\n\n<p class=\"wp-block-paragraph\"><strong>Valora Juegos Centroamericanos y del Caribe<\/strong><\/p>\n\n\n\n<p class=\"wp-block-paragraph\">Asfura valor\u00f3 el papel de la Rep\u00fablica Dominicana en la&nbsp;<strong>organizaci\u00f3n de los Juegos Centroamericanos y del Caribe<\/strong>, que calific\u00f3 como un ejemplo de profesionalismo y desarrollo al alcanzar un r\u00e9cord de 155 medallas, y agradeci\u00f3 el&nbsp;<strong>apoyo de cara a la sede de los pr\u00f3ximos juegos<\/strong>, que se celebrar\u00e1n en Honduras en noviembre de&nbsp;<strong>2029<\/strong>.<\/p>\n\n\n\n<p class=\"wp-block-paragraph\">Subray\u00f3 los retos de la&nbsp;<strong>innovaci\u00f3n<\/strong>&nbsp;y la transformaci\u00f3n para enfrentar las&nbsp;<strong>guerras econ\u00f3micas actuales<\/strong>, reconoci\u00f3 el&nbsp;<strong>impulso dado al SICA<\/strong>&nbsp;durante la presidencia pro t\u00e9mpore dominicana y destac\u00f3 el recorrido realizado junto con el presidente Abinader por las obras de protecci\u00f3n fronteriza, como ejemplo de&nbsp;<strong>defensa de la democracia, la libertad y la soberan\u00eda.<\/strong><\/p>\n\n\n\n<p class=\"wp-block-paragraph\"><strong>Agenda para seguir avanzando<\/strong><\/p>\n\n\n\n<p class=\"wp-block-paragraph\">Ambos jefes de Estado coincidieron en que la visita deja una&nbsp;<strong>agenda concreta para seguir avanzando.<\/strong><\/p>\n\n\n\n<figure class=\"wp-block-image\"><img decoding=\"async\" src=\"https:\/\/www.presidencia.gob.do\/sites\/default\/files\/inline-images\/1002008860.jpg\" alt=\"\"\/><\/figure>\n\n\n\n<p class=\"wp-block-paragraph\">El presidente Abinader asegur\u00f3 que se fortalecer\u00e1n los&nbsp;<strong>espacios de di\u00e1logo<\/strong>&nbsp;para convertir las buenas relaciones pol\u00edticas en&nbsp;<strong>cooperaci\u00f3n e intercambios concretos,&nbsp;<\/strong>y reiter\u00f3 que Honduras puede contar con la Rep\u00fablica Dominicana como&nbsp;<strong>pa\u00eds amigo y socio.<\/strong>&nbsp;<\/p>\n\n\n\n<p class=\"wp-block-paragraph\">Asfura, a su vez, extendi\u00f3 una&nbsp;<strong>invitaci\u00f3n al presidente dominicano para visitar Honduras<\/strong>, donde ser\u00e1&nbsp;<strong>recibido con los brazos abiertos<\/strong>&nbsp;junto con las personas que estime conveniente.<\/p>\n\n\n\n<p class=\"wp-block-paragraph\"><a href=\"https:\/\/www.presidencia.gob.do\/taxonomy\/term\/58\">DIPP<\/a><\/p>\n\n\n\n<p class=\"wp-block-paragraph\"><a href=\"https:\/\/www.presidencia.gob.do\/taxonomy\/term\/312\">Relaciones bilaterales<\/a><\/p>\n","protected":false},"excerpt":{"rendered":"<p>Ambos mandatarios destacan acuerdos en comercio, seguridad, turismo y proyectos conjuntos durante la visita oficial en el Palacio Nacional. 30 de Agosto 2026 Santo Domingo.\u2013 En el marco de la&nbsp;visita oficial&nbsp;al pa\u00eds del presidente de Honduras,&nbsp;Nasry Asfura Zablah, y durante su encuentro con el&nbsp;presidente Luis Abinader&nbsp;en el Palacio Nacional,&nbsp;ambos mandatarios&nbsp;valoraron de&nbsp;forma positiva&nbsp;los resultados de&nbsp;dos d\u00edas [&hellip;]<\/p>\n","protected":false},"author":2,"featured_media":693991,"comment_status":"open","ping_status":"closed","sticky":false,"template":"","format":"standard","meta":{"footnotes":""},"categories":[20,27],"tags":[4105,8146,3563],"class_list":["post-693990","post","type-post","status-publish","format-standard","has-post-thumbnail","hentry","category-dominicana-hoy","category-portada","tag-abinader","tag-astura","tag-honduras"],"_links":{"self":[{"href":"https:\/\/diariodominicano.com\/index.php?rest_route=\/wp\/v2\/posts\/693990","targetHints":{"allow":["GET"]}}],"collection":[{"href":"https:\/\/diariodominicano.com\/index.php?rest_route=\/wp\/v2\/posts"}],"about":[{"href":"https:\/\/diariodominicano.com\/index.php?rest_route=\/wp\/v2\/types\/post"}],"author":[{"embeddable":true,"href":"https:\/\/diariodominicano.com\/index.php?rest_route=\/wp\/v2\/users\/2"}],"replies":[{"embeddable":true,"href":"https:\/\/diariodominicano.com\/index.php?rest_route=%2Fwp%2Fv2%2Fcomments&post=693990"}],"version-history":[{"count":1,"href":"https:\/\/diariodominicano.com\/index.php?rest_route=\/wp\/v2\/posts\/693990\/revisions"}],"predecessor-version":[{"id":693992,"href":"https:\/\/diariodominicano.com\/index.php?rest_route=\/wp\/v2\/posts\/693990\/revisions\/693992"}],"wp:featuredmedia":[{"embeddable":true,"href":"https:\/\/diariodominicano.com\/index.php?rest_route=\/wp\/v2\/media\/693991"}],"wp:attachment":[{"href":"https:\/\/diariodominicano.com\/index.php?rest_route=%2Fwp%2Fv2%2Fmedia&parent=693990"}],"wp:term":[{"taxonomy":"category","embeddable":true,"href":"https:\/\/diariodominicano.com\/index.php?rest_route=%2Fwp%2Fv2%2Fcategories&post=693990"},{"taxonomy":"post_tag","embeddable":true,"href":"https:\/\/diariodominicano.com\/index.php?rest_route=%2Fwp%2Fv2%2Ftags&post=693990"}],"curies":[{"name":"wp","href":"https:\/\/api.w.org\/{rel}","templated":true}]}}