{"id":693982,"date":"2026-08-31T03:26:35","date_gmt":"2026-08-31T07:26:35","guid":{"rendered":"https:\/\/diariodominicano.com\/?p=693982"},"modified":"2026-08-31T03:29:02","modified_gmt":"2026-08-31T07:29:02","slug":"sector-externo-de-la-fuerza-del-pueblo-juramenta-estructura-provincial-en-sanchez-ramirez","status":"publish","type":"post","link":"https:\/\/diariodominicano.com\/?p=693982","title":{"rendered":"Sector Externo de la Fuerza Del Pueblo Juramenta Estructura Provincial en S\u00e1nchez Ram\u00edrez"},"content":{"rendered":"\n<p class=\"wp-block-paragraph\"><strong>F\u00e9lix V\u00e1squez afirma que la organizaci\u00f3n continuar\u00e1 ampliando su presencia territorial y fortaleciendo su estructura de cara a las pr\u00f3ximas elecciones<\/strong><\/p>\n\n\n\n<p class=\"wp-block-paragraph\"><\/p>\n\n\n\n<p class=\"wp-block-paragraph\"><strong>S\u00e1nchez Ram\u00edrez.\u2013<\/strong>&nbsp;El Sector Externo de la Fuerza del Pueblo en la provincia S\u00e1nchez Ram\u00edrez present\u00f3 y jurament\u00f3 oficialmente su estructura de coordinaci\u00f3n provincial, encabezada por el agr\u00f3nomo F\u00e9lix V\u00e1squez, como parte del proceso de organizaci\u00f3n y fortalecimiento pol\u00edtico que desarrolla esa entidad en toda la provincia.<\/p>\n\n\n\n<figure class=\"wp-block-image size-large\"><img loading=\"lazy\" decoding=\"async\" width=\"768\" height=\"1024\" src=\"https:\/\/diariodominicano.com\/wp-content\/uploads\/2026\/08\/Felix-Vasquez-2-768x1024.jpeg\" alt=\"\" class=\"wp-image-693984\" srcset=\"https:\/\/diariodominicano.com\/wp-content\/uploads\/2026\/08\/Felix-Vasquez-2-768x1024.jpeg 768w, https:\/\/diariodominicano.com\/wp-content\/uploads\/2026\/08\/Felix-Vasquez-2-225x300.jpeg 225w, https:\/\/diariodominicano.com\/wp-content\/uploads\/2026\/08\/Felix-Vasquez-2-1152x1536.jpeg 1152w, https:\/\/diariodominicano.com\/wp-content\/uploads\/2026\/08\/Felix-Vasquez-2-816x1088.jpeg 816w, https:\/\/diariodominicano.com\/wp-content\/uploads\/2026\/08\/Felix-Vasquez-2.jpeg 1200w\" sizes=\"auto, (max-width: 768px) 100vw, 768px\" \/><\/figure>\n\n\n\n<p class=\"wp-block-paragraph\">La nueva estructura est\u00e1 integrada por hombres y mujeres provenientes de diferentes sectores sociales y productivos, quienes tendr\u00e1n la responsabilidad de trabajar de manera articulada con m\u00e1s de 200 coordinadores distribuidos en los municipios y distritos municipales de S\u00e1nchez Ram\u00edrez.<\/p>\n\n\n\n<figure class=\"wp-block-image size-large\"><img loading=\"lazy\" decoding=\"async\" width=\"768\" height=\"1024\" src=\"https:\/\/diariodominicano.com\/wp-content\/uploads\/2026\/08\/Felix-vasquez-3-768x1024.jpeg\" alt=\"\" class=\"wp-image-693985\" srcset=\"https:\/\/diariodominicano.com\/wp-content\/uploads\/2026\/08\/Felix-vasquez-3-768x1024.jpeg 768w, https:\/\/diariodominicano.com\/wp-content\/uploads\/2026\/08\/Felix-vasquez-3-225x300.jpeg 225w, https:\/\/diariodominicano.com\/wp-content\/uploads\/2026\/08\/Felix-vasquez-3-1152x1536.jpeg 1152w, https:\/\/diariodominicano.com\/wp-content\/uploads\/2026\/08\/Felix-vasquez-3-816x1088.jpeg 816w, https:\/\/diariodominicano.com\/wp-content\/uploads\/2026\/08\/Felix-vasquez-3.jpeg 1200w\" sizes=\"auto, (max-width: 768px) 100vw, 768px\" \/><\/figure>\n\n\n\n<p class=\"wp-block-paragraph\">Durante el acto, V\u00e1squez explic\u00f3 que la organizaci\u00f3n continuar\u00e1 concentrando sus esfuerzos en ampliar su presencia territorial, incorporar nuevos ciudadanos, fortalecer las estructuras existentes y respaldar las candidaturas de la Fuerza del Pueblo en los diferentes niveles de elecci\u00f3n.<\/p>\n\n\n\n<p class=\"wp-block-paragraph\">\u00abEstamos trabajando para sumar las voluntades y los votos necesarios para que la Fuerza del Pueblo alcance la victoria en las pr\u00f3ximas elecciones y llevemos nuevamente al doctor Leonel Fern\u00e1ndez al Palacio Nacional como presidente de la Rep\u00fablica\u00bb, expres\u00f3.<\/p>\n\n\n\n<p class=\"wp-block-paragraph\">El dirigente pol\u00edtico manifest\u00f3 que el Sector Externo mantiene sus puertas abiertas a ciudadanos independientes y personas de buena voluntad que deseen integrarse y aportar sus capacidades al proyecto pol\u00edtico.<\/p>\n\n\n\n<p class=\"wp-block-paragraph\">Se\u00f1al\u00f3 que el prop\u00f3sito de la organizaci\u00f3n trasciende la competencia electoral y procura contribuir a crear mejores condiciones de progreso, desarrollo y oportunidades para los habitantes de S\u00e1nchez Ram\u00edrez.<\/p>\n\n\n\n<p class=\"wp-block-paragraph\">\u00abEste proyecto no se construye \u00fanicamente para ganar unas elecciones; se construye para transformar la esperanza de nuestra gente en oportunidades y la confianza del pueblo en resultados\u00bb, sostuvo V\u00e1squez.<\/p>\n\n\n\n<p class=\"wp-block-paragraph\">Durante la actividad tambi\u00e9n fue presentado formalmente el equipo dirigencial, con sus respectivos cargos y demarcaciones territoriales, cuya lectura estuvo a cargo del doctor Esteban Tiburcio.&#8211;<\/p>\n\n\n\n<p class=\"wp-block-paragraph\"><strong><u>Lic. Miguel Montilla Pe\u00f1a<\/u><\/strong><\/p>\n","protected":false},"excerpt":{"rendered":"<p>F\u00e9lix V\u00e1squez afirma que la organizaci\u00f3n continuar\u00e1 ampliando su presencia territorial y fortaleciendo su estructura de cara a las pr\u00f3ximas elecciones S\u00e1nchez Ram\u00edrez.\u2013&nbsp;El Sector Externo de la Fuerza del Pueblo en la provincia S\u00e1nchez Ram\u00edrez present\u00f3 y jurament\u00f3 oficialmente su estructura de coordinaci\u00f3n provincial, encabezada por el agr\u00f3nomo F\u00e9lix V\u00e1squez, como parte del proceso de [&hellip;]<\/p>\n","protected":false},"author":2,"featured_media":693983,"comment_status":"open","ping_status":"closed","sticky":false,"template":"","format":"standard","meta":{"footnotes":""},"categories":[22,27],"tags":[8145,5502],"class_list":["post-693982","post","type-post","status-publish","format-standard","has-post-thumbnail","hentry","category-politica","category-portada","tag-felix-vasquez","tag-fp"],"_links":{"self":[{"href":"https:\/\/diariodominicano.com\/index.php?rest_route=\/wp\/v2\/posts\/693982","targetHints":{"allow":["GET"]}}],"collection":[{"href":"https:\/\/diariodominicano.com\/index.php?rest_route=\/wp\/v2\/posts"}],"about":[{"href":"https:\/\/diariodominicano.com\/index.php?rest_route=\/wp\/v2\/types\/post"}],"author":[{"embeddable":true,"href":"https:\/\/diariodominicano.com\/index.php?rest_route=\/wp\/v2\/users\/2"}],"replies":[{"embeddable":true,"href":"https:\/\/diariodominicano.com\/index.php?rest_route=%2Fwp%2Fv2%2Fcomments&post=693982"}],"version-history":[{"count":4,"href":"https:\/\/diariodominicano.com\/index.php?rest_route=\/wp\/v2\/posts\/693982\/revisions"}],"predecessor-version":[{"id":693989,"href":"https:\/\/diariodominicano.com\/index.php?rest_route=\/wp\/v2\/posts\/693982\/revisions\/693989"}],"wp:featuredmedia":[{"embeddable":true,"href":"https:\/\/diariodominicano.com\/index.php?rest_route=\/wp\/v2\/media\/693983"}],"wp:attachment":[{"href":"https:\/\/diariodominicano.com\/index.php?rest_route=%2Fwp%2Fv2%2Fmedia&parent=693982"}],"wp:term":[{"taxonomy":"category","embeddable":true,"href":"https:\/\/diariodominicano.com\/index.php?rest_route=%2Fwp%2Fv2%2Fcategories&post=693982"},{"taxonomy":"post_tag","embeddable":true,"href":"https:\/\/diariodominicano.com\/index.php?rest_route=%2Fwp%2Fv2%2Ftags&post=693982"}],"curies":[{"name":"wp","href":"https:\/\/api.w.org\/{rel}","templated":true}]}}