{"id":693964,"date":"2026-08-31T02:53:55","date_gmt":"2026-08-31T06:53:55","guid":{"rendered":"https:\/\/diariodominicano.com\/?p=693964"},"modified":"2026-08-31T02:54:06","modified_gmt":"2026-08-31T06:54:06","slug":"relacion-comercial-con-eeuu-representa-el-reto-mas-grande-del-siglo-para-mexico-dice-ministro-de-economia","status":"publish","type":"post","link":"https:\/\/diariodominicano.com\/?p=693964","title":{"rendered":"Relaci\u00f3n comercial con EEUU representa el reto m\u00e1s grande del siglo para M\u00e9xico, dice ministro de Econom\u00eda"},"content":{"rendered":"\n<p class=\"wp-block-paragraph\"><em>spanish.news.cn<\/em>|<em>&nbsp;2026-08-31 05:54:00<\/em>|<\/p>\n\n\n\n<p class=\"wp-block-paragraph\">M\u00c9XICO, 30 ago (Xinhua) &#8212; La nueva relaci\u00f3n comercial de M\u00e9xico con Estados Unidos representa \u00abel reto m\u00e1s grande\u00bb que el pa\u00eds latinoamericano ha tenido en lo que va del siglo, consider\u00f3 hoy domingo el secretario (ministro) de Econom\u00eda mexicano, Marcelo Ebrard.<\/p>\n\n\n\n<p class=\"wp-block-paragraph\">\u00abNunca hab\u00edamos tenido un reto de esa magnitud, de esa complejidad con Estados Unidos\u00bb, explic\u00f3 el funcionario mexicano, al participar en la plenaria del partido gobernante Movimiento Regeneraci\u00f3n Nacional (Morena) en la C\u00e1mara de Diputados.<\/p>\n\n\n\n<p class=\"wp-block-paragraph\">Ebrard record\u00f3 que en la actualidad, la econom\u00eda mundial enfrenta un gran cambio, al pasar de un sistema basado en el libre comercio, a uno organizado sobre la base de los principios proteccionistas para regresar parte de la manufactura a Estados Unidos.<\/p>\n\n\n\n<p class=\"wp-block-paragraph\">El nuevo sistema ahora establece el principio de que lo m\u00e1s relevante es d\u00f3nde se produce algo, cuando anteriormente lo importante era calidad y precio, pero sobre todo el precio.<\/p>\n\n\n\n<p class=\"wp-block-paragraph\">En este contexto, el objetivo estrat\u00e9gico de M\u00e9xico ha sido tener el acceso al mercado de Estados Unidos y tener el menor arancel efectivo del mundo, en contraste con otras naciones.<\/p>\n\n\n\n<p class=\"wp-block-paragraph\">El ministro explic\u00f3 que entre 2025 y 2026 se produjo un fuerte salto de las exportaciones mexicanas de equipos electr\u00f3nicos, c\u00f3mputo y productos relacionados con el auge de la inteligencia artificial en Estados Unidos.<\/p>\n\n\n\n<p class=\"wp-block-paragraph\">Para el presente a\u00f1o, el Gobierno de M\u00e9xico estima una expansi\u00f3n econ\u00f3mica de entre 1,8 y 2,8 por ciento.<\/p>\n\n\n\n<p class=\"wp-block-paragraph\">La econom\u00eda de M\u00e9xico, la segunda mayor de Am\u00e9rica Latina despu\u00e9s de Brasil, se expandi\u00f3 0,5 por ciento en 2025, apoyada sobre todo por el sector servicios ante la debilidad de la actividad industrial vinculada a Estados Unidos.<\/p>\n\n\n\n<p class=\"wp-block-paragraph\"><a href=\"https:\/\/www.facebook.com\/sharer\/sharer.php?u=https:\/\/spanish.xinhuanet.com\/20260831\/a8157edf84224964987b0ab75107f935\/c.html\" target=\"_blank\" rel=\"noreferrer noopener\"><\/a>&nbsp;<a href=\"https:\/\/twitter.com\/intent\/tweet?text=Relaci%C3%B3n%20comercial%20con%20EEUU%20representa%20el%20reto%20m%C3%A1s%20grande%20del%20siglo%20para%20M%C3%A9xico,%20dice%20ministro%20de%20Econom%C3%ADa&amp;url=https:\/\/spanish.xinhuanet.com\/20260831\/a8157edf84224964987b0ab75107f935\/c.html\" target=\"_blank\" rel=\"noreferrer noopener\"><\/a>&nbsp;<a target=\"_blank\" href=\"https:\/\/service.weibo.com\/share\/share.php?title=Relaci%C3%B3n%20comercial%20con%20EEUU%20representa%20el%20reto%20m%C3%A1s%20grande%20del%20siglo%20para%20M%C3%A9xico,%20dice%20ministro%20de%20Econom%C3%ADa&amp;url=https:\/\/spanish.xinhuanet.com\/20260831\/a8157edf84224964987b0ab75107f935\/c.html\" rel=\"noreferrer noopener\"><\/a>&nbsp;<a><\/a><\/p>\n\n\n\n<figure class=\"wp-block-image\"><img decoding=\"async\" src=\"https:\/\/imgs.news.cn\/res\/xhwimg\/spanish\/20170522\/img\/jc-xfa.png\" alt=\"\"\/><\/figure>\n","protected":false},"excerpt":{"rendered":"<p>spanish.news.cn|&nbsp;2026-08-31 05:54:00| M\u00c9XICO, 30 ago (Xinhua) &#8212; La nueva relaci\u00f3n comercial de M\u00e9xico con Estados Unidos representa \u00abel reto m\u00e1s grande\u00bb que el pa\u00eds latinoamericano ha tenido en lo que va del siglo, consider\u00f3 hoy domingo el secretario (ministro) de Econom\u00eda mexicano, Marcelo Ebrard. \u00abNunca hab\u00edamos tenido un reto de esa magnitud, de esa complejidad [&hellip;]<\/p>\n","protected":false},"author":2,"featured_media":326415,"comment_status":"open","ping_status":"closed","sticky":false,"template":"","format":"standard","meta":{"footnotes":""},"categories":[23,27],"tags":[8141,4246],"class_list":["post-693964","post","type-post","status-publish","format-standard","has-post-thumbnail","hentry","category-internacional","category-portada","tag-marcelo-ebrard","tag-mexico-3"],"_links":{"self":[{"href":"https:\/\/diariodominicano.com\/index.php?rest_route=\/wp\/v2\/posts\/693964","targetHints":{"allow":["GET"]}}],"collection":[{"href":"https:\/\/diariodominicano.com\/index.php?rest_route=\/wp\/v2\/posts"}],"about":[{"href":"https:\/\/diariodominicano.com\/index.php?rest_route=\/wp\/v2\/types\/post"}],"author":[{"embeddable":true,"href":"https:\/\/diariodominicano.com\/index.php?rest_route=\/wp\/v2\/users\/2"}],"replies":[{"embeddable":true,"href":"https:\/\/diariodominicano.com\/index.php?rest_route=%2Fwp%2Fv2%2Fcomments&post=693964"}],"version-history":[{"count":1,"href":"https:\/\/diariodominicano.com\/index.php?rest_route=\/wp\/v2\/posts\/693964\/revisions"}],"predecessor-version":[{"id":693965,"href":"https:\/\/diariodominicano.com\/index.php?rest_route=\/wp\/v2\/posts\/693964\/revisions\/693965"}],"wp:featuredmedia":[{"embeddable":true,"href":"https:\/\/diariodominicano.com\/index.php?rest_route=\/wp\/v2\/media\/326415"}],"wp:attachment":[{"href":"https:\/\/diariodominicano.com\/index.php?rest_route=%2Fwp%2Fv2%2Fmedia&parent=693964"}],"wp:term":[{"taxonomy":"category","embeddable":true,"href":"https:\/\/diariodominicano.com\/index.php?rest_route=%2Fwp%2Fv2%2Fcategories&post=693964"},{"taxonomy":"post_tag","embeddable":true,"href":"https:\/\/diariodominicano.com\/index.php?rest_route=%2Fwp%2Fv2%2Ftags&post=693964"}],"curies":[{"name":"wp","href":"https:\/\/api.w.org\/{rel}","templated":true}]}}