{"id":693962,"date":"2026-08-31T02:50:47","date_gmt":"2026-08-31T06:50:47","guid":{"rendered":"https:\/\/diariodominicano.com\/?p=693962"},"modified":"2026-08-31T02:50:53","modified_gmt":"2026-08-31T06:50:53","slug":"eeuu-ataca-lanzadores-iranies-en-isla-de-larak-en-primer-ataque-registrado-desde-fines-de-julio","status":"publish","type":"post","link":"https:\/\/diariodominicano.com\/?p=693962","title":{"rendered":"EEUU ataca lanzadores iran\u00edes en isla de Larak en primer ataque registrado desde fines de julio"},"content":{"rendered":"\n<p class=\"wp-block-paragraph\"><em>spanish.news.cn<\/em>|<em>&nbsp;2026-08-31 07:36:00<\/em>|<\/p>\n\n\n\n<p class=\"wp-block-paragraph\">WASHINGTON, 30 ago (Xinhua) &#8212; Las fuerzas de Estados Unidos atacaron dos lanzadores iran\u00edes en la isla de Larak, afirm\u00f3 el portavoz del Comando Central de Estados Unidos, Tim Hawkins, lo que representa el primer ataque de Estados Unidos contra Ir\u00e1n registrado desde finales de julio.<\/p>\n\n\n\n<p class=\"wp-block-paragraph\">\u00abLas fuerzas del Cuerpo de los Guardianes de la Revoluci\u00f3n Isl\u00e1mica (CGRI) fueron observadas mientras se preparaban para lanzar misiles junto con minas marinas hacia el estrecho de Ormuz\u00bb, se\u00f1al\u00f3 Hawkins en un comunicado y agreg\u00f3 que el Ej\u00e9rcito de Estados Unidos est\u00e1 \u00abmonitoreando el \u00e1rea de cerca y permanece preparado para proteger la libre circulaci\u00f3n del comercio\u00bb a trav\u00e9s de la v\u00eda navegable estrat\u00e9gica.<\/p>\n\n\n\n<p class=\"wp-block-paragraph\">La isla de Larak es una peque\u00f1a isla de Ir\u00e1n ubicada frente a la costa de Bandar Abb\u00e1s, al este de la isla Qeshm y al sur de la isla Ormuz.<\/p>\n\n\n\n<p class=\"wp-block-paragraph\">El CGRI de Ir\u00e1n coment\u00f3 que m\u00faltiples miembros del Ej\u00e9rcito y civiles perdieron la vida o resultaron heridos la noche de hoy domingo durante el ataque contra la isla de Larak.<\/p>\n\n\n\n<p class=\"wp-block-paragraph\">En un comunicado emitido en el medio oficial del CGRI, Sepah News, el CGRI prometi\u00f3 que se responder\u00e1 al ataque \u00abcon un castigo para el agresor\u00bb.<\/p>\n\n\n\n<p class=\"wp-block-paragraph\"><a href=\"https:\/\/www.facebook.com\/sharer\/sharer.php?u=https:\/\/spanish.xinhuanet.com\/20260831\/1b79998ef30349e8aba7336b55588e08\/c.html\" target=\"_blank\" rel=\"noreferrer noopener\"><\/a>&nbsp;<a href=\"https:\/\/twitter.com\/intent\/tweet?text=EEUU%20ataca%20lanzadores%20iran%C3%ADes%20en%20isla%20de%20Larak%20en%20primer%20ataque%20registrado%20desde%20fines%20de%20julio&amp;url=https:\/\/spanish.xinhuanet.com\/20260831\/1b79998ef30349e8aba7336b55588e08\/c.html\" target=\"_blank\" rel=\"noreferrer noopener\"><\/a>&nbsp;<a target=\"_blank\" href=\"https:\/\/service.weibo.com\/share\/share.php?title=EEUU%20ataca%20lanzadores%20iran%C3%ADes%20en%20isla%20de%20Larak%20en%20primer%20ataque%20registrado%20desde%20fines%20de%20julio&amp;url=https:\/\/spanish.xinhuanet.com\/20260831\/1b79998ef30349e8aba7336b55588e08\/c.html\" rel=\"noreferrer noopener\"><\/a>&nbsp;<a><\/a><\/p>\n\n\n\n<figure class=\"wp-block-image\"><img decoding=\"async\" src=\"https:\/\/imgs.news.cn\/res\/xhwimg\/spanish\/20170522\/img\/jc-xfa.png\" alt=\"\"\/><\/figure>\n","protected":false},"excerpt":{"rendered":"<p>spanish.news.cn|&nbsp;2026-08-31 07:36:00| WASHINGTON, 30 ago (Xinhua) &#8212; Las fuerzas de Estados Unidos atacaron dos lanzadores iran\u00edes en la isla de Larak, afirm\u00f3 el portavoz del Comando Central de Estados Unidos, Tim Hawkins, lo que representa el primer ataque de Estados Unidos contra Ir\u00e1n registrado desde finales de julio. \u00abLas fuerzas del Cuerpo de los Guardianes [&hellip;]<\/p>\n","protected":false},"author":2,"featured_media":0,"comment_status":"closed","ping_status":"closed","sticky":false,"template":"","format":"standard","meta":{"footnotes":""},"categories":[23],"tags":[3955,8140],"class_list":["post-693962","post","type-post","status-publish","format-standard","hentry","category-internacional","tag-eeuu","tag-iiran"],"_links":{"self":[{"href":"https:\/\/diariodominicano.com\/index.php?rest_route=\/wp\/v2\/posts\/693962","targetHints":{"allow":["GET"]}}],"collection":[{"href":"https:\/\/diariodominicano.com\/index.php?rest_route=\/wp\/v2\/posts"}],"about":[{"href":"https:\/\/diariodominicano.com\/index.php?rest_route=\/wp\/v2\/types\/post"}],"author":[{"embeddable":true,"href":"https:\/\/diariodominicano.com\/index.php?rest_route=\/wp\/v2\/users\/2"}],"replies":[{"embeddable":true,"href":"https:\/\/diariodominicano.com\/index.php?rest_route=%2Fwp%2Fv2%2Fcomments&post=693962"}],"version-history":[{"count":1,"href":"https:\/\/diariodominicano.com\/index.php?rest_route=\/wp\/v2\/posts\/693962\/revisions"}],"predecessor-version":[{"id":693963,"href":"https:\/\/diariodominicano.com\/index.php?rest_route=\/wp\/v2\/posts\/693962\/revisions\/693963"}],"wp:attachment":[{"href":"https:\/\/diariodominicano.com\/index.php?rest_route=%2Fwp%2Fv2%2Fmedia&parent=693962"}],"wp:term":[{"taxonomy":"category","embeddable":true,"href":"https:\/\/diariodominicano.com\/index.php?rest_route=%2Fwp%2Fv2%2Fcategories&post=693962"},{"taxonomy":"post_tag","embeddable":true,"href":"https:\/\/diariodominicano.com\/index.php?rest_route=%2Fwp%2Fv2%2Ftags&post=693962"}],"curies":[{"name":"wp","href":"https:\/\/api.w.org\/{rel}","templated":true}]}}