{"id":693952,"date":"2026-08-31T02:35:08","date_gmt":"2026-08-31T06:35:08","guid":{"rendered":"https:\/\/diariodominicano.com\/?p=693952"},"modified":"2026-08-31T02:35:29","modified_gmt":"2026-08-31T06:35:29","slug":"muerte-politica-e-inocencia-carcelaria","status":"publish","type":"post","link":"https:\/\/diariodominicano.com\/?p=693952","title":{"rendered":"Muerte pol\u00edtica e inocencia carcelaria"},"content":{"rendered":"\n<p class=\"wp-block-paragraph\"><em>(Exposici\u00f3n de este s\u00e1bado 29-8-2026 en el Segundo Festival Literario y Cultural de Cayoletras al Mar, dedicado a Negro Suero, que conmovi\u00f3 a familiares, entre ellos a su nieto, el gremialista m\u00e9dico Waldo Ariel Suero; poetas de izquierda y dederecha del pa\u00eds y el extranjero, y a Wilson G\u00f3mez Ram\u00edrez, ex juez del Tribunal Constitucional y presidente del Instituto Duartiano).<\/em><\/p>\n\n\n\n<p class=\"wp-block-paragraph\">Oscar L\u00f3pez Reyes<\/p>\n\n\n\n<p class=\"wp-block-paragraph\">BARAHONA.- Angel Augusto Suero Ram\u00edrez (Negro Suero) farola en la municipalidad de Barahona en un largometraje multifac\u00e9tico y que, en la aureola de sus resonantes \u00e9xitos como empresario agr\u00edcola, autoridad edilicia, promotor cultural, funcionario p\u00fablico, escritor y dirigente balaguerista\/reformista, guard\u00f3 prisi\u00f3n imputado de un asesinato, por una confrontaci\u00f3n pol\u00edtica que ensombreci\u00f3 su peregrinaje existencial.<\/p>\n\n\n\n<p class=\"wp-block-paragraph\">Naci\u00f3 el 10 de mayo de 1908 y contrajo matrimonio con Juana Lucila M\u00e9ndez y M\u00e9ndez, con quien engendr\u00f3 diez hijos: Waldo Ariel (abogado), Angel Augusto (abogado), Willy Eleazar (m\u00e9dico ortopeda), Wanda Amalia (abogada), Luisa Altagracia (farmac\u00e9utica), Walter Somer (odont\u00f3logo), Wilhelmina o Willita (abogada), Helga Solygeng (ingeniera), Carmen Esdra (odont\u00f3loga) y Alda Altagracia, fallecida a destiempo.<\/p>\n\n\n\n<p class=\"wp-block-paragraph\">Propietario del m\u00e1s pueblerino de los teatros de aqu\u00ed, el Bahoruco, se destac\u00f3 en el Partido Dominicano de Trujillo, y figura como miembro fundador en 1963 del Partido Acci\u00f3n Social de Joaqu\u00edn Balaguer, rebautizado luego como Partido Reformista y hoy timbrado como Partido Reformista Social Cristiano (PRSC). Perteneci\u00f3 a numerosas entidades culturales y public\u00f3 14 libros de cuentos y novelas.<\/p>\n\n\n\n<p class=\"wp-block-paragraph\">Falleci\u00f3 el 2 de enero de 1997, y por promover los valores hist\u00f3ricos y culturales de la regi\u00f3n, el 19 de junio de 2008 la sala capitular del Ayuntamiento municipal design\u00f3 con su nombre una calle de la ciudad.<\/p>\n\n\n\n<p class=\"wp-block-paragraph\">Confrontaci\u00f3n pol\u00edtica y c\u00e1rcel<\/p>\n\n\n\n<p class=\"wp-block-paragraph\">Negro Suero se estrell\u00f3, abruptamente, contra las olas de la adversidad. Su confrontaci\u00f3n pol\u00edtica con un poderoso sector del Partido Reformista, con asiento en el Palacio Nacional, y su alegada amenaza de muerte a su m\u00e1s cercano rival lo sacudieron emocionalmente, apaciguando su dinamismo y empa\u00f1ando su imagen.&nbsp;Le arrop\u00f3 el desconcierto y a la nave le extrajo el piloto autom\u00e1tico, para derrotar las escenificaciones pol\u00edticas masivas. El recorrido hacia el santuario se volvi\u00f3 un viacrucis, con llantos perturbadores, por la sangre y el dolor.<\/p>\n\n\n\n<p class=\"wp-block-paragraph\">El espasmo. El s\u00e1bado 6 de abril de 1968 cay\u00f3 abatido de un tiro, en las inmediaciones del parque infantil del Malec\u00f3n, Carlos Julio Gonz\u00e1lez Lebreault, quien fuera integrante del Partido Dominicano de Trujillo y s\u00edndico municipal en esa \u00e9poca; miembro fundador del Partido Reformista, ayudante civil del presidente Balaguer y casado con Clidia D\u00edaz Santana, hermana de Polibio D\u00edaz, entonces consultor jur\u00eddico del presidente Joaqu\u00edn Balaguer.<\/p>\n\n\n\n<p class=\"wp-block-paragraph\">\u00bfY qu\u00e9 pas\u00f3\u2026?<\/p>\n\n\n\n<p class=\"wp-block-paragraph\">La Polic\u00eda Nacional arrest\u00f3 y acus\u00f3 del homicidio a Negro Suero, a su chofer Osiris Pe\u00f1a y a sus colaboradores F\u00e9lix F\u00e9liz, Lila Antonio L\u00f3pez y Manuel Ortiz Merette. Por razones de seguridad, el primero fue recluido en el penal de La Victoria, en Santo Domingo, en el que dur\u00f3 seis meses, y los otros imputados hicieron un periplo por prisiones de la capital, La Vega, Moca y Santiago.<\/p>\n\n\n\n<p class=\"wp-block-paragraph\">Judicialmente, \u00bfqu\u00e9 ocurri\u00f3?<\/p>\n\n\n\n<p class=\"wp-block-paragraph\">El proceso fue ventilado en Santiago y se interpusieron dos recursos de casaci\u00f3n: uno el 9 de diciembre de 1969 y otro el 5 de junio de 1973. Negro Suero apoder\u00f3 como abogados a H\u00e9ctor S\u00e1nchez Morcelo, a V\u00edctor Manuel Amengual, a Juan Luper\u00f3n V\u00e1squez y Ernesto Ravelo Garc\u00eda; sus guardaespaldas fueron representados por Quintino Ram\u00edrez, en tanto que por la parte demandante actu\u00f3 Ram\u00f3n Pina Acevedo y Mart\u00ednez.<\/p>\n\n\n\n<p class=\"wp-block-paragraph\">La C\u00e1mara de Calificaci\u00f3n del Distrito Judicial de Santiago dict\u00f3 sentencia de descargo, sin que el expediente llegara a juicio de fondo. Se tiene el informe de que Negro Suero dej\u00f3 un libro manuscrito en torno a esta imputaci\u00f3n, que atribuye a razones pol\u00edticas, pero este \u201cno ha podido ser localizado\u201d.<\/p>\n\n\n\n<p class=\"wp-block-paragraph\">De barbaridades pol\u00edticas<\/p>\n\n\n\n<p class=\"wp-block-paragraph\">Ahora un antiguo activista del Frente Estudiantil Flavio Suero (Feflas) hace un relato impactante, que desclasifica extraoficialmente un archivo secreto adornado de mentiras. La pol\u00edtica, \u00a1cu\u00e1ntas falacias!<\/p>\n\n\n\n<p class=\"wp-block-paragraph\">Jos\u00e9 (Santo) Alc\u00e1ntara, entonces militante del Movimiento Popular Dominicano (MPD) en Barahona, explica que \u201cen el partido del presidente Joaqu\u00edn Balaguer en esta ciudad hab\u00eda muchas contradicciones, que se manifestaban a trav\u00e9s de insultos, empujones y amenazas de muerte, entre otros tipos de intimidaci\u00f3n\u2026afloraban inmediatamente los malestares y objeciones entre unos y otros\u201d.<\/p>\n\n\n\n<p class=\"wp-block-paragraph\">\u201cPara tratar de resolver los conflictos internos dentro de esa entidad pol\u00edtica, algunos de los grupos existentes se repartieron los puestos de direcci\u00f3n, empleos y la conducci\u00f3n del Partido Reformista. Es as\u00ed como llega el rumor a Barahona de que supuestamente el presidente Balaguer hab\u00eda enviado a la ciudad un telegrama dando la informaci\u00f3n de que el sector Carlos Julio Gonz\u00e1lez pasar\u00eda a ser el pr\u00f3ximo dirigente de la agrupaci\u00f3n, por las arbitrariedades cometidas por su directorio. Eso molest\u00f3 bastante al presidente del partido, C\u00e9sar Augusto Suero (Negro), quien amenaz\u00f3 de muerte al se\u00f1or Gonz\u00e1lez\u201d, expuso.<\/p>\n\n\n\n<p class=\"wp-block-paragraph\">Se intensifica la batahola. \u201cPor el apoyo militar de Negro Suero actuaba con total impunidad\u201d, a\u00f1ade Alc\u00e1ntara. \u201cEl MPD lo calific\u00f3 como objetivo militar, pero nunca pudieron ubicarlo fuera de su entorno debido a que siempre andaba protegido por varios ex miembros del instituto castrense, encabezados por el ex suboficial F\u00e9lix Feliz, entre otros. No pudiendo ajusticiar a Negro Suero y en vista de las diferentes conspiraciones que se gestaban desde diferentes estamentos militares y de la izquierda revolucionaria para derrocar a Balaguer, conociendo los problemas del reformismo en Barahona, el partido Marxista Leninista se propuso agudizar esas contradicciones\u201d.<\/p>\n\n\n\n<p class=\"wp-block-paragraph\">Atrapado en esa penumbra, advino la tenebrosidad, que se atraviesa como una afrenta a las leyes, a la dignidad humana y a los principios revolucionarios: \u201cla direcci\u00f3n regional Sur del MPD decide dar de baja al Dr. Carlos Julio Gonz\u00e1lez. Para esa organizaci\u00f3n, su objetivo era matar tres p\u00e1jaros de un tiro: pegarle esa muerte a Negro Suero y sacarlo de circulaci\u00f3n; denunciar el sicariato de los exmiembros del Ej\u00e9rcito y agudizar las contradicciones entre los militares y los reformistas para que se agilizara el golpe de Estado revolucionario\u201d.<\/p>\n\n\n\n<p class=\"wp-block-paragraph\">Aniquilado f\u00edsicamente el cu\u00f1ado del consultor jur\u00eddico del Poder Ejecutivo, Polibio D\u00edaz, la maquinaria represiva entr\u00f3 en acci\u00f3n, a trav\u00e9s del jefe de la Polic\u00eda, coronel Rafael Guillermo Guzm\u00e1n Acosta y el comandante de Barahona, coronel Valent\u00edn Despradel Brache. Se pusieron a la orden del d\u00eda los apresamientos y las torturas m\u00e1s crueles, hasta que los imputados \u2013allegados a Negro Suero- admitieron culpabilidad en el asesinato e involucraron al principal dirigente reformista local.<\/p>\n\n\n\n<p class=\"wp-block-paragraph\">Una fuente de confianza del MPD aclar\u00f3 -el viernes 28 de agosto de 2026- a quien escribe que el homicidio fue cometido, inconsultamente, por un militar de esa organizaci\u00f3n, que fue sancionado con su expulsi\u00f3n y que posteriormente abandon\u00f3 la Rep\u00fablica Dominicana. Este reside en el exterior.<\/p>\n\n\n\n<p class=\"wp-block-paragraph\">Si se aplica una encuesta a pobladores de Barahona de las d\u00e9cadas de 1960, 1970 y 1980 sobre la autor\u00eda de la muerte de Carlos Julio Gonz\u00e1lez, casi a unanimidad se apunta hacia Negro Suero. Hasta a\u00f1os recientes, yo me inscrib\u00eda en esa lista.<\/p>\n\n\n\n<p class=\"wp-block-paragraph\">A principios de 1980, Antonio M\u00e9ndez, el fil\u00e1ntropo y comunitario m\u00e1s conspicuo de la historia de Barahona, y la abogada Wilita Suero, otra respetada miembro de esta localidad, en privado y bajo la condici\u00f3n del anonimato me relacionaron el hecho con la izquierda, y guard\u00e9 los datos para seguir urgando, porque son dos personas altamente cre\u00edbles, pero sobresal\u00eda que el primero era cu\u00f1ado y la segunda hija de Negro Suero.<\/p>\n\n\n\n<p class=\"wp-block-paragraph\">El intachable y puro de Antonio M\u00e9ndez falleci\u00f3 el 17 de octubre de 2002, y Wilita \u2013que vive menguada severamente en su salud- no pudieron entregarme el libro in\u00e9dito de Negro Suero, \u201cHistoria de una Falsa Trama\u201d, ni la sentencia de descargo, presumo que por la oposici\u00f3n de una parte de la familia para supuestamente no reabrir heridas. \u00bfAparecer\u00e1n esas piezas de valor hist\u00f3rico? Aguardo por los dos.<\/p>\n\n\n\n<p class=\"wp-block-paragraph\">\u2026\u2026\u2026\u2026\u2026\u2026\u2026\u2026\u2026\u2026\u2026\u2026\u2026\u2026\u2026<\/p>\n\n\n\n<p class=\"wp-block-paragraph\">El autor: Investigador de Barahona, con 6 libros publicados y 4 in\u00e9ditos sobre la provincia.<\/p>\n\n\n\n<p class=\"wp-block-paragraph\">\u2026\u2026\u2026\u2026\u2026\u2026\u2026\u2026\u2026\u2026\u2026\u2026<\/p>\n\n\n\n<p class=\"wp-block-paragraph\">30 de agosto de 2026.&nbsp;&nbsp;<\/p>\n\n\n\n<p class=\"wp-block-paragraph\">Cordialmente,<\/p>\n\n\n\n<p class=\"wp-block-paragraph\">Oscar L\u00f3pez Reyes<br>Periodista-mercad\u00f3logo, escritor y art\u00edculista de El Nacional,<br>Ex Presidente del Colegio Dominicano de Periodistas<br>Email:\u00a0<a href=\"mailto:oscarlr1952@gmai.com\" target=\"_blank\" rel=\"noreferrer noopener\">oscarlr1952@gmai.com<\/a><\/p>\n","protected":false},"excerpt":{"rendered":"<p>(Exposici\u00f3n de este s\u00e1bado 29-8-2026 en el Segundo Festival Literario y Cultural de Cayoletras al Mar, dedicado a Negro Suero, que conmovi\u00f3 a familiares, entre ellos a su nieto, el gremialista m\u00e9dico Waldo Ariel Suero; poetas de izquierda y dederecha del pa\u00eds y el extranjero, y a Wilson G\u00f3mez Ram\u00edrez, ex juez del Tribunal Constitucional [&hellip;]<\/p>\n","protected":false},"author":2,"featured_media":502523,"comment_status":"open","ping_status":"closed","sticky":false,"template":"","format":"standard","meta":{"footnotes":""},"categories":[19,16,27],"tags":[8135,8136],"class_list":["post-693952","post","type-post","status-publish","format-standard","has-post-thumbnail","hentry","category-mi-voz","category-opiniones","category-portada","tag-muerte-politica","tag-oscar-lopez"],"_links":{"self":[{"href":"https:\/\/diariodominicano.com\/index.php?rest_route=\/wp\/v2\/posts\/693952","targetHints":{"allow":["GET"]}}],"collection":[{"href":"https:\/\/diariodominicano.com\/index.php?rest_route=\/wp\/v2\/posts"}],"about":[{"href":"https:\/\/diariodominicano.com\/index.php?rest_route=\/wp\/v2\/types\/post"}],"author":[{"embeddable":true,"href":"https:\/\/diariodominicano.com\/index.php?rest_route=\/wp\/v2\/users\/2"}],"replies":[{"embeddable":true,"href":"https:\/\/diariodominicano.com\/index.php?rest_route=%2Fwp%2Fv2%2Fcomments&post=693952"}],"version-history":[{"count":1,"href":"https:\/\/diariodominicano.com\/index.php?rest_route=\/wp\/v2\/posts\/693952\/revisions"}],"predecessor-version":[{"id":693953,"href":"https:\/\/diariodominicano.com\/index.php?rest_route=\/wp\/v2\/posts\/693952\/revisions\/693953"}],"wp:featuredmedia":[{"embeddable":true,"href":"https:\/\/diariodominicano.com\/index.php?rest_route=\/wp\/v2\/media\/502523"}],"wp:attachment":[{"href":"https:\/\/diariodominicano.com\/index.php?rest_route=%2Fwp%2Fv2%2Fmedia&parent=693952"}],"wp:term":[{"taxonomy":"category","embeddable":true,"href":"https:\/\/diariodominicano.com\/index.php?rest_route=%2Fwp%2Fv2%2Fcategories&post=693952"},{"taxonomy":"post_tag","embeddable":true,"href":"https:\/\/diariodominicano.com\/index.php?rest_route=%2Fwp%2Fv2%2Ftags&post=693952"}],"curies":[{"name":"wp","href":"https:\/\/api.w.org\/{rel}","templated":true}]}}