{"id":693943,"date":"2026-08-31T04:04:18","date_gmt":"2026-08-31T08:04:18","guid":{"rendered":"https:\/\/diariodominicano.com\/?p=693943"},"modified":"2026-08-31T04:05:03","modified_gmt":"2026-08-31T08:05:03","slug":"radiografia-politico-territorial-de-la-circunscripcion-1-del-distrito-nacional-1-de-5","status":"publish","type":"post","link":"https:\/\/diariodominicano.com\/?p=693943","title":{"rendered":"Radiograf\u00eda pol\u00edtico-territorial de la Circunscripci\u00f3n 1 del Distrito Nacional. 1 de 5"},"content":{"rendered":"\n<p class=\"wp-block-paragraph\">Por Juan Carlos Espinal.<\/p>\n\n\n\n<p class=\"wp-block-paragraph\">En las distintas investigaciones presenciales que en el territorio se han realizado se revela con evidencia cient\u00edfica que la Direcci\u00f3n Ejecutiva de la circunscripci\u00f3n 1DN Fuerza del Pueblo contin\u00faa realizando con \u00e9xito el trabajo pol\u00edtico que casa a casa se ha propuesto.<\/p>\n\n\n\n<p class=\"wp-block-paragraph\">La \u00abRevoluci\u00f3n Organizativa\u00bb que proclama el Dr. Leonel Fern\u00e1ndez apuesta por capitalizar a su favor el alto costo de la vida, la inseguridad ciudadana, el caos urbano qu\u00e9 en la Zona Colonial se manifiesta, la arrabalizacion de Gascue, el caos del tr\u00e1nsito, la escasez de agua, la acumulaci\u00f3n de desechos s\u00f3lidos y la ausencia de ordenamiento territorial, as\u00ed como muchos otros problemas acumulados para solucionarlos.<\/p>\n\n\n\n<p class=\"wp-block-paragraph\">La Direcci\u00f3n Ejecutiva de la circunscripci\u00f3n 1DN Fuerza del Pueblo tiene como meta alcanzar m\u00e1s de 146 mil votos movilizando a la clase media, motivando a los trabajadores a salir a votar y convencer a la opini\u00f3n p\u00fablica sobre la importancia de la estabilidad, la gobernabilidad democr\u00e1tica y la paz social.<\/p>\n\n\n\n<figure class=\"wp-block-image\"><img decoding=\"async\" src=\"https:\/\/diariodominicano.com\/wp-content\/uploads\/2026\/08\/Radiografia-politico-territorial-de-la-Circunscripcion-1-del-Distrito-Nacional.-1-de-5-1024x698.webp\" alt=\"La imagen actual no tiene texto alternativo. El nombre del archivo es: Radiografia-politico-territorial-de-la-Circunscripcion-1-del-Distrito-Nacional.-1-de-5.webp\"\/><\/figure>\n\n\n\n<p class=\"wp-block-paragraph\">La s\u00f3lida valoraci\u00f3n del Senador Omar Fern\u00e1ndez unido a la diputada Selinee M\u00e9ndez y los regidores Rafael Guti\u00e9rrez y Nerys Mart\u00ednez consolidan una estructura pol\u00edtica en la jurisdicci\u00f3n territorial que permite a la Fuerza del Pueblo presentar una base electoral policlasista de car\u00e1cter popular.<\/p>\n\n\n\n<p class=\"wp-block-paragraph\">En los sectores populares con una amplia representatividad popular como San Carlos, Ciudad Nueva, Honduras, sub sectores de los kil\u00f3metros, los Praditos y la Yuca de Naco, el discurso de la Fuerza del Pueblo conecta con los j\u00f3venes.<\/p>\n\n\n\n<p class=\"wp-block-paragraph\">La presencia de universidades como APEC, UNIBE, UCSD y la UASD, con amplia matr\u00edcula de J\u00d3VENES universitarios fortalece la expansi\u00f3n del partido en el territorio.<\/p>\n\n\n\n<p class=\"wp-block-paragraph\">En principio, la Direcci\u00f3n Ejecutiva de la circunscripci\u00f3n 1DN se consolida como la primera opci\u00f3n electoral a partir del voto joven. Crece sobre la base de apoyo de los profesionales de clase media incluyendo a la mujer. Se fortalece con la movilidad social que se da en amplias franjas de los trabajadores que pagan renta cara, se sienten insatisfechos con los apagones, la falta de un transporte urbano de calidad y resienten ante la falta de empleos de calidad.<\/p>\n\n\n\n<p class=\"wp-block-paragraph\">En la circunscripci\u00f3n 1DN, Fuerza del Pueblo cuenta con el voto mayoritario de los comerciantes.<\/p>\n\n\n\n<p class=\"wp-block-paragraph\">Tiene la simpat\u00eda de las Asociaciones de Colmaderos, due\u00f1os de tiendas de la Duarte y propietarios de negocios en la Zona Colonial.<\/p>\n\n\n\n<p class=\"wp-block-paragraph\">Como en estos sectores afectados por la crisis econ\u00f3mica la estabilidad es indispensable pues la polarizaci\u00f3n FP-PRM resulta impl\u00edcita.<\/p>\n\n\n\n<p class=\"wp-block-paragraph\">El voto de clase media ve en la Fuerza del Pueblo el partido de oposici\u00f3n que puede ganarle al PRM. En la actualidad, Fuerza del Pueblo gana la intenci\u00f3n del voto. Ciertamente que el PRM es el partido de gobierno con obras en ejecuci\u00f3n. No obstante, la poblaci\u00f3n trabajadora que tiene presencia diaria en los barrios no se beneficia de los servicios p\u00fablicos.<\/p>\n\n\n\n<p class=\"wp-block-paragraph\">La Direcci\u00f3n Ejecutiva de la circunscripci\u00f3n 1DN Fuerza del Pueblo promueve la gesti\u00f3n del territorio a partir de un plan de gesti\u00f3n municipal que integre al barrio.<\/p>\n\n\n\n<p class=\"wp-block-paragraph\">Fuerza del Pueblo necesita crecer manteniendo su identidad pol\u00edtica sin menoscabo de otras organizaciones opositoras.<\/p>\n\n\n\n<p class=\"wp-block-paragraph\">En la C1 DN, la Fuerza del Pueblo lidera la intenci\u00f3n del voto a\u00fan el PRM gobierne.<\/p>\n\n\n\n<p class=\"wp-block-paragraph\">Ahora bien, el reto de los operadores pol\u00edticos de la Fuerza del Pueblo implica saber explicar los problemas acumulados al electorado conectando las propuestas que promueven con la nueva realidad social para junto a las comunidades solucionar la queja ciudadana.<\/p>\n\n\n\n<p class=\"wp-block-paragraph\">En temas como la Seguridad Ciudadana ser\u00e1 necesario explicar a la gente de a pie como lograr\u00e1n implementar un plan que logre bajar la percepci\u00f3n que sobre la criminalidad siente la poblaci\u00f3n urbana.<\/p>\n\n\n\n<p class=\"wp-block-paragraph\">Dado que los ciudadanos residentes en el territorio tienen miedo de salir de noche, por ejemplo, ser\u00e1 necesario orientar a la Vecindad sobre una Polic\u00eda m\u00e1s cercana, c\u00e1maras en El Conde, operativos comunitarios de redes ciudadanas orientando sobre la ola de atracos.<\/p>\n\n\n\n<p class=\"wp-block-paragraph\">Los residentes en la circunscripci\u00f3n 1DN reclaman un Plan de Seguridad Ciudadana para reducir la violencia compleja.<\/p>\n\n\n\n<p class=\"wp-block-paragraph\">Como las preocupaciones de los ciudadanos son consustanciales al trabajo pol\u00edtico es preciso comprender que la gente vive con sus problemas y le cree m\u00e1s a quien le habla de la soluci\u00f3n del problema. Es por ello que la Fuerza del Pueblo crece en los territorios.<\/p>\n\n\n\n<p class=\"wp-block-paragraph\">Y es que el Gobierno del presidente Abinader ha perdido la batalla contra la Inflaci\u00f3n que en los \u00faltimos 6 a\u00f1os ha venido en aumento. Los subsidios como Bonog\u00e1s, Sup\u00e9rate no son suficientes. Los precios de los art\u00edculos de la canasta b\u00e1sica familiar son tan inestables qu\u00e9 las amas de casa se encuentran los productos caros. En el segmento mujer la queja permanente es que el sueldo no les alcanza.<\/p>\n\n\n\n<p class=\"wp-block-paragraph\">En materia de los subsidios estatales, las ferias de control de precios y el alcance de los diferentes programas sociales, la poblaci\u00f3n de la circunscripci\u00f3n 1DN tiene una baja valoraci\u00f3n del PRM.<\/p>\n\n\n\n<p class=\"wp-block-paragraph\">En materia electoral, los bonos ayudan pero el colmado sigue caro. Este es el tema por donde la FP gana la batalla de la opini\u00f3n p\u00fablica.<\/p>\n\n\n\n<p class=\"wp-block-paragraph\">En la circunscripci\u00f3n 1 la gente de clase media siente la pol\u00edtica por el bolsillo. Y ah\u00ed el PRM tiene poco que exhibir.<\/p>\n\n\n\n<p class=\"wp-block-paragraph\">En el segmento de los J\u00f3venes de entre 18-35 a\u00f1os la tendencia de las entrevistas realizadas fija su atenci\u00f3n en la persistencia del desempleo juvenil.<\/p>\n\n\n\n<p class=\"wp-block-paragraph\">Los Programas INAIPI, Juventud, pasant\u00edas Foros en universidades no han llenado los prop\u00f3sitos que desde el Poder Ejecutivo se promovieron.<\/p>\n\n\n\n<p class=\"wp-block-paragraph\">La composici\u00f3n social de la circunscripci\u00f3n 1DN posee un fuerte acento urbano. Para comunicar la clase media capitale\u00f1a utiliza las redes sociales.<\/p>\n\n\n\n<p class=\"wp-block-paragraph\">Herramientas como TikTok, influencers de producci\u00f3n de contenidos, creativos de memes generan una novedosa viralidad cultural.<\/p>\n\n\n\n<p class=\"wp-block-paragraph\">La FP contin\u00faa creciendo porque sus dirigentes comunican bien, tienen sobrada experiencia pol\u00edtica y el desgaste natural del gobierno facilita el \u00e9xodo del voto indeciso hacia la oposici\u00f3n.<\/p>\n\n\n\n<p class=\"wp-block-paragraph\">Red Social CODI<\/p>\n","protected":false},"excerpt":{"rendered":"<p>Por Juan Carlos Espinal. En las distintas investigaciones presenciales que en el territorio se han realizado se revela con evidencia cient\u00edfica que la Direcci\u00f3n Ejecutiva de la circunscripci\u00f3n 1DN Fuerza del Pueblo contin\u00faa realizando con \u00e9xito el trabajo pol\u00edtico que casa a casa se ha propuesto. La \u00abRevoluci\u00f3n Organizativa\u00bb que proclama el Dr. Leonel Fern\u00e1ndez [&hellip;]<\/p>\n","protected":false},"author":7,"featured_media":521400,"comment_status":"closed","ping_status":"closed","sticky":false,"template":"","format":"standard","meta":{"footnotes":""},"categories":[16],"tags":[8149],"class_list":["post-693943","post","type-post","status-publish","format-standard","has-post-thumbnail","hentry","category-opiniones","tag-por-juan-carlos-espinal"],"_links":{"self":[{"href":"https:\/\/diariodominicano.com\/index.php?rest_route=\/wp\/v2\/posts\/693943","targetHints":{"allow":["GET"]}}],"collection":[{"href":"https:\/\/diariodominicano.com\/index.php?rest_route=\/wp\/v2\/posts"}],"about":[{"href":"https:\/\/diariodominicano.com\/index.php?rest_route=\/wp\/v2\/types\/post"}],"author":[{"embeddable":true,"href":"https:\/\/diariodominicano.com\/index.php?rest_route=\/wp\/v2\/users\/7"}],"replies":[{"embeddable":true,"href":"https:\/\/diariodominicano.com\/index.php?rest_route=%2Fwp%2Fv2%2Fcomments&post=693943"}],"version-history":[{"count":1,"href":"https:\/\/diariodominicano.com\/index.php?rest_route=\/wp\/v2\/posts\/693943\/revisions"}],"predecessor-version":[{"id":694008,"href":"https:\/\/diariodominicano.com\/index.php?rest_route=\/wp\/v2\/posts\/693943\/revisions\/694008"}],"wp:featuredmedia":[{"embeddable":true,"href":"https:\/\/diariodominicano.com\/index.php?rest_route=\/wp\/v2\/media\/521400"}],"wp:attachment":[{"href":"https:\/\/diariodominicano.com\/index.php?rest_route=%2Fwp%2Fv2%2Fmedia&parent=693943"}],"wp:term":[{"taxonomy":"category","embeddable":true,"href":"https:\/\/diariodominicano.com\/index.php?rest_route=%2Fwp%2Fv2%2Fcategories&post=693943"},{"taxonomy":"post_tag","embeddable":true,"href":"https:\/\/diariodominicano.com\/index.php?rest_route=%2Fwp%2Fv2%2Ftags&post=693943"}],"curies":[{"name":"wp","href":"https:\/\/api.w.org\/{rel}","templated":true}]}}