{"id":693940,"date":"2026-08-31T02:20:50","date_gmt":"2026-08-31T06:20:50","guid":{"rendered":"https:\/\/diariodominicano.com\/?p=693940"},"modified":"2026-08-31T02:20:59","modified_gmt":"2026-08-31T06:20:59","slug":"salud-mental-reconocer-las-senales-tambien-es-cuidar-la-vida","status":"publish","type":"post","link":"https:\/\/diariodominicano.com\/?p=693940","title":{"rendered":"Salud mental: reconocer las se\u00f1ales tambi\u00e9n es cuidar la vida"},"content":{"rendered":"\n<p class=\"wp-block-paragraph\">Por Dr. Ram\u00f3n Ceballo<\/p>\n\n\n\n<p class=\"wp-block-paragraph\">Reconocer a tiempo los cambios emocionales y de conducta puede ser el primer paso para buscar ayuda y evitar que el sufrimiento se profundice.<\/p>\n\n\n\n<p class=\"wp-block-paragraph\">La salud mental forma parte integral de la salud y del bienestar. Sin embargo, muchas personas atraviesan durante meses o incluso a\u00f1os dificultades emocionales sin reconocer que necesitan ayuda. El temor, la desinformaci\u00f3n y los prejuicios pueden llevarlas a ocultar lo que sienten y retrasar la b\u00fasqueda de atenci\u00f3n.<\/p>\n\n\n\n<p class=\"wp-block-paragraph\">A esta realidad se suma el estigma que todav\u00eda existe alrededor de los problemas de salud mental. Algunas familias prefieren esconderlos por temor al qu\u00e9 dir\u00e1n, mientras amigos y allegados pueden minimizar determinados cambios y atribuirlos a falta de voluntad, debilidad de car\u00e1cter o problemas pasajeros.<\/p>\n\n\n\n<p class=\"wp-block-paragraph\">Cuando el sufrimiento permanece en silencio, puede profundizarse. Por eso, aprender a reconocer determinadas se\u00f1ales de alerta resulta fundamental. Ninguna de ellas, por s\u00ed sola, significa necesariamente que una persona padezca un trastorno mental. Sin embargo, cuando los cambios persisten, aumentan en intensidad o interfieren con la vida cotidiana, es recomendable buscar orientaci\u00f3n profesional.<\/p>\n\n\n\n<p class=\"wp-block-paragraph\">Cambios en el estado de \u00e1nimo La tristeza persistente, irritabilidad, apat\u00eda, desesperanza o p\u00e9rdida del inter\u00e9s por actividades que antes produc\u00edan satisfacci\u00f3n pueden indicar que algo no est\u00e1 bien. No toda tristeza constituye una enfermedad; lo importante es observar su duraci\u00f3n, intensidad y repercusi\u00f3n.<\/p>\n\n\n\n<p class=\"wp-block-paragraph\">Alteraciones del sue\u00f1o y el apetito El insomnio, dormir excesivamente, experimentar cambios importantes en el apetito o variaciones inexplicables del peso son manifestaciones que deben observarse. Aunque pueden estar relacionadas con problemas de salud mental, tambi\u00e9n pueden tener causas f\u00edsicas o asociarse con medicamentos y otras circunstancias.<\/p>\n\n\n\n<p class=\"wp-block-paragraph\">Aislamiento y deterioro de la vida cotidiana Cuando una persona comienza a apartarse de familiares y amigos, abandona actividades que antes disfrutaba, descuida responsabilidades o experimenta un descenso inexplicable en su rendimiento acad\u00e9mico o laboral, estamos ante se\u00f1ales que merecen atenci\u00f3n.<\/p>\n\n\n\n<p class=\"wp-block-paragraph\">Tambi\u00e9n debe observarse el deterioro del autocuidado y la dificultad para realizar tareas cotidianas que anteriormente formaban parte de su rutina.<\/p>\n\n\n\n<p class=\"wp-block-paragraph\">Ansiedad dif\u00edcil de controlar La ansiedad es una respuesta humana normal ante determinadas situaciones. Se convierte en motivo de preocupaci\u00f3n cuando la preocupaci\u00f3n es excesiva, persistente y limita la vida de la persona. El miedo intenso, nerviosismo constante, sensaci\u00f3n de peligro o ataques de p\u00e1nico requieren especial atenci\u00f3n cuando afectan las relaciones, el trabajo, los estudios o las actividades habituales.<\/p>\n\n\n\n<p class=\"wp-block-paragraph\">Cambios importantes de conducta Una persona que repentinamente se vuelve muy irritable, desconfiada, impulsiva, retra\u00edda o desorganizada puede estar atravesando una situaci\u00f3n que necesita ser explorada. Tambi\u00e9n son importantes las dificultades marcadas de concentraci\u00f3n y memoria y el aumento del consumo de alcohol u otras sustancias como forma de afrontar el malestar.<\/p>\n\n\n\n<p class=\"wp-block-paragraph\">Cuando se pierde el contacto con la realidad Escuchar voces, presentar creencias claramente alejadas de la realidad, experimentar una desconfianza extrema o mostrar dificultades para distinguir lo real de lo imaginario son manifestaciones que requieren valoraci\u00f3n profesional. Ante estas situaciones debemos evitar las burlas, la confrontaci\u00f3n agresiva y la descalificaci\u00f3n.<\/p>\n\n\n\n<p class=\"wp-block-paragraph\">Las se\u00f1ales de suicidio nunca deben ignorarse Las expresiones relacionadas con la muerte, la desesperanza, el deseo de desaparecer o la intenci\u00f3n de hacerse da\u00f1o requieren atenci\u00f3n inmediata. No deben interpretarse como una simple b\u00fasqueda de atenci\u00f3n ni minimizarse.<\/p>\n\n\n\n<p class=\"wp-block-paragraph\">Ante un riesgo inmediato de autolesi\u00f3n o suicidio, es necesario buscar ayuda de emergencia y procurar que la persona no permanezca sola. Preguntar directamente si est\u00e1 pensando en hacerse da\u00f1o no provoca por s\u00ed mismo una conducta suicida; por el contrario, puede facilitar una conversaci\u00f3n abierta y permitir que reciba ayuda.<\/p>\n\n\n\n<p class=\"wp-block-paragraph\">Reconocer no significa diagnosticar Identificar se\u00f1ales de alerta no equivale a establecer un diagn\u00f3stico. La tristeza, ansiedad, insomnio, aislamiento o cambios de conducta pueden tener m\u00faltiples causas. Corresponde a los profesionales capacitados valorar cada caso, tomando en cuenta la duraci\u00f3n, intensidad, contexto y repercusi\u00f3n en la vida de la persona.<\/p>\n\n\n\n<p class=\"wp-block-paragraph\">La salud mental necesita ser hablada con la misma naturalidad que cualquier otra dimensi\u00f3n de la salud. La familia no debe esconder el sufrimiento, los amigos no deben minimizarlo y la sociedad debe abandonar los prejuicios que todav\u00eda dificultan pedir ayuda.<\/p>\n\n\n\n<p class=\"wp-block-paragraph\">A veces, el primer paso puede ser tan sencillo como preguntar: \u201c\u00bfC\u00f3mo est\u00e1s realmente?\u201d<\/p>\n\n\n\n<p class=\"wp-block-paragraph\">Escuchar sin juzgar, acompa\u00f1ar y orientar hacia una atenci\u00f3n profesional puede marcar una diferencia significativa. No siempre podremos resolver el problema de otra persona, pero s\u00ed podemos evitar que tenga que enfrentarlo en silencio.<\/p>\n\n\n\n<p class=\"wp-block-paragraph\">Reconocer las se\u00f1ales, hablar a tiempo y buscar ayuda tambi\u00e9n es cuidar la vida<\/p>\n\n\n\n<p class=\"wp-block-paragraph\">Ramon Ceballo <a href=\"mailto:raceballo@yahoo.com\">raceballo@yahoo.com<\/a><\/p>\n","protected":false},"excerpt":{"rendered":"<p>Por Dr. Ram\u00f3n Ceballo Reconocer a tiempo los cambios emocionales y de conducta puede ser el primer paso para buscar ayuda y evitar que el sufrimiento se profundice. La salud mental forma parte integral de la salud y del bienestar. Sin embargo, muchas personas atraviesan durante meses o incluso a\u00f1os dificultades emocionales sin reconocer que [&hellip;]<\/p>\n","protected":false},"author":7,"featured_media":666827,"comment_status":"closed","ping_status":"closed","sticky":false,"template":"","format":"standard","meta":{"footnotes":""},"categories":[16],"tags":[6145,1728,7572],"class_list":["post-693940","post","type-post","status-publish","format-standard","has-post-thumbnail","hentry","category-opiniones","tag-doctor-ramon-ceballo","tag-dr-ramon-ceballo","tag-ramon-ceballo-2"],"_links":{"self":[{"href":"https:\/\/diariodominicano.com\/index.php?rest_route=\/wp\/v2\/posts\/693940","targetHints":{"allow":["GET"]}}],"collection":[{"href":"https:\/\/diariodominicano.com\/index.php?rest_route=\/wp\/v2\/posts"}],"about":[{"href":"https:\/\/diariodominicano.com\/index.php?rest_route=\/wp\/v2\/types\/post"}],"author":[{"embeddable":true,"href":"https:\/\/diariodominicano.com\/index.php?rest_route=\/wp\/v2\/users\/7"}],"replies":[{"embeddable":true,"href":"https:\/\/diariodominicano.com\/index.php?rest_route=%2Fwp%2Fv2%2Fcomments&post=693940"}],"version-history":[{"count":1,"href":"https:\/\/diariodominicano.com\/index.php?rest_route=\/wp\/v2\/posts\/693940\/revisions"}],"predecessor-version":[{"id":693945,"href":"https:\/\/diariodominicano.com\/index.php?rest_route=\/wp\/v2\/posts\/693940\/revisions\/693945"}],"wp:featuredmedia":[{"embeddable":true,"href":"https:\/\/diariodominicano.com\/index.php?rest_route=\/wp\/v2\/media\/666827"}],"wp:attachment":[{"href":"https:\/\/diariodominicano.com\/index.php?rest_route=%2Fwp%2Fv2%2Fmedia&parent=693940"}],"wp:term":[{"taxonomy":"category","embeddable":true,"href":"https:\/\/diariodominicano.com\/index.php?rest_route=%2Fwp%2Fv2%2Fcategories&post=693940"},{"taxonomy":"post_tag","embeddable":true,"href":"https:\/\/diariodominicano.com\/index.php?rest_route=%2Fwp%2Fv2%2Ftags&post=693940"}],"curies":[{"name":"wp","href":"https:\/\/api.w.org\/{rel}","templated":true}]}}