{"id":693927,"date":"2026-08-31T01:56:37","date_gmt":"2026-08-31T05:56:37","guid":{"rendered":"https:\/\/diariodominicano.com\/?p=693927"},"modified":"2026-08-31T01:56:45","modified_gmt":"2026-08-31T05:56:45","slug":"el-termino-medio-y-la-inteligencia-artificial","status":"publish","type":"post","link":"https:\/\/diariodominicano.com\/?p=693927","title":{"rendered":"El T\u00e9rmino Medio y la Inteligencia Artificial"},"content":{"rendered":"\n<figure class=\"wp-block-table\"><table class=\"has-fixed-layout\"><tbody><tr><td><\/td><\/tr><\/tbody><\/table><\/figure>\n\n\n\n<figure class=\"wp-block-table\"><table class=\"has-fixed-layout\"><tbody><tr><td><strong>Tanto Arist\u00f3teles como santo Tom\u00e1s de Aquino ense\u00f1an que la virtud consiste en encontrar el justo equilibrio entre extremos<\/strong>&nbsp;<br><strong>Por el Dr. Salvador Echeagaray, acad\u00e9mico de la Universidad Aut\u00f3noma de Guadalajara (UAG)<\/strong><br>&nbsp;<br>&nbsp;<br>La inteligencia artificial (IA) se ha convertido en una herramienta cada vez m\u00e1s presente en la educaci\u00f3n. Estudiantes y profesores la utilizan para buscar informaci\u00f3n, redactar textos, resolver dudas y organizar contenidos. Sin embargo, su creciente uso plantea una pregunta importante: \u00bfc\u00f3mo emplearla de manera adecuada?<br>La filosof\u00eda realista ofrece una respuesta valiosa. Tanto Arist\u00f3teles como santo Tom\u00e1s de Aquino ense\u00f1an que la virtud consiste en encontrar el justo equilibrio entre extremos. Este principio puede orientar el uso de la IA en la formaci\u00f3n humana.<br>&nbsp;<br><strong>El t\u00e9rmino medio seg\u00fan Arist\u00f3teles<\/strong><br>Arist\u00f3teles sostiene que la virtud se encuentra entre dos excesos. En su obra&nbsp;<em>\u00c9tica a Nic\u00f3maco<\/em>&nbsp;afirma que la virtud es un \u00abjusto medio\u00bb entre el defecto y el exceso.<br>Una de sus frases m\u00e1s conocidas dice:<br>\u00abLa virtud consiste en el t\u00e9rmino medio.\u00bb<br>Esto no significa mediocridad ni indiferencia. Significa actuar de acuerdo con la raz\u00f3n y elegir lo que favorece el bien de la persona.<br>Aplicado a la educaci\u00f3n, encontramos dos extremos. El primero es rechazar completamente la IA por miedo o desconfianza. El segundo es depender totalmente de ella, dejando de pensar, investigar o escribir por cuenta propia.<br>El t\u00e9rmino medio consiste en utilizar la IA como apoyo, sin sustituir las capacidades intelectuales del estudiante.<br>&nbsp;<br><strong>La visi\u00f3n de Santo Tom\u00e1s de Aquino<\/strong><br>Santo Tom\u00e1s retoma la ense\u00f1anza de Arist\u00f3teles y la integra en una visi\u00f3n cristiana del ser humano. Para \u00e9l, la raz\u00f3n posee la capacidad de conocer la realidad y orientarse hacia la verdad.<br>Escribe:<br>\u00abLa virtud moral consiste en el medio determinado por la raz\u00f3n.\u00bb<br>La educaci\u00f3n tiene como finalidad perfeccionar la inteligencia y formar h\u00e1bitos buenos. Una herramienta tecnol\u00f3gica solo es \u00fatil si ayuda a alcanzar este objetivo.<br>Desde esta perspectiva, la IA no es buena ni mala por s\u00ed misma. Su valor depende del uso que haga la persona. Cuando favorece el aprendizaje, la comprensi\u00f3n y la b\u00fasqueda de la verdad, cumple una funci\u00f3n positiva. Cuando sustituye el esfuerzo intelectual, perjudica la formaci\u00f3n.<br>&nbsp;<br><strong>Riesgos de los extremos<\/strong><br>El rechazo absoluto de la IA puede privar a estudiantes y docentes de una herramienta \u00fatil. La tecnolog\u00eda permite acceder r\u00e1pidamente a informaci\u00f3n, generar ejemplos, resumir textos y personalizar ciertas actividades de aprendizaje.<br>Pero el uso excesivo tambi\u00e9n presenta riesgos. Un estudiante que copia respuestas generadas por IA sin comprenderlas desarrolla una dependencia que limita su capacidad cr\u00edtica. Aprende menos porque delega el trabajo intelectual.<br>La filosof\u00eda realista recuerda que el conocimiento se adquiere mediante el contacto de la inteligencia con la realidad. Ninguna herramienta puede reemplazar completamente este proceso.<br>&nbsp;<br><strong>Un uso prudente de la IA<\/strong><br>La virtud que mejor orienta el uso educativo de la IA es la prudencia. Para Arist\u00f3teles y santo Tom\u00e1s, la prudencia permite elegir los medios adecuados para alcanzar un fin bueno.<br>En el \u00e1mbito escolar, la prudencia invita a:Utilizar la IA para apoyar la investigaci\u00f3n.Verificar la informaci\u00f3n obtenida.Mantener el ejercicio de la lectura y la escritura personal.Desarrollar el pensamiento cr\u00edtico.Promover la creatividad y la reflexi\u00f3n propia.La IA puede ayudar a aprender, pero no puede aprender por nosotros. Puede ofrecer informaci\u00f3n, pero no sustituye el juicio humano.<br>&nbsp;<br><strong>Ergo:<\/strong><br>La filosof\u00eda realista ense\u00f1a que la educaci\u00f3n debe orientarse hacia la verdad y el desarrollo integral de la persona. El uso de la inteligencia artificial requiere evitar dos extremos: rechazarla completamente o depender de ella de manera absoluta.<br>Siguiendo a Arist\u00f3teles y a santo Tom\u00e1s de Aquino, el camino m\u00e1s razonable es el t\u00e9rmino medio. La IA debe ser una herramienta al servicio de la inteligencia humana, nunca su reemplazo. Cuando se utiliza con prudencia, fortalece el aprendizaje; cuando se convierte en sustituto del esfuerzo personal, debilita la formaci\u00f3n. El verdadero progreso educativo no consiste en que las m\u00e1quinas piensen por el estudiante, sino en que ayuden al estudiante a pensar mejor.<br>&nbsp;<br><em>\u2022&nbsp;&nbsp;&nbsp;&nbsp;&nbsp;&nbsp;&nbsp;&nbsp;&nbsp;&nbsp;&nbsp;&nbsp; El autor es director del Departamento de Filosof\u00eda de la UAG.<\/em><\/td><\/tr><\/tbody><\/table><\/figure>\n\n\n\n<figure class=\"wp-block-table\"><table class=\"has-fixed-layout\"><tbody><tr><td>Comunicados UAG<br><a href=\"mailto:prensa@edu.uag.mx\" target=\"_blank\" rel=\"noreferrer noopener\">prensa@edu.uag.mx<\/a><br><\/td><\/tr><\/tbody><\/table><\/figure>\n","protected":false},"excerpt":{"rendered":"<p>Tanto Arist\u00f3teles como santo Tom\u00e1s de Aquino ense\u00f1an que la virtud consiste en encontrar el justo equilibrio entre extremos&nbsp;Por el Dr. Salvador Echeagaray, acad\u00e9mico de la Universidad Aut\u00f3noma de Guadalajara (UAG)&nbsp;&nbsp;La inteligencia artificial (IA) se ha convertido en una herramienta cada vez m\u00e1s presente en la educaci\u00f3n. Estudiantes y profesores la utilizan para buscar informaci\u00f3n, [&hellip;]<\/p>\n","protected":false},"author":2,"featured_media":693928,"comment_status":"closed","ping_status":"closed","sticky":false,"template":"","format":"standard","meta":{"footnotes":""},"categories":[36,19],"tags":[8128],"class_list":["post-693927","post","type-post","status-publish","format-standard","has-post-thumbnail","hentry","category-hombresmujeresycosas","category-mi-voz","tag-salvador-echeagaray"],"_links":{"self":[{"href":"https:\/\/diariodominicano.com\/index.php?rest_route=\/wp\/v2\/posts\/693927","targetHints":{"allow":["GET"]}}],"collection":[{"href":"https:\/\/diariodominicano.com\/index.php?rest_route=\/wp\/v2\/posts"}],"about":[{"href":"https:\/\/diariodominicano.com\/index.php?rest_route=\/wp\/v2\/types\/post"}],"author":[{"embeddable":true,"href":"https:\/\/diariodominicano.com\/index.php?rest_route=\/wp\/v2\/users\/2"}],"replies":[{"embeddable":true,"href":"https:\/\/diariodominicano.com\/index.php?rest_route=%2Fwp%2Fv2%2Fcomments&post=693927"}],"version-history":[{"count":1,"href":"https:\/\/diariodominicano.com\/index.php?rest_route=\/wp\/v2\/posts\/693927\/revisions"}],"predecessor-version":[{"id":693929,"href":"https:\/\/diariodominicano.com\/index.php?rest_route=\/wp\/v2\/posts\/693927\/revisions\/693929"}],"wp:featuredmedia":[{"embeddable":true,"href":"https:\/\/diariodominicano.com\/index.php?rest_route=\/wp\/v2\/media\/693928"}],"wp:attachment":[{"href":"https:\/\/diariodominicano.com\/index.php?rest_route=%2Fwp%2Fv2%2Fmedia&parent=693927"}],"wp:term":[{"taxonomy":"category","embeddable":true,"href":"https:\/\/diariodominicano.com\/index.php?rest_route=%2Fwp%2Fv2%2Fcategories&post=693927"},{"taxonomy":"post_tag","embeddable":true,"href":"https:\/\/diariodominicano.com\/index.php?rest_route=%2Fwp%2Fv2%2Ftags&post=693927"}],"curies":[{"name":"wp","href":"https:\/\/api.w.org\/{rel}","templated":true}]}}