{"id":693902,"date":"2026-08-31T01:24:29","date_gmt":"2026-08-31T05:24:29","guid":{"rendered":"https:\/\/diariodominicano.com\/?p=693902"},"modified":"2026-08-31T01:29:07","modified_gmt":"2026-08-31T05:29:07","slug":"inteligencia-artificial-entre-la-promesa-y-el-riesgo-de-un-futuro-sin-control","status":"publish","type":"post","link":"https:\/\/diariodominicano.com\/?p=693902","title":{"rendered":"Inteligencia Artificial: Entre la promesa y el riesgo de un futuro sin control"},"content":{"rendered":"\n<figure class=\"wp-block-image size-large\"><img loading=\"lazy\" decoding=\"async\" width=\"1024\" height=\"576\" src=\"https:\/\/diariodominicano.com\/wp-content\/uploads\/2025\/01\/Araceli-Aguilar-Salgado-1024x576.jpg\" alt=\"\" class=\"wp-image-589876\" srcset=\"https:\/\/diariodominicano.com\/wp-content\/uploads\/2025\/01\/Araceli-Aguilar-Salgado-1024x576.jpg 1024w, https:\/\/diariodominicano.com\/wp-content\/uploads\/2025\/01\/Araceli-Aguilar-Salgado-300x169.jpg 300w, https:\/\/diariodominicano.com\/wp-content\/uploads\/2025\/01\/Araceli-Aguilar-Salgado-768x432.jpg 768w, https:\/\/diariodominicano.com\/wp-content\/uploads\/2025\/01\/Araceli-Aguilar-Salgado-816x459.jpg 816w, https:\/\/diariodominicano.com\/wp-content\/uploads\/2025\/01\/Araceli-Aguilar-Salgado.jpg 1389w\" sizes=\"auto, (max-width: 1024px) 100vw, 1024px\" \/><figcaption class=\"wp-element-caption\">Araceli Aguilar Salgado <\/figcaption><\/figure>\n\n\n\n<p class=\"wp-block-paragraph\"><strong>Por Araceli Aguilar Salgado<\/strong><\/p>\n\n\n\n<p class=\"wp-block-paragraph\"><strong><em>\u00abLa tecnolog\u00eda es \u00fatil cuando sirve al ser humano; peligrosa cuando lo sustituye.\u00bb Jacques Ellul<\/em><\/strong><\/p>\n\n\n\n<p class=\"wp-block-paragraph\"><strong>Un dilema global en la era de la IA<\/strong><\/p>\n\n\n\n<p class=\"wp-block-paragraph\">La inteligencia artificial (IA) se ha convertido en el eje de la transformaci\u00f3n tecnol\u00f3gica m\u00e1s acelerada de la historia reciente. Su potencial para revolucionar la medicina, la educaci\u00f3n, la energ\u00eda y la investigaci\u00f3n cient\u00edfica es innegable. Sin embargo, la velocidad de su avance plantea un riesgo real: que la humanidad pierda la capacidad de comprender, auditar y controlar los sistemas que ella misma ha creado.<\/p>\n\n\n\n<p class=\"wp-block-paragraph\">Este es el n\u00facleo de la declaraci\u00f3n p\u00fablica firmada por 1.273 empleados e investigadores de las principales empresas de vanguardia en IA entre ellas OpenAI, Anthropic, Meta y Google DeepMind, quienes han solicitado al gobierno de Estados Unidos liderar un esfuerzo internacional para regular deliberadamente el ritmo de desarrollo de la IA antes de que sea demasiado tarde.<\/p>\n\n\n\n<figure class=\"wp-block-image size-full\"><img loading=\"lazy\" decoding=\"async\" width=\"739\" height=\"415\" src=\"https:\/\/diariodominicano.com\/wp-content\/uploads\/2026\/08\/images-42.jpg\" alt=\"\" class=\"wp-image-693905\" srcset=\"https:\/\/diariodominicano.com\/wp-content\/uploads\/2026\/08\/images-42.jpg 739w, https:\/\/diariodominicano.com\/wp-content\/uploads\/2026\/08\/images-42-300x168.jpg 300w\" sizes=\"auto, (max-width: 739px) 100vw, 739px\" \/><\/figure>\n\n\n\n<p class=\"wp-block-paragraph\"><strong>La advertencia de los expertos<\/strong><\/p>\n\n\n\n<p class=\"wp-block-paragraph\">La investigadora Dawn Song compar\u00f3 el impacto de la IA con el de la electricidad: transformador, pero dependiente de c\u00f3mo se introduzca en la sociedad. \u201cUna carrera descontrolada sin garant\u00edas sobre gobernanza, seguridad o sobre si la tecnolog\u00eda sirve al inter\u00e9s p\u00fablico se interpone en el camino de dicha intencionalidad\u201d, se\u00f1al\u00f3.<\/p>\n\n\n\n<p class=\"wp-block-paragraph\">Por su parte, Stephanie Chan, cient\u00edfica en Google, subray\u00f3 la velocidad sin precedentes del progreso: en apenas cuatro a\u00f1os, la IA pas\u00f3 de comprender lenguaje humano a realizar haza\u00f1as sobrehumanas en ingenier\u00eda de software, matem\u00e1ticas avanzadas y aceleraci\u00f3n de la investigaci\u00f3n cient\u00edfica. El ritmo no muestra signos de desaceleraci\u00f3n.<\/p>\n\n\n\n<p class=\"wp-block-paragraph\"><strong>La carrera armament\u00edstica tecnol\u00f3gica<\/strong><\/p>\n\n\n\n<p class=\"wp-block-paragraph\">El documento advierte que la mayor barrera para la seguridad es la presi\u00f3n competitiva global. Ning\u00fan pa\u00eds ni empresa se atreve a frenar unilateralmente el desarrollo por temor a quedar rezagado. Esta din\u00e1mica de \u201ccarrera armament\u00edstica\u201d comercial y geopol\u00edtica convierte la innovaci\u00f3n en una competencia por poder, m\u00e1s que en un esfuerzo por garantizar seguridad y \u00e9tica.<\/p>\n\n\n\n<p class=\"wp-block-paragraph\">Los riesgos inmediatos ya son visibles: los modelos m\u00e1s recientes han demostrado capacidad para descubrir y explotar vulnerabilidades de ciberseguridad en software real, lo que podr\u00eda facilitar ataques inform\u00e1ticos a gran escala si no existen salvaguardas adecuadas.<\/p>\n\n\n\n<figure class=\"wp-block-image size-full\"><img loading=\"lazy\" decoding=\"async\" width=\"201\" height=\"144\" src=\"https:\/\/diariodominicano.com\/wp-content\/uploads\/2026\/08\/images-39.jpg\" alt=\"\" class=\"wp-image-693907\"\/><\/figure>\n\n\n\n<p class=\"wp-block-paragraph\"><strong>La necesidad de gobernanza internacional<\/strong><\/p>\n\n\n\n<p class=\"wp-block-paragraph\">Ante la falta de herramientas t\u00e9cnicas globales para auditar y controlar el progreso de la llamada frontier AI, los investigadores apelan a la cooperaci\u00f3n internacional. La propuesta busca que los gobiernos no solo monitoreen los lanzamientos de nuevos modelos, sino que dispongan de la capacidad legal y t\u00e9cnica para pausar el avance cuando sea necesario, ganar tiempo para abordar riesgos emergentes y fortalecer la supervisi\u00f3n sin desventajar a ning\u00fan actor individual.<\/p>\n\n\n\n<p class=\"wp-block-paragraph\">Este llamado no es un simple gesto acad\u00e9mico: es una advertencia de que el futuro de la IA no puede quedar en manos exclusivas de corporaciones privadas ni de la l\u00f3gica del mercado. Se requiere un marco multilateral de gobernanza, capaz de equilibrar innovaci\u00f3n con seguridad, y progreso con responsabilidad.<\/p>\n\n\n\n<figure class=\"wp-block-image size-full\"><img loading=\"lazy\" decoding=\"async\" width=\"597\" height=\"335\" src=\"https:\/\/diariodominicano.com\/wp-content\/uploads\/2026\/08\/images-41.jpg\" alt=\"\" class=\"wp-image-693909\" srcset=\"https:\/\/diariodominicano.com\/wp-content\/uploads\/2026\/08\/images-41.jpg 597w, https:\/\/diariodominicano.com\/wp-content\/uploads\/2026\/08\/images-41-300x168.jpg 300w\" sizes=\"auto, (max-width: 597px) 100vw, 597px\" \/><\/figure>\n\n\n\n<p class=\"wp-block-paragraph\"><strong>Entre la promesa y la amenaza<\/strong><\/p>\n\n\n\n<p class=\"wp-block-paragraph\">Ah\u00ed conviene aplicar algo de escepticismo. Semanas antes, los m\u00e1ximos responsables de Google DeepMind,&nbsp;OpenAI&nbsp;y Anthropic ya hab\u00edan publicado, cada uno por su lado, propuestas para que los modelos de frontera se sometan a pruebas de organismos independientes antes de salir al mercado y para que exista un \u00fanico organismo que certifique su cumplimiento. Cr\u00edticos del sector han advertido de que un sistema de certificaci\u00f3n complejo podr\u00eda, en la pr\u00e1ctica, blindar a las empresas ya establecidas y dificultar la entrada de startups y de proyectos de c\u00f3digo abierto.&nbsp;Pedir regulaci\u00f3n no es necesariamente un acto altruista si esa regulaci\u00f3n termina beneficiando a quien la pide.<\/p>\n\n\n\n<p class=\"wp-block-paragraph\">Lo que queda por ver es si el gobierno estadounidense recoge esta petici\u00f3n en el marco que&nbsp;debe presentar el 1 de agosto&nbsp;o si, como ha ocurrido otras veces este a\u00f1o, la evaluaci\u00f3n de modelos de frontera sigue haci\u00e9ndose caso por caso y sin un criterio publicado de antemano.<\/p>\n\n\n\n<p class=\"wp-block-paragraph\">La inteligencia artificial puede ser la herramienta m\u00e1s poderosa jam\u00e1s creada por la humanidad, pero tambi\u00e9n la m\u00e1s peligrosa si se desarrolla sin control. La paradoja es clara: cuanto m\u00e1s r\u00e1pido avanza, m\u00e1s urgente se vuelve la necesidad de regular, auditar y democratizar su uso.<\/p>\n\n\n\n<p class=\"wp-block-paragraph\">El reto no es tecnol\u00f3gico, sino pol\u00edtico y \u00e9tico: decidir si la IA ser\u00e1 un instrumento de emancipaci\u00f3n colectiva o un arma de concentraci\u00f3n de poder. La decisi\u00f3n est\u00e1 en manos de gobiernos, empresas y sociedad civil, pero el tiempo corre en contra.<\/p>\n\n\n\n<p class=\"wp-block-paragraph\"><strong><em>\u00abEl futuro de la inteligencia artificial no depende de lo que pueda hacer, sino de lo que decidamos permitir que haga.\u00bb<\/em><\/strong><strong><em>&nbsp;Araceli Aguilar Salgado<\/em><\/strong><\/p>\n\n\n\n<p class=\"wp-block-paragraph\">Araceli Aguilar Salgado Periodista, Abogada, Ingeniera, Escritora, Analista y comentarista mexicana, de Chilpancingo de los Bravo del Estado de Guerrero E-mail&nbsp;<a href=\"mailto:periodistaaaguilar@gmail.com\" target=\"_blank\" rel=\"noreferrer noopener\">periodistaaaguilar@gmail.com<\/a><\/p>\n","protected":false},"excerpt":{"rendered":"<p>Por Araceli Aguilar Salgado \u00abLa tecnolog\u00eda es \u00fatil cuando sirve al ser humano; peligrosa cuando lo sustituye.\u00bb Jacques Ellul Un dilema global en la era de la IA La inteligencia artificial (IA) se ha convertido en el eje de la transformaci\u00f3n tecnol\u00f3gica m\u00e1s acelerada de la historia reciente. Su potencial para revolucionar la medicina, la [&hellip;]<\/p>\n","protected":false},"author":2,"featured_media":693903,"comment_status":"open","ping_status":"closed","sticky":false,"template":"","format":"standard","meta":{"footnotes":""},"categories":[36,19],"tags":[157],"class_list":["post-693902","post","type-post","status-publish","format-standard","has-post-thumbnail","hentry","category-hombresmujeresycosas","category-mi-voz","tag-inteligencia-artificial"],"_links":{"self":[{"href":"https:\/\/diariodominicano.com\/index.php?rest_route=\/wp\/v2\/posts\/693902","targetHints":{"allow":["GET"]}}],"collection":[{"href":"https:\/\/diariodominicano.com\/index.php?rest_route=\/wp\/v2\/posts"}],"about":[{"href":"https:\/\/diariodominicano.com\/index.php?rest_route=\/wp\/v2\/types\/post"}],"author":[{"embeddable":true,"href":"https:\/\/diariodominicano.com\/index.php?rest_route=\/wp\/v2\/users\/2"}],"replies":[{"embeddable":true,"href":"https:\/\/diariodominicano.com\/index.php?rest_route=%2Fwp%2Fv2%2Fcomments&post=693902"}],"version-history":[{"count":4,"href":"https:\/\/diariodominicano.com\/index.php?rest_route=\/wp\/v2\/posts\/693902\/revisions"}],"predecessor-version":[{"id":693910,"href":"https:\/\/diariodominicano.com\/index.php?rest_route=\/wp\/v2\/posts\/693902\/revisions\/693910"}],"wp:featuredmedia":[{"embeddable":true,"href":"https:\/\/diariodominicano.com\/index.php?rest_route=\/wp\/v2\/media\/693903"}],"wp:attachment":[{"href":"https:\/\/diariodominicano.com\/index.php?rest_route=%2Fwp%2Fv2%2Fmedia&parent=693902"}],"wp:term":[{"taxonomy":"category","embeddable":true,"href":"https:\/\/diariodominicano.com\/index.php?rest_route=%2Fwp%2Fv2%2Fcategories&post=693902"},{"taxonomy":"post_tag","embeddable":true,"href":"https:\/\/diariodominicano.com\/index.php?rest_route=%2Fwp%2Fv2%2Ftags&post=693902"}],"curies":[{"name":"wp","href":"https:\/\/api.w.org\/{rel}","templated":true}]}}