{"id":693900,"date":"2026-08-31T01:16:28","date_gmt":"2026-08-31T05:16:28","guid":{"rendered":"https:\/\/diariodominicano.com\/?p=693900"},"modified":"2026-08-31T01:16:34","modified_gmt":"2026-08-31T05:16:34","slug":"referendum-de-islandia-del-29-de-agosto","status":"publish","type":"post","link":"https:\/\/diariodominicano.com\/?p=693900","title":{"rendered":"Refer\u00e9ndum de Islandia del 29 de agosto"},"content":{"rendered":"\n<p class=\"wp-block-paragraph\">Comunicado de prensa<\/p>\n\n\n\n<p class=\"wp-block-paragraph\">30 de agosto de 2026<\/p>\n\n\n\n<p class=\"wp-block-paragraph\">Estados Unidos toma nota del refer\u00e9ndum celebrado en Islandia el 29 de agosto sobre la reanudaci\u00f3n de las negociaciones de adhesi\u00f3n a la UE, expres\u00f3 Thomas \u00abTommy\u00bb Pigott, Portavoz.<\/p>\n\n\n\n<p class=\"wp-block-paragraph\"> \u00abRespetamos la decisi\u00f3n soberana del pueblo island\u00e9s y confiamos en que Islandia seguir\u00e1 consolid\u00e1ndose como un aliado s\u00f3lido y valioso de la OTAN y un socio cercano de Estados Unidos y Europa. Esperamos fortalecer nuestra colaboraci\u00f3n con Islandia en todos los \u00e1mbitos, incluyendo la seguridad, la energ\u00eda, la innovaci\u00f3n y los lazos econ\u00f3micos y culturales, para seguir impulsando nuestra visi\u00f3n compartida de paz y prosperidad\u00bb.<\/p>\n\n\n\n<p class=\"wp-block-paragraph\">U.S. Department of State<\/p>\n\n\n\n<p class=\"wp-block-paragraph\"><a target=\"_blank\" href=\"mailto:usstatebpa@public.govdelivery.com\" rel=\"noreferrer noopener\">usstatebpa@public.go<\/a><\/p>\n","protected":false},"excerpt":{"rendered":"<p>Comunicado de prensa 30 de agosto de 2026 Estados Unidos toma nota del refer\u00e9ndum celebrado en Islandia el 29 de agosto sobre la reanudaci\u00f3n de las negociaciones de adhesi\u00f3n a la UE, expres\u00f3 Thomas \u00abTommy\u00bb Pigott, Portavoz. \u00abRespetamos la decisi\u00f3n soberana del pueblo island\u00e9s y confiamos en que Islandia seguir\u00e1 consolid\u00e1ndose como un aliado s\u00f3lido [&hellip;]<\/p>\n","protected":false},"author":2,"featured_media":688129,"comment_status":"closed","ping_status":"closed","sticky":false,"template":"","format":"standard","meta":{"footnotes":""},"categories":[23],"tags":[8106],"class_list":["post-693900","post","type-post","status-publish","format-standard","has-post-thumbnail","hentry","category-internacional","tag-islandia"],"_links":{"self":[{"href":"https:\/\/diariodominicano.com\/index.php?rest_route=\/wp\/v2\/posts\/693900","targetHints":{"allow":["GET"]}}],"collection":[{"href":"https:\/\/diariodominicano.com\/index.php?rest_route=\/wp\/v2\/posts"}],"about":[{"href":"https:\/\/diariodominicano.com\/index.php?rest_route=\/wp\/v2\/types\/post"}],"author":[{"embeddable":true,"href":"https:\/\/diariodominicano.com\/index.php?rest_route=\/wp\/v2\/users\/2"}],"replies":[{"embeddable":true,"href":"https:\/\/diariodominicano.com\/index.php?rest_route=%2Fwp%2Fv2%2Fcomments&post=693900"}],"version-history":[{"count":1,"href":"https:\/\/diariodominicano.com\/index.php?rest_route=\/wp\/v2\/posts\/693900\/revisions"}],"predecessor-version":[{"id":693901,"href":"https:\/\/diariodominicano.com\/index.php?rest_route=\/wp\/v2\/posts\/693900\/revisions\/693901"}],"wp:featuredmedia":[{"embeddable":true,"href":"https:\/\/diariodominicano.com\/index.php?rest_route=\/wp\/v2\/media\/688129"}],"wp:attachment":[{"href":"https:\/\/diariodominicano.com\/index.php?rest_route=%2Fwp%2Fv2%2Fmedia&parent=693900"}],"wp:term":[{"taxonomy":"category","embeddable":true,"href":"https:\/\/diariodominicano.com\/index.php?rest_route=%2Fwp%2Fv2%2Fcategories&post=693900"},{"taxonomy":"post_tag","embeddable":true,"href":"https:\/\/diariodominicano.com\/index.php?rest_route=%2Fwp%2Fv2%2Ftags&post=693900"}],"curies":[{"name":"wp","href":"https:\/\/api.w.org\/{rel}","templated":true}]}}