{"id":693891,"date":"2026-08-31T00:56:17","date_gmt":"2026-08-31T04:56:17","guid":{"rendered":"https:\/\/diariodominicano.com\/?p=693891"},"modified":"2026-08-31T00:56:23","modified_gmt":"2026-08-31T04:56:23","slug":"viceministro-cubano-denuncia-campana-mediatica-de-eeuu","status":"publish","type":"post","link":"https:\/\/diariodominicano.com\/?p=693891","title":{"rendered":"Viceministro cubano denuncia campa\u00f1a medi\u00e1tica de EEUU"},"content":{"rendered":"\n<p class=\"wp-block-paragraph\">La Habana, 30 ago (Prensa Latina) El viceministro cubano de Relaciones Exteriores, Carlos Fern\u00e1ndez de Coss\u00edo, denunci\u00f3 hoy que Estados Unidos financia art\u00edculos de prensa para justificar una agresi\u00f3n militar contra Cuba, en medio de movimientos militares en Puerto Rico.<\/p>\n\n\n\n<ul class=\"wp-block-list\">\n<li><a href=\"https:\/\/www.prensa-latina.cu\/2026\/08\/30\/\"><time>agosto 30, 2026 | 13:49<\/time><\/a><\/li>\n<\/ul>\n\n\n\n<ul class=\"wp-block-list\">\n<li><a href=\"https:\/\/www.prensa-latina.cu\/2026\/08\/30\/viceministro-cubano-denuncia-campana-mediatica-de-eeuu\/#\"><\/a><\/li>\n\n\n\n<li><a href=\"https:\/\/www.prensa-latina.cu\/2026\/08\/30\/viceministro-cubano-denuncia-campana-mediatica-de-eeuu\/#\"><\/a><\/li>\n\n\n\n<li><a href=\"https:\/\/www.prensa-latina.cu\/2026\/08\/30\/viceministro-cubano-denuncia-campana-mediatica-de-eeuu\/#\"><\/a><\/li>\n\n\n\n<li><a href=\"https:\/\/www.prensa-latina.cu\/2026\/08\/30\/viceministro-cubano-denuncia-campana-mediatica-de-eeuu\/#\"><\/a><\/li>\n<\/ul>\n\n\n\n<p class=\"wp-block-paragraph\">En un mensaje publicado en la red social X, el diplom\u00e1tico se\u00f1al\u00f3 que \u00abla noticia de moda son los movimientos y manejos militares en Puerto Rico\u00bb, pero advirti\u00f3 que en ninguno de esos art\u00edculos aparece \u00abreflexi\u00f3n alguna sobre la legalidad de un acto criminal como el que se promueve\u00bb.<\/p>\n\n\n\n<p class=\"wp-block-paragraph\">Fern\u00e1ndez de Coss\u00edo critic\u00f3 que los textos omitan cualquier menci\u00f3n a una posible excusa que justifique la agresi\u00f3n, al da\u00f1o que provocar\u00eda en vidas y destrucci\u00f3n, al escenario de inestabilidad regional que generar\u00eda y, \u00abmucho menos, al car\u00e1cter profundamente inmoral de la pretensi\u00f3n\u00bb.<\/p>\n\n\n\n<p class=\"wp-block-paragraph\">El viceministro denunci\u00f3 que el gobierno estadounidense complementa esta campa\u00f1a con \u00abart\u00edculos de opini\u00f3n a cargo de mentirosos por contrato\u00bb, cuya tarea es inflar \u00abla falacia de que Cuba constituya o pueda constituir una amenaza contra EEUU\u00bb.<\/p>\n\n\n\n<p class=\"wp-block-paragraph\">Subray\u00f3 que esa afirmaci\u00f3n es absurda frente al poder\u00edo militar de Estados Unidos: la mayor potencia nuclear del planeta, que cuenta con cinco mil 200 ojivas nucleares, 11 portaviones, bases o presencia militar por todo el hemisferio, y poderosas agencias de espionaje.<\/p>\n\n\n\n<p class=\"wp-block-paragraph\">Fern\u00e1ndez de Coss\u00edo record\u00f3 adem\u00e1s que Washington tiene \u00abla capacidad de intimidar econ\u00f3mica y comercialmente casi a cualquier pa\u00eds\u00bb, lo que hace a\u00fan m\u00e1s rid\u00edcula la pretensi\u00f3n de presentar a Cuba como una amenaza.<\/p>\n\n\n\n<p class=\"wp-block-paragraph\">El viceministro concluy\u00f3 que la campa\u00f1a medi\u00e1tica estadounidense busca \u00abconvencer al p\u00fablico de la inevitabilidad, natural materializaci\u00f3n y eventual ejecuci\u00f3n de una agresi\u00f3n militar contra Cuba\u00bb, y alert\u00f3 sobre el peligro que representa esta escalada propagand\u00edstica.<\/p>\n\n\n\n<p class=\"wp-block-paragraph\">ool\/mks<\/p>\n\n\n\n<ul class=\"wp-block-list\">\n<li>#<a href=\"https:\/\/www.prensa-latina.cu\/etiqueta\/cuba\/\">cuba<\/a><\/li>\n<\/ul>\n","protected":false},"excerpt":{"rendered":"<p>La Habana, 30 ago (Prensa Latina) El viceministro cubano de Relaciones Exteriores, Carlos Fern\u00e1ndez de Coss\u00edo, denunci\u00f3 hoy que Estados Unidos financia art\u00edculos de prensa para justificar una agresi\u00f3n militar contra Cuba, en medio de movimientos militares en Puerto Rico. En un mensaje publicado en la red social X, el diplom\u00e1tico se\u00f1al\u00f3 que \u00abla noticia [&hellip;]<\/p>\n","protected":false},"author":2,"featured_media":693892,"comment_status":"open","ping_status":"closed","sticky":false,"template":"","format":"standard","meta":{"footnotes":""},"categories":[23],"tags":[3100],"class_list":["post-693891","post","type-post","status-publish","format-standard","has-post-thumbnail","hentry","category-internacional","tag-cuba"],"_links":{"self":[{"href":"https:\/\/diariodominicano.com\/index.php?rest_route=\/wp\/v2\/posts\/693891","targetHints":{"allow":["GET"]}}],"collection":[{"href":"https:\/\/diariodominicano.com\/index.php?rest_route=\/wp\/v2\/posts"}],"about":[{"href":"https:\/\/diariodominicano.com\/index.php?rest_route=\/wp\/v2\/types\/post"}],"author":[{"embeddable":true,"href":"https:\/\/diariodominicano.com\/index.php?rest_route=\/wp\/v2\/users\/2"}],"replies":[{"embeddable":true,"href":"https:\/\/diariodominicano.com\/index.php?rest_route=%2Fwp%2Fv2%2Fcomments&post=693891"}],"version-history":[{"count":1,"href":"https:\/\/diariodominicano.com\/index.php?rest_route=\/wp\/v2\/posts\/693891\/revisions"}],"predecessor-version":[{"id":693893,"href":"https:\/\/diariodominicano.com\/index.php?rest_route=\/wp\/v2\/posts\/693891\/revisions\/693893"}],"wp:featuredmedia":[{"embeddable":true,"href":"https:\/\/diariodominicano.com\/index.php?rest_route=\/wp\/v2\/media\/693892"}],"wp:attachment":[{"href":"https:\/\/diariodominicano.com\/index.php?rest_route=%2Fwp%2Fv2%2Fmedia&parent=693891"}],"wp:term":[{"taxonomy":"category","embeddable":true,"href":"https:\/\/diariodominicano.com\/index.php?rest_route=%2Fwp%2Fv2%2Fcategories&post=693891"},{"taxonomy":"post_tag","embeddable":true,"href":"https:\/\/diariodominicano.com\/index.php?rest_route=%2Fwp%2Fv2%2Ftags&post=693891"}],"curies":[{"name":"wp","href":"https:\/\/api.w.org\/{rel}","templated":true}]}}