{"id":693888,"date":"2026-08-31T00:53:34","date_gmt":"2026-08-31T04:53:34","guid":{"rendered":"https:\/\/diariodominicano.com\/?p=693888"},"modified":"2026-08-31T00:53:41","modified_gmt":"2026-08-31T04:53:41","slug":"concluyo-34-feria-internacional-del-libro-en-el-centro-de-cuba","status":"publish","type":"post","link":"https:\/\/diariodominicano.com\/?p=693888","title":{"rendered":"Concluy\u00f3 34 Feria Internacional del Libro en el centro de Cuba"},"content":{"rendered":"\n<p class=\"wp-block-paragraph\">Santa Clara, Cuba, 30 ago (Prensa Latina) Tras dos jornadas de presentaciones de textos de narrativa, poes\u00eda, teatro, ensayo, entre otros g\u00e9neros; finaliz\u00f3 hoy en Villa Clara, en el centro de Cuba, la 34 edici\u00f3n de la Feria Internacional del Libro y la Literatura.<\/p>\n\n\n\n<ul class=\"wp-block-list\">\n<li><a href=\"https:\/\/www.prensa-latina.cu\/2026\/08\/30\/\"><time>agosto 30, 2026 | 23:35<\/time><\/a><\/li>\n<\/ul>\n\n\n\n<ul class=\"wp-block-list\">\n<li><a href=\"https:\/\/www.prensa-latina.cu\/2026\/08\/30\/concluyo-34-feria-internacional-del-libro-en-el-centro-de-cuba\/#\"><\/a><\/li>\n\n\n\n<li><a href=\"https:\/\/www.prensa-latina.cu\/2026\/08\/30\/concluyo-34-feria-internacional-del-libro-en-el-centro-de-cuba\/#\"><\/a><\/li>\n\n\n\n<li><a href=\"https:\/\/www.prensa-latina.cu\/2026\/08\/30\/concluyo-34-feria-internacional-del-libro-en-el-centro-de-cuba\/#\"><\/a><\/li>\n\n\n\n<li><a href=\"https:\/\/www.prensa-latina.cu\/2026\/08\/30\/concluyo-34-feria-internacional-del-libro-en-el-centro-de-cuba\/#\"><\/a><\/li>\n<\/ul>\n\n\n\n<p class=\"wp-block-paragraph\">El evento promovi\u00f3 m\u00e1s de una veintena de novedades editoriales de los sellos territoriales Capiro y Sed de Belleza, esta \u00faltima la casa editora de la Asociaci\u00f3n Hermanos Sa\u00edz en esta provincia cubana.<\/p>\n\n\n\n<p class=\"wp-block-paragraph\">Igualmente, como parte de las presentaciones en los diversos programas profesionales de la Feria, se mostraron al p\u00fablico los m\u00e1s recientes n\u00fameros de revistas culturales de Villa Clara como \u201cUmbral\u201d, \u201cViolas\u201d e \u201cIslas\u201d.<\/p>\n\n\n\n<p class=\"wp-block-paragraph\">El presidente del Instituto Cubano del Libro, Juan Rodr\u00edguez Cabrera, al asistir este fin de semana al evento literario celebrado en la provincia, destac\u00f3 la trascendencia cultural de la actual edici\u00f3n de la Feria Internacional del Libro, mientras ponder\u00f3 las potencialidades de Villa Clara para realizar esta fiesta de las letras.<\/p>\n\n\n\n<p class=\"wp-block-paragraph\">Rodr\u00edguez Cabrera indic\u00f3 en declaraciones a la prensa local que la cita se prepar\u00f3 como homenaje a Fidel Castro, en el a\u00f1o del centenario de su natalicio, quien \u201cla ide\u00f3, la llev\u00f3 al pueblo, y ese pueblo culto siempre espera su feria como un regalo\u201d.<\/p>\n\n\n\n<p class=\"wp-block-paragraph\">\u201cEste a\u00f1o se cumplen 26 a\u00f1os del Sistema de ediciones territoriales que fund\u00f3 Fidel, ya esa idea genial ha producido m\u00e1s de cinco millones de libros y m\u00e1s de cinco mil escritores han podido hacer visible su obra\u201d, a\u00f1adi\u00f3 el funcionario.<\/p>\n\n\n\n<p class=\"wp-block-paragraph\">ga\/gec<\/p>\n\n\n\n<ul class=\"wp-block-list\">\n<li>#<a href=\"https:\/\/www.prensa-latina.cu\/etiqueta\/cuba\/\">cuba<\/a>\u00a0#<a href=\"https:\/\/www.prensa-latina.cu\/etiqueta\/cultura\/\">cultura<\/a><\/li>\n<\/ul>\n","protected":false},"excerpt":{"rendered":"<p>Santa Clara, Cuba, 30 ago (Prensa Latina) Tras dos jornadas de presentaciones de textos de narrativa, poes\u00eda, teatro, ensayo, entre otros g\u00e9neros; finaliz\u00f3 hoy en Villa Clara, en el centro de Cuba, la 34 edici\u00f3n de la Feria Internacional del Libro y la Literatura. El evento promovi\u00f3 m\u00e1s de una veintena de novedades editoriales de [&hellip;]<\/p>\n","protected":false},"author":2,"featured_media":693889,"comment_status":"open","ping_status":"closed","sticky":false,"template":"","format":"standard","meta":{"footnotes":""},"categories":[21,23],"tags":[3100],"class_list":["post-693888","post","type-post","status-publish","format-standard","has-post-thumbnail","hentry","category-cultura","category-internacional","tag-cuba"],"_links":{"self":[{"href":"https:\/\/diariodominicano.com\/index.php?rest_route=\/wp\/v2\/posts\/693888","targetHints":{"allow":["GET"]}}],"collection":[{"href":"https:\/\/diariodominicano.com\/index.php?rest_route=\/wp\/v2\/posts"}],"about":[{"href":"https:\/\/diariodominicano.com\/index.php?rest_route=\/wp\/v2\/types\/post"}],"author":[{"embeddable":true,"href":"https:\/\/diariodominicano.com\/index.php?rest_route=\/wp\/v2\/users\/2"}],"replies":[{"embeddable":true,"href":"https:\/\/diariodominicano.com\/index.php?rest_route=%2Fwp%2Fv2%2Fcomments&post=693888"}],"version-history":[{"count":1,"href":"https:\/\/diariodominicano.com\/index.php?rest_route=\/wp\/v2\/posts\/693888\/revisions"}],"predecessor-version":[{"id":693890,"href":"https:\/\/diariodominicano.com\/index.php?rest_route=\/wp\/v2\/posts\/693888\/revisions\/693890"}],"wp:featuredmedia":[{"embeddable":true,"href":"https:\/\/diariodominicano.com\/index.php?rest_route=\/wp\/v2\/media\/693889"}],"wp:attachment":[{"href":"https:\/\/diariodominicano.com\/index.php?rest_route=%2Fwp%2Fv2%2Fmedia&parent=693888"}],"wp:term":[{"taxonomy":"category","embeddable":true,"href":"https:\/\/diariodominicano.com\/index.php?rest_route=%2Fwp%2Fv2%2Fcategories&post=693888"},{"taxonomy":"post_tag","embeddable":true,"href":"https:\/\/diariodominicano.com\/index.php?rest_route=%2Fwp%2Fv2%2Ftags&post=693888"}],"curies":[{"name":"wp","href":"https:\/\/api.w.org\/{rel}","templated":true}]}}