{"id":693885,"date":"2026-08-31T00:50:08","date_gmt":"2026-08-31T04:50:08","guid":{"rendered":"https:\/\/diariodominicano.com\/?p=693885"},"modified":"2026-08-31T00:50:16","modified_gmt":"2026-08-31T04:50:16","slug":"aeropuerto-de-maiquetia-reinicia-operaciones-comerciales-en-venezuela","status":"publish","type":"post","link":"https:\/\/diariodominicano.com\/?p=693885","title":{"rendered":"Aeropuerto de Maiquet\u00eda reinicia operaciones comerciales en Venezuela"},"content":{"rendered":"\n<p class=\"wp-block-paragraph\">Caracas 31, ago (Prensa Latina) Tras poco m\u00e1s de dos meses de cierre por los efectos devastadores del doble terremoto del 24 junio, el aeropuerto internacional Sim\u00f3n Bol\u00edvar de Maiquet\u00eda, estado de La Guaira, Venezuela, reiniciar\u00e1 hoy sus operaciones comerciales.<\/p>\n\n\n\n<ul class=\"wp-block-list\">\n<li><a href=\"https:\/\/www.prensa-latina.cu\/2026\/08\/31\/\"><time>agosto 31, 2026 | 00:14<\/time><\/a><\/li>\n<\/ul>\n\n\n\n<ul class=\"wp-block-list\">\n<li><a href=\"https:\/\/www.prensa-latina.cu\/2026\/08\/31\/aeropuerto-de-maiquetia-reinicia-operaciones-comerciales-en-venezuela\/#\"><\/a><\/li>\n\n\n\n<li><a href=\"https:\/\/www.prensa-latina.cu\/2026\/08\/31\/aeropuerto-de-maiquetia-reinicia-operaciones-comerciales-en-venezuela\/#\"><\/a><\/li>\n\n\n\n<li><a href=\"https:\/\/www.prensa-latina.cu\/2026\/08\/31\/aeropuerto-de-maiquetia-reinicia-operaciones-comerciales-en-venezuela\/#\"><\/a><\/li>\n\n\n\n<li><a href=\"https:\/\/www.prensa-latina.cu\/2026\/08\/31\/aeropuerto-de-maiquetia-reinicia-operaciones-comerciales-en-venezuela\/#\"><\/a><\/li>\n<\/ul>\n\n\n\n<p class=\"wp-block-paragraph\">Los vuelos se reiniciar\u00e1n gracias a la instalaci\u00f3n de dos terminales temporales aleda\u00f1as a la estructura principal que sufri\u00f3 da\u00f1os considerables en su infraestructura y dispone de todas las facilidades de tramitaci\u00f3n y seguridad para los viajeros.<\/p>\n\n\n\n<p class=\"wp-block-paragraph\">El Instituto aeropuerto internacional de Maiquet\u00eda (IAIM) anunci\u00f3 en un comunicado que esta apertura es posible \u201cgracias a nuestra inquebrantable resiliencia\u201d y a un proceso de reconstrucci\u00f3n, bajo altos est\u00e1ndares de calidad y \u00faltimas tecnolog\u00edas.<\/p>\n\n\n\n<p class=\"wp-block-paragraph\">Indic\u00f3 que, m\u00e1s que una infraestructura, este espacio representa una \u201cprofunda reconexi\u00f3n con el mundo y con lo nuestro\u201d, el reencuentro con nuestras ra\u00edces, la uni\u00f3n de familias y la certeza de que la puerta de Venezuela sigue abierta al porvenir.<\/p>\n\n\n\n<p class=\"wp-block-paragraph\">El texto invit\u00f3 a los pasajeros comunicarse directamente con sus respectivas aerol\u00edneas, para verificar la \u201creprogramaci\u00f3n de sus vuelos hacia los terminales temporales\u201d.<\/p>\n\n\n\n<p class=\"wp-block-paragraph\">Exhort\u00f3 a los usuarios a utilizar los canales oficiales y a mantenerse atentos a \u201cnuestras redes sociales para pr\u00f3ximos anuncios y actualizaciones\u201d. Venezuela renace y Maiquet\u00eda tambi\u00e9n, indic\u00f3.<\/p>\n\n\n\n<p class=\"wp-block-paragraph\">La presidenta encargada Delcy Rodr\u00edguez recorri\u00f3 el s\u00e1bado, junto a otras autoridades, las instalaciones de la terminal a\u00e9rea para constatar los avances de las labores de recuperaci\u00f3n que garantizar\u00e1n la conectividad a\u00e9rea del pa\u00eds, inform\u00f3 la Presidencia.<\/p>\n\n\n\n<p class=\"wp-block-paragraph\">Los espacios habilitados disponen de las capacidades \u201cpara la atenci\u00f3n fluida\u201d de los usuarios, con capacidad en la salida para 720 personas en la internacional y 480 en la nacional, mientras en la llegada ser\u00e1 de 496 viajeros y 472, respectivamente.<\/p>\n\n\n\n<p class=\"wp-block-paragraph\">Entre las opciones que tendr\u00e1n los pasajeros se encuentran la conexi\u00f3n Wi-fi ilimitada, atenci\u00f3n las 24 horas, puntos de carga para dispositivos electr\u00f3nicos, sistemas de aire acondicionado industrial y bater\u00edas de ba\u00f1os, c\u00e1maras de seguridad, de servicios m\u00e9dicos y distribuidores de alimentos y bebidas.<\/p>\n\n\n\n<p class=\"wp-block-paragraph\">En esta primera etapa se prev\u00e9 retomen sus vuelos internacionales las aerol\u00edneas American Airlines (3 de septiembre); Avior Airlines (el 7\/9); Copa Airlines (el 1\/9); Air Europa; Plus Ultra (el 8\/9); Avianca; Latam Airlines y GOL Linhas (15\/9).<\/p>\n\n\n\n<p class=\"wp-block-paragraph\">En el \u00e1mbito nacional lo har\u00e1n Aeropostal, Rutaca y Laser Airlines, que tambi\u00e9n volar\u00e1 a destinos internacionales, seg\u00fan fuentes period\u00edsticas.<\/p>\n\n\n\n<p class=\"wp-block-paragraph\">arc\/jcd<\/p>\n\n\n\n<ul class=\"wp-block-list\">\n<li>#<a href=\"https:\/\/www.prensa-latina.cu\/etiqueta\/aeropuerto\/\">aeropuerto<\/a>\u00a0#<a href=\"https:\/\/www.prensa-latina.cu\/etiqueta\/sismos\/\">sismos<\/a>\u00a0#<a href=\"https:\/\/www.prensa-latina.cu\/etiqueta\/venezuela\/\">Venezuela<\/a><\/li>\n<\/ul>\n","protected":false},"excerpt":{"rendered":"<p>Caracas 31, ago (Prensa Latina) Tras poco m\u00e1s de dos meses de cierre por los efectos devastadores del doble terremoto del 24 junio, el aeropuerto internacional Sim\u00f3n Bol\u00edvar de Maiquet\u00eda, estado de La Guaira, Venezuela, reiniciar\u00e1 hoy sus operaciones comerciales. Los vuelos se reiniciar\u00e1n gracias a la instalaci\u00f3n de dos terminales temporales aleda\u00f1as a la [&hellip;]<\/p>\n","protected":false},"author":2,"featured_media":693886,"comment_status":"open","ping_status":"closed","sticky":false,"template":"","format":"standard","meta":{"footnotes":""},"categories":[18,23,32],"tags":[8124,1375],"class_list":["post-693885","post","type-post","status-publish","format-standard","has-post-thumbnail","hentry","category-economia","category-internacional","category-turismo","tag-maiquetia","tag-venezuela"],"_links":{"self":[{"href":"https:\/\/diariodominicano.com\/index.php?rest_route=\/wp\/v2\/posts\/693885","targetHints":{"allow":["GET"]}}],"collection":[{"href":"https:\/\/diariodominicano.com\/index.php?rest_route=\/wp\/v2\/posts"}],"about":[{"href":"https:\/\/diariodominicano.com\/index.php?rest_route=\/wp\/v2\/types\/post"}],"author":[{"embeddable":true,"href":"https:\/\/diariodominicano.com\/index.php?rest_route=\/wp\/v2\/users\/2"}],"replies":[{"embeddable":true,"href":"https:\/\/diariodominicano.com\/index.php?rest_route=%2Fwp%2Fv2%2Fcomments&post=693885"}],"version-history":[{"count":1,"href":"https:\/\/diariodominicano.com\/index.php?rest_route=\/wp\/v2\/posts\/693885\/revisions"}],"predecessor-version":[{"id":693887,"href":"https:\/\/diariodominicano.com\/index.php?rest_route=\/wp\/v2\/posts\/693885\/revisions\/693887"}],"wp:featuredmedia":[{"embeddable":true,"href":"https:\/\/diariodominicano.com\/index.php?rest_route=\/wp\/v2\/media\/693886"}],"wp:attachment":[{"href":"https:\/\/diariodominicano.com\/index.php?rest_route=%2Fwp%2Fv2%2Fmedia&parent=693885"}],"wp:term":[{"taxonomy":"category","embeddable":true,"href":"https:\/\/diariodominicano.com\/index.php?rest_route=%2Fwp%2Fv2%2Fcategories&post=693885"},{"taxonomy":"post_tag","embeddable":true,"href":"https:\/\/diariodominicano.com\/index.php?rest_route=%2Fwp%2Fv2%2Ftags&post=693885"}],"curies":[{"name":"wp","href":"https:\/\/api.w.org\/{rel}","templated":true}]}}