{"id":693882,"date":"2026-08-31T00:46:21","date_gmt":"2026-08-31T04:46:21","guid":{"rendered":"https:\/\/diariodominicano.com\/?p=693882"},"modified":"2026-08-31T00:46:28","modified_gmt":"2026-08-31T04:46:28","slug":"dominicana-honran-a-fidel-castro-y-objetan-expulsion-de-cubanos","status":"publish","type":"post","link":"https:\/\/diariodominicano.com\/?p=693882","title":{"rendered":"Dominicana: honran a Fidel Castro y objetan expulsi\u00f3n de cubanos"},"content":{"rendered":"\n<p class=\"wp-block-paragraph\">Santo Domingo, 30 ago (Prensa Latina) El movimiento dominicano Juventud Caribe salud\u00f3 hoy la conmemoraci\u00f3n del centenario de Fidel Castro, a quien calific\u00f3 de figura extraordinaria y emblem\u00e1tica de la Revoluci\u00f3n cubana y de la solidaridad con los pueblos que luchan por la paz.<\/p>\n\n\n\n<ul class=\"wp-block-list\">\n<li><a href=\"https:\/\/www.prensa-latina.cu\/2026\/08\/30\/\"><time>agosto 30, 2026 | 20:51<\/time><\/a><\/li>\n<\/ul>\n\n\n\n<ul class=\"wp-block-list\">\n<li><a href=\"https:\/\/www.prensa-latina.cu\/2026\/08\/30\/dominicana-honran-a-fidel-castro-y-objetan-expulsion-de-cubanos\/#\"><\/a><\/li>\n\n\n\n<li><a href=\"https:\/\/www.prensa-latina.cu\/2026\/08\/30\/dominicana-honran-a-fidel-castro-y-objetan-expulsion-de-cubanos\/#\"><\/a><\/li>\n\n\n\n<li><a href=\"https:\/\/www.prensa-latina.cu\/2026\/08\/30\/dominicana-honran-a-fidel-castro-y-objetan-expulsion-de-cubanos\/#\"><\/a><\/li>\n\n\n\n<li><a href=\"https:\/\/www.prensa-latina.cu\/2026\/08\/30\/dominicana-honran-a-fidel-castro-y-objetan-expulsion-de-cubanos\/#\"><\/a><\/li>\n<\/ul>\n\n\n\n<p class=\"wp-block-paragraph\">Al mismo tiempo, conden\u00f3 la reciente decisi\u00f3n del Gobierno dominicano de disponer, de manera injustificada, la salida de varios funcionarios de la Embajada de Cuba en este pa\u00eds, seg\u00fan una declaraci\u00f3n del Campamento Regional Este de Juventud Caribe.<\/p>\n\n\n\n<p class=\"wp-block-paragraph\">\u201cConsideramos que este es un hecho de sumisi\u00f3n a los designios del Gobierno de los Estados Unidos de Norteam\u00e9rica, que tiene un marcado inter\u00e9s en aislar al hermano pa\u00eds de Cuba, incrementar cada vez m\u00e1s el bloqueo econ\u00f3mico contra este y llevarlo al colapso\u201d, se\u00f1al\u00f3.<\/p>\n\n\n\n<p class=\"wp-block-paragraph\">Denunci\u00f3 que Cuba est\u00e1 siendo v\u00edctima de una pol\u00edtica de genocidio por parte del imperialismo norteamericano.<\/p>\n\n\n\n<p class=\"wp-block-paragraph\">Alert\u00f3 que el bloqueo econ\u00f3mico, comercial y financiero causa terribles penurias al pueblo \u00abal punto de que cientos de miles de personas, entre estas decenas de miles de ni\u00f1os y adolescentes, no pueden recibir en este momento atenciones m\u00e9dicas y quir\u00fargicas urgentes para preservar su salud y su vida\u00bb.<\/p>\n\n\n\n<p class=\"wp-block-paragraph\">\u00abEs en un momento tan crucial como este, de alto nivel de desarrollo de la ofensiva imperialista contra Cuba, que el Gobierno dominicano decide expulsar del pa\u00eds a los diplom\u00e1ticos de la isla, contraviniendo las relaciones hist\u00f3ricas de amistad, solidaridad y hermandad dominico-cubanas\u201d, manifest\u00f3.<\/p>\n\n\n\n<p class=\"wp-block-paragraph\">El Campamento llam\u00f3 a la administraci\u00f3n de Luis Abinader a desistir del apoyo a la pol\u00edtica de agresi\u00f3n que lleva a cabo la Casa Blanca y a inscribirse en la amistad e identidad hist\u00f3ricas que siempre han unido a los pueblos de Rep\u00fablica Dominicana y Cuba.<\/p>\n\n\n\n<p class=\"wp-block-paragraph\">mem\/mpv<\/p>\n\n\n\n<ul class=\"wp-block-list\">\n<li>#<a href=\"https:\/\/www.prensa-latina.cu\/etiqueta\/bloqueo\/\">bloqueo<\/a>\u00a0#<a href=\"https:\/\/www.prensa-latina.cu\/etiqueta\/cuba\/\">cuba<\/a>\u00a0#<a href=\"https:\/\/www.prensa-latina.cu\/etiqueta\/eeuu\/\">eeuu<\/a>\u00a0#<a href=\"https:\/\/www.prensa-latina.cu\/etiqueta\/juventud-caribe\/\">Juventud Caribe<\/a>\u00a0#<a href=\"https:\/\/www.prensa-latina.cu\/etiqueta\/solidaridad\/\">solidaridad<\/a><\/li>\n<\/ul>\n\n\n\n<p class=\"wp-block-paragraph\">MINUTO A MINUTO<\/p>\n\n\n\n<ul class=\"wp-block-list\">\n<li>00:37<\/li>\n<\/ul>\n\n\n\n<p class=\"wp-block-paragraph\"><a href=\"https:\/\/www.prensa-latina.cu\/2026\/08\/31\/cruz-roja-de-singapur-ofrece-ayuda-a-nepal\/\">Cruz Roja de Singapur ofrece ayuda a Nepal<\/a><\/p>\n\n\n\n<ul class=\"wp-block-list\">\n<li>00:30<\/li>\n<\/ul>\n\n\n\n<p class=\"wp-block-paragraph\"><a href=\"https:\/\/www.prensa-latina.cu\/2026\/08\/31\/iran-promete-responder-a-ataque-estadounidense-contra-isla-de-larak\/\">Ir\u00e1n promete responder a ataque estadounidense contra isla de Larak<\/a><\/p>\n\n\n\n<ul class=\"wp-block-list\">\n<li>00:25<\/li>\n<\/ul>\n\n\n\n<p class=\"wp-block-paragraph\"><a href=\"https:\/\/www.prensa-latina.cu\/2026\/08\/31\/transportistas-protestaran-en-guatemala-por-reformas-a-ley-vial\/\">Transportistas protestar\u00e1n en Guatemala por reformas a Ley Vial<\/a><\/p>\n\n\n\n<ul class=\"wp-block-list\">\n<li>00:23<\/li>\n<\/ul>\n\n\n\n<p class=\"wp-block-paragraph\"><a href=\"https:\/\/www.prensa-latina.cu\/2026\/08\/31\/cuestionan-participacion-de-kast-en-foro-de-la-ultraderecha-en-chile\/\">Cuestionan participaci\u00f3n de Kast en foro de la ultraderecha en Chile<\/a><\/p>\n\n\n\n<ul class=\"wp-block-list\">\n<li>00:21<\/li>\n<\/ul>\n\n\n\n<p class=\"wp-block-paragraph\"><a href=\"https:\/\/www.prensa-latina.cu\/2026\/08\/31\/india-y-chile-avanzaron-en-acuerdo-de-asociacion-economica-integral\/\">India y Chile avanzaron en acuerdo de asociaci\u00f3n econ\u00f3mica integral<\/a><\/p>\n\n\n\n<ul class=\"wp-block-list\">\n<li>00:14<\/li>\n<\/ul>\n\n\n\n<p class=\"wp-block-paragraph\"><a href=\"https:\/\/www.prensa-latina.cu\/2026\/08\/31\/aeropuerto-de-maiquetia-reinicia-operaciones-comerciales-en-venezuela\/\">Aeropuerto de Maiquet\u00eda reinicia operaciones comerciales en Venezuela<\/a><\/p>\n\n\n\n<p class=\"wp-block-paragraph\">relacionadas<\/p>\n\n\n\n<h4 class=\"wp-block-heading\"><a href=\"https:\/\/www.prensa-latina.cu\/2026\/08\/31\/iran-promete-responder-a-ataque-estadounidense-contra-isla-de-larak\/\">Ir\u00e1n promete responder a ataque estadounidense contra isla de Larak<\/a><\/h4>\n\n\n\n<ul class=\"wp-block-list\">\n<li>agosto 31, 2026<\/li>\n\n\n\n<li>00:30<\/li>\n<\/ul>\n\n\n\n<h4 class=\"wp-block-heading\"><a href=\"https:\/\/www.prensa-latina.cu\/2026\/08\/31\/latinoamerica-debe-unirse-ante-interes-de-eeuu-en-sus-recursos\/\">Latinoam\u00e9rica debe unirse ante inter\u00e9s de EEUU en sus recursos<\/a><\/h4>\n\n\n\n<ul class=\"wp-block-list\">\n<li>agosto 31, 2026<\/li>\n\n\n\n<li>00:09<\/li>\n<\/ul>\n\n\n\n<h4 class=\"wp-block-heading\"><a href=\"https:\/\/www.prensa-latina.cu\/2026\/08\/31\/pacho-alonso-un-legado-de-pueblo-y-corazon\/\">Pacho Alonso: Un legado de pueblo y coraz\u00f3n<\/a><\/h4>\n\n\n\n<ul class=\"wp-block-list\">\n<li>agosto 31, 2026<\/li>\n\n\n\n<li>00:06<\/li>\n<\/ul>\n\n\n\n<figure class=\"wp-block-image\"><img decoding=\"async\" src=\"https:\/\/www.prensa-latina.cu\/wp-content\/uploads\/2026\/08\/cuba-villa-clara-feria-libro-202-1.jpg\" alt=\"concluyo-34-feria-internacional-del-libro-en-el-centro-de-cuba\" class=\"wp-image-1786003\"\/><\/figure>\n\n\n\n<h4 class=\"wp-block-heading\"><a href=\"https:\/\/www.prensa-latina.cu\/2026\/08\/30\/concluyo-34-feria-internacional-del-libro-en-el-centro-de-cuba\/\">Concluy\u00f3 34 Feria Internacional del Libro en el centro de Cuba<\/a><\/h4>\n\n\n\n<ul class=\"wp-block-list\">\n<li>agosto 30, 2026<\/li>\n\n\n\n<li>23:35<\/li>\n<\/ul>\n\n\n\n<p class=\"wp-block-paragraph\">TASAS DE CAMBIO \/ EXCHANGE RATES<\/p>\n\n\n\n<p class=\"wp-block-paragraph\">31 &#8211; agosto &#8211; 2026<\/p>\n\n\n\n<p class=\"wp-block-paragraph\"><img decoding=\"async\" src=\"https:\/\/www.bc.gob.cu\/images\/flags\/us.png\" alt=\"USD\">USD<\/p>\n\n\n\n<p class=\"wp-block-paragraph\">634,00&nbsp;<small>CUP<\/small><\/p>\n\n\n\n<p class=\"wp-block-paragraph\"><img decoding=\"async\" src=\"https:\/\/www.bc.gob.cu\/images\/flags\/eu.png\" alt=\"EUR\">EUR<\/p>\n\n\n\n<p class=\"wp-block-paragraph\"><strong>\u2193-2.32<\/strong>734,68&nbsp;<small>CUP<\/small><\/p>\n\n\n\n<p class=\"wp-block-paragraph\"><img decoding=\"async\" src=\"https:\/\/www.bc.gob.cu\/images\/flags\/ca.png\" alt=\"CAD\">CAD<\/p>\n\n\n\n<p class=\"wp-block-paragraph\">456,05&nbsp;<small>CUP<\/small><\/p>\n\n\n\n<p class=\"wp-block-paragraph\"><img decoding=\"async\" src=\"https:\/\/www.bc.gob.cu\/images\/flags\/ru.png\" alt=\"RUB\">RUB<\/p>\n\n\n\n<p class=\"wp-block-paragraph\"><strong>\u2193-0.02<\/strong>7,36&nbsp;<small>CUP<\/small><\/p>\n\n\n\n<p class=\"wp-block-paragraph\"><img decoding=\"async\" src=\"https:\/\/www.bc.gob.cu\/images\/flags\/mx.png\" alt=\"MXN\">MXN<\/p>\n\n\n\n<p class=\"wp-block-paragraph\"><strong>\u2193-0.12<\/strong>37,19&nbsp;<small>CUP<\/small><\/p>\n\n\n\n<p class=\"wp-block-paragraph\"><img decoding=\"async\" src=\"https:\/\/www.bc.gob.cu\/images\/flags\/cn.png\" alt=\"CNY\">CNY<\/p>\n\n\n\n<p class=\"wp-block-paragraph\"><strong>\u2193-0.30<\/strong>94,25&nbsp;<small>CUP<\/small><\/p>\n\n\n\n<p class=\"wp-block-paragraph\"><img decoding=\"async\" src=\"https:\/\/www.bc.gob.cu\/images\/flags\/gb.png\" alt=\"GBP\">GBP<\/p>\n\n\n\n<p class=\"wp-block-paragraph\">858,28&nbsp;<small>CUP<\/small><\/p>\n\n\n\n<p class=\"wp-block-paragraph\"><img decoding=\"async\" src=\"https:\/\/www.bc.gob.cu\/images\/flags\/jp.png\" alt=\"JPY\">JPY&nbsp;*<\/p>\n\n\n\n<p class=\"wp-block-paragraph\">0,25&nbsp;<small>CUP<\/small><\/p>\n\n\n\n<p class=\"wp-block-paragraph\">Fue<\/p>\n","protected":false},"excerpt":{"rendered":"<p>Santo Domingo, 30 ago (Prensa Latina) El movimiento dominicano Juventud Caribe salud\u00f3 hoy la conmemoraci\u00f3n del centenario de Fidel Castro, a quien calific\u00f3 de figura extraordinaria y emblem\u00e1tica de la Revoluci\u00f3n cubana y de la solidaridad con los pueblos que luchan por la paz. Al mismo tiempo, conden\u00f3 la reciente decisi\u00f3n del Gobierno dominicano de [&hellip;]<\/p>\n","protected":false},"author":2,"featured_media":693883,"comment_status":"open","ping_status":"closed","sticky":false,"template":"","format":"standard","meta":{"footnotes":""},"categories":[26,23],"tags":[3100,4289],"class_list":["post-693882","post","type-post","status-publish","format-standard","has-post-thumbnail","hentry","category-efemerides","category-internacional","tag-cuba","tag-dominicana"],"_links":{"self":[{"href":"https:\/\/diariodominicano.com\/index.php?rest_route=\/wp\/v2\/posts\/693882","targetHints":{"allow":["GET"]}}],"collection":[{"href":"https:\/\/diariodominicano.com\/index.php?rest_route=\/wp\/v2\/posts"}],"about":[{"href":"https:\/\/diariodominicano.com\/index.php?rest_route=\/wp\/v2\/types\/post"}],"author":[{"embeddable":true,"href":"https:\/\/diariodominicano.com\/index.php?rest_route=\/wp\/v2\/users\/2"}],"replies":[{"embeddable":true,"href":"https:\/\/diariodominicano.com\/index.php?rest_route=%2Fwp%2Fv2%2Fcomments&post=693882"}],"version-history":[{"count":1,"href":"https:\/\/diariodominicano.com\/index.php?rest_route=\/wp\/v2\/posts\/693882\/revisions"}],"predecessor-version":[{"id":693884,"href":"https:\/\/diariodominicano.com\/index.php?rest_route=\/wp\/v2\/posts\/693882\/revisions\/693884"}],"wp:featuredmedia":[{"embeddable":true,"href":"https:\/\/diariodominicano.com\/index.php?rest_route=\/wp\/v2\/media\/693883"}],"wp:attachment":[{"href":"https:\/\/diariodominicano.com\/index.php?rest_route=%2Fwp%2Fv2%2Fmedia&parent=693882"}],"wp:term":[{"taxonomy":"category","embeddable":true,"href":"https:\/\/diariodominicano.com\/index.php?rest_route=%2Fwp%2Fv2%2Fcategories&post=693882"},{"taxonomy":"post_tag","embeddable":true,"href":"https:\/\/diariodominicano.com\/index.php?rest_route=%2Fwp%2Fv2%2Ftags&post=693882"}],"curies":[{"name":"wp","href":"https:\/\/api.w.org\/{rel}","templated":true}]}}