{"id":693867,"date":"2026-08-30T02:16:48","date_gmt":"2026-08-30T06:16:48","guid":{"rendered":"https:\/\/diariodominicano.com\/?p=693867"},"modified":"2026-08-30T02:16:54","modified_gmt":"2026-08-30T06:16:54","slug":"turquia-cita-a-embajador-ucraniano-por-ataques-contra-buques-turcos-in-mar-negro","status":"publish","type":"post","link":"https:\/\/diariodominicano.com\/?p=693867","title":{"rendered":"Turqu\u00eda cita a embajador ucraniano por ataques contra buques turcos in mar Negro"},"content":{"rendered":"\n<p class=\"wp-block-paragraph\"><em>spanish.news.cn<\/em>|<em>&nbsp;2026-08-30 04:01:30<\/em>|<\/p>\n\n\n\n<p class=\"wp-block-paragraph\">ANKARA, 29 ago (Xinhua) &#8212; El Ministerio de Relaciones Exteriores de Turqu\u00eda cit\u00f3 al embajador ucraniano en Ankara para hablar sobre una serie de ataques contra buques operados por Turqu\u00eda en el mar Negro, inform\u00f3 hoy s\u00e1bado una fuente an\u00f3nima de la canciller\u00eda turca.<\/p>\n\n\n\n<p class=\"wp-block-paragraph\">\u00abDurante la reuni\u00f3n, la reacci\u00f3n de Turqu\u00eda a los ataques en cuesti\u00f3n fue transmitida, y se emitieron las advertencias necesarias respecto a la urgencia de garantizar la seguridad y la protecci\u00f3n de la vida, la propiedad, la navegaci\u00f3n y el medio ambiente en el mar Negro\u00bb, agreg\u00f3 la fuente.<\/p>\n\n\n\n<p class=\"wp-block-paragraph\">La citaci\u00f3n fue hecha luego de una serie de ataques sobre buques comerciales operados por Turqu\u00eda en el mar Negro.<\/p>\n\n\n\n<p class=\"wp-block-paragraph\">De acuerdo con la fuente, el embajador ucraniano fue convocado luego del ataque contra el buque \u00abLider Bordo Mavi\u00bb, operado por Turqu\u00eda, frente a las costas de Tuapse, en el mar Negro, ocurrido el 26 de agosto, y el posterior ataque contra el buque \u00abLider Kocatepe\u00bb, que fue enviado el 27 de agosto para remolcar a la primera embarcaci\u00f3n.<\/p>\n\n\n\n<p class=\"wp-block-paragraph\">El vicepresidente turco, Cevdet Yilmaz, dijo a principios de esta semana que la escalada de ataques amenaza no solamente la seguridad humana y material, sino tambi\u00e9n la seguridad de la navegaci\u00f3n y del suministro mundial de alimentos.<\/p>\n","protected":false},"excerpt":{"rendered":"<p>spanish.news.cn|&nbsp;2026-08-30 04:01:30| ANKARA, 29 ago (Xinhua) &#8212; El Ministerio de Relaciones Exteriores de Turqu\u00eda cit\u00f3 al embajador ucraniano en Ankara para hablar sobre una serie de ataques contra buques operados por Turqu\u00eda en el mar Negro, inform\u00f3 hoy s\u00e1bado una fuente an\u00f3nima de la canciller\u00eda turca. \u00abDurante la reuni\u00f3n, la reacci\u00f3n de Turqu\u00eda a los [&hellip;]<\/p>\n","protected":false},"author":2,"featured_media":0,"comment_status":"closed","ping_status":"closed","sticky":false,"template":"","format":"standard","meta":{"footnotes":""},"categories":[23],"tags":[7854],"class_list":["post-693867","post","type-post","status-publish","format-standard","hentry","category-internacional","tag-turquia-2"],"_links":{"self":[{"href":"https:\/\/diariodominicano.com\/index.php?rest_route=\/wp\/v2\/posts\/693867","targetHints":{"allow":["GET"]}}],"collection":[{"href":"https:\/\/diariodominicano.com\/index.php?rest_route=\/wp\/v2\/posts"}],"about":[{"href":"https:\/\/diariodominicano.com\/index.php?rest_route=\/wp\/v2\/types\/post"}],"author":[{"embeddable":true,"href":"https:\/\/diariodominicano.com\/index.php?rest_route=\/wp\/v2\/users\/2"}],"replies":[{"embeddable":true,"href":"https:\/\/diariodominicano.com\/index.php?rest_route=%2Fwp%2Fv2%2Fcomments&post=693867"}],"version-history":[{"count":1,"href":"https:\/\/diariodominicano.com\/index.php?rest_route=\/wp\/v2\/posts\/693867\/revisions"}],"predecessor-version":[{"id":693868,"href":"https:\/\/diariodominicano.com\/index.php?rest_route=\/wp\/v2\/posts\/693867\/revisions\/693868"}],"wp:attachment":[{"href":"https:\/\/diariodominicano.com\/index.php?rest_route=%2Fwp%2Fv2%2Fmedia&parent=693867"}],"wp:term":[{"taxonomy":"category","embeddable":true,"href":"https:\/\/diariodominicano.com\/index.php?rest_route=%2Fwp%2Fv2%2Fcategories&post=693867"},{"taxonomy":"post_tag","embeddable":true,"href":"https:\/\/diariodominicano.com\/index.php?rest_route=%2Fwp%2Fv2%2Ftags&post=693867"}],"curies":[{"name":"wp","href":"https:\/\/api.w.org\/{rel}","templated":true}]}}