{"id":693601,"date":"2026-08-28T01:14:30","date_gmt":"2026-08-28T05:14:30","guid":{"rendered":"https:\/\/diariodominicano.com\/?p=693601"},"modified":"2026-08-28T01:14:36","modified_gmt":"2026-08-28T05:14:36","slug":"eeuu-se-prepara-para-retirar-alrededor-de-200-soldados-de-nigeria-senala-reporte","status":"publish","type":"post","link":"https:\/\/diariodominicano.com\/?p=693601","title":{"rendered":"EEUU se prepara para retirar alrededor de 200 soldados de Nigeria, se\u00f1ala reporte"},"content":{"rendered":"\n<p class=\"wp-block-paragraph\"><em>spanish.news.cn<\/em>|<em>&nbsp;2026-08-28 05:43:45<\/em>|<\/p>\n\n\n\n<p class=\"wp-block-paragraph\">WASHINGTON, 27 ago (Xinhua) &#8211;El Pent\u00e1gono se prepara para retirar a finales de septiembre a unos 200 soldados estadounidenses de Nigeria, se\u00f1alaron funcionarios del Ej\u00e9rcito de Estados Unidos citados hoy jueves en un reporte de The New York Times.<\/p>\n\n\n\n<p class=\"wp-block-paragraph\">Se espera que equipos peque\u00f1os de instructores y analistas de inteligencia estadounidenses permanezcan en el pa\u00eds tras la partida del contingente mayor, agregaron los funcionarios citados.<\/p>\n\n\n\n<p class=\"wp-block-paragraph\">Soldados de Estados Unidos fueron enviados al noreste de Nigeria en febrero, semanas despu\u00e9s de que el presidente estadounidense, Donald Trump, criticara al pa\u00eds por no proteger a los cristianos de ataques terroristas, a pesar de que tanto cristianos como musulmanes han sido v\u00edctimas de la violencia, explic\u00f3 el reporte.<\/p>\n\n\n\n<p class=\"wp-block-paragraph\">La misi\u00f3n de los soldados estadounidenses parece haber tenido un \u00e9xito limitado, seg\u00fan el reporte, el cual indic\u00f3 que el s\u00e1bado, hombres armados llevaron a cabo un gran ataque contra una base militar en el noreste del pa\u00eds.<\/p>\n\n\n\n<p class=\"wp-block-paragraph\">Seg\u00fan informes, en d\u00edas recientes hombres armados asesinaron en el noroeste de Nigeria a m\u00e1s de una docena de personas, incluyendo a un im\u00e1n, y a por lo menos a 25 personas en un pueblo de la zona central de Nigeria.<\/p>\n","protected":false},"excerpt":{"rendered":"<p>spanish.news.cn|&nbsp;2026-08-28 05:43:45| WASHINGTON, 27 ago (Xinhua) &#8211;El Pent\u00e1gono se prepara para retirar a finales de septiembre a unos 200 soldados estadounidenses de Nigeria, se\u00f1alaron funcionarios del Ej\u00e9rcito de Estados Unidos citados hoy jueves en un reporte de The New York Times. Se espera que equipos peque\u00f1os de instructores y analistas de inteligencia estadounidenses permanezcan en [&hellip;]<\/p>\n","protected":false},"author":2,"featured_media":0,"comment_status":"open","ping_status":"closed","sticky":false,"template":"","format":"standard","meta":{"footnotes":""},"categories":[23],"tags":[8093,3955],"class_list":["post-693601","post","type-post","status-publish","format-standard","hentry","category-internacional","tag-200-soldados","tag-eeuu"],"_links":{"self":[{"href":"https:\/\/diariodominicano.com\/index.php?rest_route=\/wp\/v2\/posts\/693601","targetHints":{"allow":["GET"]}}],"collection":[{"href":"https:\/\/diariodominicano.com\/index.php?rest_route=\/wp\/v2\/posts"}],"about":[{"href":"https:\/\/diariodominicano.com\/index.php?rest_route=\/wp\/v2\/types\/post"}],"author":[{"embeddable":true,"href":"https:\/\/diariodominicano.com\/index.php?rest_route=\/wp\/v2\/users\/2"}],"replies":[{"embeddable":true,"href":"https:\/\/diariodominicano.com\/index.php?rest_route=%2Fwp%2Fv2%2Fcomments&post=693601"}],"version-history":[{"count":1,"href":"https:\/\/diariodominicano.com\/index.php?rest_route=\/wp\/v2\/posts\/693601\/revisions"}],"predecessor-version":[{"id":693602,"href":"https:\/\/diariodominicano.com\/index.php?rest_route=\/wp\/v2\/posts\/693601\/revisions\/693602"}],"wp:attachment":[{"href":"https:\/\/diariodominicano.com\/index.php?rest_route=%2Fwp%2Fv2%2Fmedia&parent=693601"}],"wp:term":[{"taxonomy":"category","embeddable":true,"href":"https:\/\/diariodominicano.com\/index.php?rest_route=%2Fwp%2Fv2%2Fcategories&post=693601"},{"taxonomy":"post_tag","embeddable":true,"href":"https:\/\/diariodominicano.com\/index.php?rest_route=%2Fwp%2Fv2%2Ftags&post=693601"}],"curies":[{"name":"wp","href":"https:\/\/api.w.org\/{rel}","templated":true}]}}