{"id":693069,"date":"2026-08-24T11:52:39","date_gmt":"2026-08-24T15:52:39","guid":{"rendered":"https:\/\/diariodominicano.com\/?p=693069"},"modified":"2026-08-24T11:52:44","modified_gmt":"2026-08-24T15:52:44","slug":"ue-exige-a-israel-cancelar-planes-de-asentamientos","status":"publish","type":"post","link":"https:\/\/diariodominicano.com\/?p=693069","title":{"rendered":"UE exige a Israel cancelar planes de asentamientos"},"content":{"rendered":"\n<p class=\"wp-block-paragraph\">Bruselas, 24 ago (Prensa Latina) La Uni\u00f3n Europea (UE) inst\u00f3 hoy al Gobierno de Israel a retirar sus proyectos de viviendas para colonos jud\u00edos en el \u00e1rea E-1, Cisjordania, al considerar que da\u00f1an la soluci\u00f3n de dos Estados.<\/p>\n\n\n\n<ul class=\"wp-block-list\">\n<li><a href=\"https:\/\/www.prensa-latina.cu\/2026\/08\/24\/\"><time>agosto 24, 2026 | 11:13<\/time><\/a><\/li>\n<\/ul>\n\n\n\n<ul class=\"wp-block-list\">\n<li><a href=\"https:\/\/www.prensa-latina.cu\/2026\/08\/24\/ue-exige-a-israel-cancelar-planes-de-asentamientos\/#\"><\/a><\/li>\n\n\n\n<li><a href=\"https:\/\/www.prensa-latina.cu\/2026\/08\/24\/ue-exige-a-israel-cancelar-planes-de-asentamientos\/#\"><\/a><\/li>\n\n\n\n<li><a href=\"https:\/\/www.prensa-latina.cu\/2026\/08\/24\/ue-exige-a-israel-cancelar-planes-de-asentamientos\/#\"><\/a><\/li>\n\n\n\n<li><a href=\"https:\/\/www.prensa-latina.cu\/2026\/08\/24\/ue-exige-a-israel-cancelar-planes-de-asentamientos\/#\"><\/a><\/li>\n<\/ul>\n\n\n\n<p class=\"wp-block-paragraph\">El texto oficial, difundido por la oficina de prensa de la jefa de la diplomacia comunitaria, Kaja Kallas, subraya que la edificaci\u00f3n en esa franja socavar\u00e1 las perspectivas de arreglo basado en la coexistencia de dos Estados. La UE exige detener todos los planes de ampliaci\u00f3n de asentamientos y depurar responsabilidades por la violencia de los colonos.<\/p>\n\n\n\n<p class=\"wp-block-paragraph\">Los asentamientos israel\u00edes en Cisjordania, incluida la zona E-1, son ilegales conforme al derecho internacional, enfatiza el comunicado, que advierte que esta iniciativa \u00abdividir\u00e1 el territorio en dos, aislar\u00e1 Jerusal\u00e9n Este y minar\u00e1 la viabilidad de una paz duradera\u00bb.<\/p>\n\n\n\n<p class=\"wp-block-paragraph\">Expertos en derecho internacional locales se\u00f1alan que la ampliaci\u00f3n en E-1 constituye un desaf\u00edo frontal a las resoluciones de Naciones Unidas. La organizaci\u00f3n defensora Shalom Ajshav (Paz Ahora) report\u00f3 que en agosto de 2025 la planificaci\u00f3n israel\u00ed aprob\u00f3 tres mil 400 unidades habitacionales cerca del asentamiento Maal\u00e9 Adumim.<\/p>\n\n\n\n<p class=\"wp-block-paragraph\">El ministro de Finanzas israel\u00ed, Bezalel Smotrich, declar\u00f3 el 8 de agosto que estas acciones buscan borrar al Estado palestino. D\u00edas despu\u00e9s, el 14 del mismo mes, anunci\u00f3 la reactivaci\u00f3n del proyecto en E-1, pese al rechazo internacional.<\/p>\n\n\n\n<p class=\"wp-block-paragraph\">Analistas pol\u00edticos coinciden en que la medida agrava la tensi\u00f3n en Cisjordania, donde la violencia colonizadora alcanza niveles r\u00e9cord. La UE reiter\u00f3 su compromiso con una paz integral y justa, basada en los par\u00e1metros de la resoluci\u00f3n 2334 del Consejo de Seguridad, adoptada en diciembre de 2016 y que Israel desoye sistem\u00e1ticamente.<\/p>\n\n\n\n<p class=\"wp-block-paragraph\">La comunidad internacional observa con alarma estos pasos unilaterales, mientras el bloque europeo insiste en que solo el di\u00e1logo y el respeto al derecho internacional garantizar\u00e1n la convivencia de dos Estados democr\u00e1ticos dentro de fronteras seguras y reconocidas.<\/p>\n\n\n\n<p class=\"wp-block-paragraph\">mem\/amp<\/p>\n\n\n\n<ul class=\"wp-block-list\">\n<li>#<a href=\"https:\/\/www.prensa-latina.cu\/etiqueta\/ue-israel-asentamientos\/\">UE Israel Asentamientos<\/a><\/li>\n<\/ul>\n","protected":false},"excerpt":{"rendered":"<p>Bruselas, 24 ago (Prensa Latina) La Uni\u00f3n Europea (UE) inst\u00f3 hoy al Gobierno de Israel a retirar sus proyectos de viviendas para colonos jud\u00edos en el \u00e1rea E-1, Cisjordania, al considerar que da\u00f1an la soluci\u00f3n de dos Estados. El texto oficial, difundido por la oficina de prensa de la jefa de la diplomacia comunitaria, Kaja [&hellip;]<\/p>\n","protected":false},"author":2,"featured_media":0,"comment_status":"open","ping_status":"closed","sticky":false,"template":"","format":"standard","meta":{"footnotes":""},"categories":[23],"tags":[2909,673],"class_list":["post-693069","post","type-post","status-publish","format-standard","hentry","category-internacional","tag-israel","tag-ue"],"_links":{"self":[{"href":"https:\/\/diariodominicano.com\/index.php?rest_route=\/wp\/v2\/posts\/693069","targetHints":{"allow":["GET"]}}],"collection":[{"href":"https:\/\/diariodominicano.com\/index.php?rest_route=\/wp\/v2\/posts"}],"about":[{"href":"https:\/\/diariodominicano.com\/index.php?rest_route=\/wp\/v2\/types\/post"}],"author":[{"embeddable":true,"href":"https:\/\/diariodominicano.com\/index.php?rest_route=\/wp\/v2\/users\/2"}],"replies":[{"embeddable":true,"href":"https:\/\/diariodominicano.com\/index.php?rest_route=%2Fwp%2Fv2%2Fcomments&post=693069"}],"version-history":[{"count":1,"href":"https:\/\/diariodominicano.com\/index.php?rest_route=\/wp\/v2\/posts\/693069\/revisions"}],"predecessor-version":[{"id":693070,"href":"https:\/\/diariodominicano.com\/index.php?rest_route=\/wp\/v2\/posts\/693069\/revisions\/693070"}],"wp:attachment":[{"href":"https:\/\/diariodominicano.com\/index.php?rest_route=%2Fwp%2Fv2%2Fmedia&parent=693069"}],"wp:term":[{"taxonomy":"category","embeddable":true,"href":"https:\/\/diariodominicano.com\/index.php?rest_route=%2Fwp%2Fv2%2Fcategories&post=693069"},{"taxonomy":"post_tag","embeddable":true,"href":"https:\/\/diariodominicano.com\/index.php?rest_route=%2Fwp%2Fv2%2Ftags&post=693069"}],"curies":[{"name":"wp","href":"https:\/\/api.w.org\/{rel}","templated":true}]}}