{"id":692797,"date":"2026-08-22T23:49:47","date_gmt":"2026-08-23T03:49:47","guid":{"rendered":"https:\/\/diariodominicano.com\/?p=692797"},"modified":"2026-08-22T23:49:49","modified_gmt":"2026-08-23T03:49:49","slug":"ecuador-recibe-a-pilotos-internacionales-en-festival-de-globos","status":"publish","type":"post","link":"https:\/\/diariodominicano.com\/?p=692797","title":{"rendered":"Ecuador recibe a pilotos internacionales en festival de globos"},"content":{"rendered":"\n<figure class=\"wp-block-image\"><img decoding=\"async\" src=\"https:\/\/www.prensa-latina.cu\/wp-content\/uploads\/2026\/08\/globos-quito-1.jpg\" alt=\"\" class=\"wp-image-1782986\"\/><\/figure>\n\n\n\n<p class=\"wp-block-paragraph\">Quito, 22 ago (Prensa Latina) Pilotos de Brasil, M\u00e9xico y Ecuador participan en el V Festival Internacional del Globo, cuya segunda jornada se desarroll\u00f3 hoy en la Ciudad Mitad del Mundo, en la provincia ecuatoriana de Pichincha.<\/p>\n\n\n\n<ul class=\"wp-block-list\">\n<li><a href=\"https:\/\/www.prensa-latina.cu\/2026\/08\/22\/\"><time>agosto 22, 2026 | 20:35<\/time><\/a><\/li>\n<\/ul>\n\n\n\n<ul class=\"wp-block-list\">\n<li><a href=\"https:\/\/www.prensa-latina.cu\/2026\/08\/22\/ecuador-recibe-a-pilotos-internacionales-en-festival-de-globos\/#\"><\/a><\/li>\n\n\n\n<li><a href=\"https:\/\/www.prensa-latina.cu\/2026\/08\/22\/ecuador-recibe-a-pilotos-internacionales-en-festival-de-globos\/#\"><\/a><\/li>\n\n\n\n<li><a href=\"https:\/\/www.prensa-latina.cu\/2026\/08\/22\/ecuador-recibe-a-pilotos-internacionales-en-festival-de-globos\/#\"><\/a><\/li>\n\n\n\n<li><a href=\"https:\/\/www.prensa-latina.cu\/2026\/08\/22\/ecuador-recibe-a-pilotos-internacionales-en-festival-de-globos\/#\"><\/a><\/li>\n<\/ul>\n\n\n\n<p class=\"wp-block-paragraph\">Los vuelos de los globos aerost\u00e1ticos atrajeron a familias y turistas que acudieron al complejo para observar las aeronaves elevarse y recorrer el cielo de esta zona, donde se encuentra la l\u00ednea equinoccial.<\/p>\n\n\n\n<p class=\"wp-block-paragraph\">El encuentro combina actividades recreativas y tur\u00edsticas con la participaci\u00f3n de pilotos especializados en una disciplina que en los \u00faltimos a\u00f1os ha ganado presencia en distintos pa\u00edses de la regi\u00f3n.<\/p>\n\n\n\n<p class=\"wp-block-paragraph\">Entre los participantes se encuentra el brasile\u00f1o Rodrigo Marques, piloto de Boituva, en el estado de S\u00e3o Paulo, una ciudad reconocida por su actividad vinculada a los vuelos en globo.<\/p>\n\n\n\n<p class=\"wp-block-paragraph\">\u201cAbrillanta el cielo de la ciudad, abrillanta los ojos de adultos y ni\u00f1os\u201d, afirm\u00f3 Marques en declaraciones a Prensa Latina, al referirse a la experiencia de observar los globos y compartir vuelos fuera de su pa\u00eds.<\/p>\n\n\n\n<p class=\"wp-block-paragraph\">El brasile\u00f1o explic\u00f3 que su relaci\u00f3n con estas aeronaves comenz\u00f3 desde la infancia, pues su padre ya trabajaba con globos desde 1975.<\/p>\n\n\n\n<p class=\"wp-block-paragraph\">\u201cNac\u00ed en la cesta del globo\u201d, relat\u00f3 el piloto, quien se\u00f1al\u00f3 que su familia tambi\u00e9n se dedica a la fabricaci\u00f3n de estas aeronaves en Brasil, mientras su hermano las fabrica en M\u00e9xico.<\/p>\n\n\n\n<p class=\"wp-block-paragraph\">Marques destac\u00f3 el valor de este tipo de festivales para acercar la experiencia a personas de diferentes edades y mantener vivo el inter\u00e9s por el vuelo en globo.<\/p>\n\n\n\n<p class=\"wp-block-paragraph\">\u201cEl colorido del cielo y estar volando fuera de mi pa\u00eds es una emoci\u00f3n, una sensaci\u00f3n inexplicable\u201d, expres\u00f3 Marques sobre su participaci\u00f3n en el encuentro en la Mitad del Mundo, uno de los principales atractivos tur\u00edsticos de la provincia de Pichincha.<\/p>\n\n\n\n<p class=\"wp-block-paragraph\">La programaci\u00f3n del evento, organizado por la Prefectura de Pichincha, incluye vuelos, aunque por razones de seguridad el p\u00fablico no va a las alturas.<\/p>\n\n\n\n<p class=\"wp-block-paragraph\">Hay otras actividades destinadas a los visitantes, con el objetivo de impulsar el turismo y ofrecer al p\u00fablico una experiencia vinculada a la navegaci\u00f3n aerost\u00e1tica.<\/p>\n\n\n\n<p class=\"wp-block-paragraph\">mar\/avr<\/p>\n\n\n\n<ul class=\"wp-block-list\">\n<li>#<a href=\"https:\/\/www.prensa-latina.cu\/etiqueta\/ecuador\/\">Ecuador<\/a>\u00a0#<a href=\"https:\/\/www.prensa-latina.cu\/etiqueta\/pichincha\/\">Pichincha<\/a><\/li>\n<\/ul>\n","protected":false},"excerpt":{"rendered":"<p>Quito, 22 ago (Prensa Latina) Pilotos de Brasil, M\u00e9xico y Ecuador participan en el V Festival Internacional del Globo, cuya segunda jornada se desarroll\u00f3 hoy en la Ciudad Mitad del Mundo, en la provincia ecuatoriana de Pichincha. Los vuelos de los globos aerost\u00e1ticos atrajeron a familias y turistas que acudieron al complejo para observar las [&hellip;]<\/p>\n","protected":false},"author":2,"featured_media":0,"comment_status":"closed","ping_status":"closed","sticky":false,"template":"","format":"standard","meta":{"footnotes":""},"categories":[32],"tags":[1239],"class_list":["post-692797","post","type-post","status-publish","format-standard","hentry","category-turismo","tag-ecuador"],"_links":{"self":[{"href":"https:\/\/diariodominicano.com\/index.php?rest_route=\/wp\/v2\/posts\/692797","targetHints":{"allow":["GET"]}}],"collection":[{"href":"https:\/\/diariodominicano.com\/index.php?rest_route=\/wp\/v2\/posts"}],"about":[{"href":"https:\/\/diariodominicano.com\/index.php?rest_route=\/wp\/v2\/types\/post"}],"author":[{"embeddable":true,"href":"https:\/\/diariodominicano.com\/index.php?rest_route=\/wp\/v2\/users\/2"}],"replies":[{"embeddable":true,"href":"https:\/\/diariodominicano.com\/index.php?rest_route=%2Fwp%2Fv2%2Fcomments&post=692797"}],"version-history":[{"count":1,"href":"https:\/\/diariodominicano.com\/index.php?rest_route=\/wp\/v2\/posts\/692797\/revisions"}],"predecessor-version":[{"id":692798,"href":"https:\/\/diariodominicano.com\/index.php?rest_route=\/wp\/v2\/posts\/692797\/revisions\/692798"}],"wp:attachment":[{"href":"https:\/\/diariodominicano.com\/index.php?rest_route=%2Fwp%2Fv2%2Fmedia&parent=692797"}],"wp:term":[{"taxonomy":"category","embeddable":true,"href":"https:\/\/diariodominicano.com\/index.php?rest_route=%2Fwp%2Fv2%2Fcategories&post=692797"},{"taxonomy":"post_tag","embeddable":true,"href":"https:\/\/diariodominicano.com\/index.php?rest_route=%2Fwp%2Fv2%2Ftags&post=692797"}],"curies":[{"name":"wp","href":"https:\/\/api.w.org\/{rel}","templated":true}]}}