{"id":691957,"date":"2026-08-15T23:43:34","date_gmt":"2026-08-16T03:43:34","guid":{"rendered":"https:\/\/diariodominicano.com\/?p=691957"},"modified":"2026-08-15T23:43:40","modified_gmt":"2026-08-16T03:43:40","slug":"entra-en-vigor-emblematico-codigo-ecologico-y-medioambiental-de-china-para-impulsar-modernizacion-ecologica","status":"publish","type":"post","link":"https:\/\/diariodominicano.com\/?p=691957","title":{"rendered":"Entra en vigor emblem\u00e1tico C\u00f3digo Ecol\u00f3gico y Medioambiental de China para impulsar modernizaci\u00f3n ecol\u00f3gica"},"content":{"rendered":"\n<p class=\"wp-block-paragraph\"><em>spanish.news.cn<\/em>|<em>&nbsp;2026-08-15 15:51:15<\/em>|<\/p>\n\n\n\n<p class=\"wp-block-paragraph\">BEIJING, 15 ago (Xinhua) &#8212; China dio un paso importante hacia la modernizaci\u00f3n ecol\u00f3gica hoy s\u00e1bado, con la entrada en vigor oficial de su emblem\u00e1tico C\u00f3digo Ecol\u00f3gico y Medioambiental, lo que refuerza a\u00fan m\u00e1s la base jur\u00eddica para la coexistencia armoniosa entre la humanidad y la naturaleza.<\/p>\n\n\n\n<p class=\"wp-block-paragraph\">Aprobado por el m\u00e1ximo \u00f3rgano legislativo de China en marzo, este c\u00f3digo es el segundo c\u00f3digo legislativo oficial del pa\u00eds despu\u00e9s del C\u00f3digo Civil.<\/p>\n\n\n\n<p class=\"wp-block-paragraph\">El c\u00f3digo, compuesto por 1.242 art\u00edculos, est\u00e1 dividido en cinco cap\u00edtulos que abarcan \u00e1mbitos como el control de la contaminaci\u00f3n, la protecci\u00f3n ecol\u00f3gica y el desarrollo sostenible y con bajas emisiones de carbono.<\/p>\n\n\n\n<p class=\"wp-block-paragraph\">El c\u00f3digo fue elaborado mediante la integraci\u00f3n sistem\u00e1tica, la recopilaci\u00f3n, la revisi\u00f3n y el perfeccionamiento de m\u00e1s de 30 leyes ecol\u00f3gicas y medioambientales, m\u00e1s de 100 reglamentos administrativos y m\u00e1s de 1.000 leyes y reglamentos locales.<\/p>\n\n\n\n<p class=\"wp-block-paragraph\">China tambi\u00e9n celebra el s\u00e1bado su cuarto D\u00eda Nacional de la Ecolog\u00eda, bajo el lema \u00abConstruir una base ecol\u00f3gica para la modernizaci\u00f3n china\u00bb.<\/p>\n","protected":false},"excerpt":{"rendered":"<p>spanish.news.cn|&nbsp;2026-08-15 15:51:15| BEIJING, 15 ago (Xinhua) &#8212; China dio un paso importante hacia la modernizaci\u00f3n ecol\u00f3gica hoy s\u00e1bado, con la entrada en vigor oficial de su emblem\u00e1tico C\u00f3digo Ecol\u00f3gico y Medioambiental, lo que refuerza a\u00fan m\u00e1s la base jur\u00eddica para la coexistencia armoniosa entre la humanidad y la naturaleza. Aprobado por el m\u00e1ximo \u00f3rgano legislativo [&hellip;]<\/p>\n","protected":false},"author":2,"featured_media":0,"comment_status":"open","ping_status":"closed","sticky":false,"template":"","format":"standard","meta":{"footnotes":""},"categories":[23,32],"tags":[1388,7937],"class_list":["post-691957","post","type-post","status-publish","format-standard","hentry","category-internacional","category-turismo","tag-china","tag-codigo-ecologico"],"_links":{"self":[{"href":"https:\/\/diariodominicano.com\/index.php?rest_route=\/wp\/v2\/posts\/691957","targetHints":{"allow":["GET"]}}],"collection":[{"href":"https:\/\/diariodominicano.com\/index.php?rest_route=\/wp\/v2\/posts"}],"about":[{"href":"https:\/\/diariodominicano.com\/index.php?rest_route=\/wp\/v2\/types\/post"}],"author":[{"embeddable":true,"href":"https:\/\/diariodominicano.com\/index.php?rest_route=\/wp\/v2\/users\/2"}],"replies":[{"embeddable":true,"href":"https:\/\/diariodominicano.com\/index.php?rest_route=%2Fwp%2Fv2%2Fcomments&post=691957"}],"version-history":[{"count":1,"href":"https:\/\/diariodominicano.com\/index.php?rest_route=\/wp\/v2\/posts\/691957\/revisions"}],"predecessor-version":[{"id":691958,"href":"https:\/\/diariodominicano.com\/index.php?rest_route=\/wp\/v2\/posts\/691957\/revisions\/691958"}],"wp:attachment":[{"href":"https:\/\/diariodominicano.com\/index.php?rest_route=%2Fwp%2Fv2%2Fmedia&parent=691957"}],"wp:term":[{"taxonomy":"category","embeddable":true,"href":"https:\/\/diariodominicano.com\/index.php?rest_route=%2Fwp%2Fv2%2Fcategories&post=691957"},{"taxonomy":"post_tag","embeddable":true,"href":"https:\/\/diariodominicano.com\/index.php?rest_route=%2Fwp%2Fv2%2Ftags&post=691957"}],"curies":[{"name":"wp","href":"https:\/\/api.w.org\/{rel}","templated":true}]}}