{"id":691160,"date":"2026-08-11T01:44:04","date_gmt":"2026-08-11T05:44:04","guid":{"rendered":"https:\/\/diariodominicano.com\/?p=691160"},"modified":"2026-08-11T01:44:11","modified_gmt":"2026-08-11T05:44:11","slug":"continua-en-cuba-coloquio-internacional-dedicado-a-fidel-castro","status":"publish","type":"post","link":"https:\/\/diariodominicano.com\/?p=691160","title":{"rendered":"Contin\u00faa en Cuba Coloquio Internacional dedicado a Fidel Castro"},"content":{"rendered":"\n<figure class=\"wp-block-image\"><img decoding=\"async\" src=\"https:\/\/www.prensa-latina.cu\/wp-content\/uploads\/2026\/08\/cuba-fidel-coloquio-internacional-inauguracion-1.jpg\" alt=\"continua-en-cuba-coloquio-internacional-dedicado-a-fidel-castro\" class=\"wp-image-1778722\"\/><\/figure>\n\n\n\n<p class=\"wp-block-paragraph\">La Habana, 11 ago (Prensa Latina) El I Coloquio Internacional \u201cFidel: Legado y Futuro\u201d contin\u00faa hoy en esta capital concentrada en destacar el legado del Comandante en Jefe en sectores estrat\u00e9gicos: la pol\u00edtica exterior, la educaci\u00f3n y la salud.<\/p>\n\n\n\n<ul class=\"wp-block-list\">\n<li><a href=\"https:\/\/www.prensa-latina.cu\/2026\/08\/11\/\"><time>agosto 11, 2026 | 00:20<\/time><\/a><\/li>\n<\/ul>\n\n\n\n<ul class=\"wp-block-list\">\n<li><a href=\"https:\/\/www.prensa-latina.cu\/2026\/08\/11\/continua-en-cuba-coloquio-internacional-dedicado-a-fidel-castro\/#\"><\/a><\/li>\n\n\n\n<li><a href=\"https:\/\/www.prensa-latina.cu\/2026\/08\/11\/continua-en-cuba-coloquio-internacional-dedicado-a-fidel-castro\/#\"><\/a><\/li>\n\n\n\n<li><a href=\"https:\/\/www.prensa-latina.cu\/2026\/08\/11\/continua-en-cuba-coloquio-internacional-dedicado-a-fidel-castro\/#\"><\/a><\/li>\n\n\n\n<li><a href=\"https:\/\/www.prensa-latina.cu\/2026\/08\/11\/continua-en-cuba-coloquio-internacional-dedicado-a-fidel-castro\/#\"><\/a><\/li>\n<\/ul>\n\n\n\n<p class=\"wp-block-paragraph\">Un foro sobre la pol\u00edtica exterior cubana agrupar\u00e1 ponencias acerca de la impronta de Fidel Castro en la lucha por la paz, la unidad de los pueblos y la diplomacia revolucionaria.<\/p>\n\n\n\n<p class=\"wp-block-paragraph\">En el foro sobre Fidel y la salud p\u00fablica se abordar\u00e1 su influencia en ese sector y el desarrollo de la industria biotecnol\u00f3gica y farmac\u00e9utica cubana.<\/p>\n\n\n\n<p class=\"wp-block-paragraph\">Mientras que en materia de educaci\u00f3n se analizar\u00e1 la huella del l\u00edder en la formaci\u00f3n de profesionales y en la alfabetizaci\u00f3n, y se destacar\u00e1 su obra educativa como referente de justicia social, solidaridad y desarrollo humano.<\/p>\n\n\n\n<p class=\"wp-block-paragraph\">Tambi\u00e9n se debatir\u00e1 sobre los fundamentos filos\u00f3ficos e ideol\u00f3gicos del pensamiento de Fidel Castro; su pensamiento pol\u00edtico, \u00e9tica y direcci\u00f3n social; as\u00ed como sus aportes al sector jur\u00eddico.<\/p>\n\n\n\n<p class=\"wp-block-paragraph\">La oratoria y comunicaci\u00f3n pol\u00edtica del l\u00edder, su praxis revolucionaria, poder pol\u00edtico y direcci\u00f3n social figuran igualmente entre los temas que analizar\u00e1n los m\u00e1s de mil 500 delegados presentes en el Coloquio.<\/p>\n\n\n\n<p class=\"wp-block-paragraph\">Se examinar\u00e1n adem\u00e1s las claves del pensamiento fidelista en materia de estrategia pol\u00edtica e integraci\u00f3n regional, el papel de la juventud y los movimientos estudiantiles, y la relaci\u00f3n entre Mart\u00ed y Fidel en la construcci\u00f3n de Nuestra Am\u00e9rica.<\/p>\n\n\n\n<p class=\"wp-block-paragraph\">La influencia del l\u00edder en la ciencia, la cultura, la comunicaci\u00f3n, la agricultura, el antimperialismo y la lucha de las mujeres ser\u00e1 objeto de atenci\u00f3n con destaque para su legado como referente de justicia social, soberan\u00eda y cooperaci\u00f3n internacional.<\/p>\n\n\n\n<p class=\"wp-block-paragraph\">El I Coloquio Internacional \u201cFidel: Legado y Futuro\u201d inici\u00f3 la v\u00edspera en el capitalino Palacio de Convenciones y se extender\u00e1 hasta el pr\u00f3ximo 13 de agosto, fecha en que se conmemora el centenario del natalicio del l\u00edder hist\u00f3rico de la Revoluci\u00f3n cubana.<\/p>\n\n\n\n<p class=\"wp-block-paragraph\">arc\/mpp<\/p>\n\n\n\n<ul class=\"wp-block-list\">\n<li>#<a href=\"https:\/\/www.prensa-latina.cu\/etiqueta\/cuba\/\">cuba<\/a>\u00a0#<a href=\"https:\/\/www.prensa-latina.cu\/etiqueta\/diplomacia\/\">diplomacia<\/a>\u00a0#<a href=\"https:\/\/www.prensa-latina.cu\/etiqueta\/impronta\/\">impronta<\/a>\u00a0#<a href=\"https:\/\/www.prensa-latina.cu\/etiqueta\/salud\/\">salud<\/a><\/li>\n<\/ul>\n","protected":false},"excerpt":{"rendered":"<p>La Habana, 11 ago (Prensa Latina) El I Coloquio Internacional \u201cFidel: Legado y Futuro\u201d contin\u00faa hoy en esta capital concentrada en destacar el legado del Comandante en Jefe en sectores estrat\u00e9gicos: la pol\u00edtica exterior, la educaci\u00f3n y la salud. Un foro sobre la pol\u00edtica exterior cubana agrupar\u00e1 ponencias acerca de la impronta de Fidel Castro [&hellip;]<\/p>\n","protected":false},"author":2,"featured_media":0,"comment_status":"open","ping_status":"closed","sticky":false,"template":"","format":"standard","meta":{"footnotes":""},"categories":[26,23],"tags":[3100,6079],"class_list":["post-691160","post","type-post","status-publish","format-standard","hentry","category-efemerides","category-internacional","tag-cuba","tag-fidel-castro"],"_links":{"self":[{"href":"https:\/\/diariodominicano.com\/index.php?rest_route=\/wp\/v2\/posts\/691160","targetHints":{"allow":["GET"]}}],"collection":[{"href":"https:\/\/diariodominicano.com\/index.php?rest_route=\/wp\/v2\/posts"}],"about":[{"href":"https:\/\/diariodominicano.com\/index.php?rest_route=\/wp\/v2\/types\/post"}],"author":[{"embeddable":true,"href":"https:\/\/diariodominicano.com\/index.php?rest_route=\/wp\/v2\/users\/2"}],"replies":[{"embeddable":true,"href":"https:\/\/diariodominicano.com\/index.php?rest_route=%2Fwp%2Fv2%2Fcomments&post=691160"}],"version-history":[{"count":1,"href":"https:\/\/diariodominicano.com\/index.php?rest_route=\/wp\/v2\/posts\/691160\/revisions"}],"predecessor-version":[{"id":691161,"href":"https:\/\/diariodominicano.com\/index.php?rest_route=\/wp\/v2\/posts\/691160\/revisions\/691161"}],"wp:attachment":[{"href":"https:\/\/diariodominicano.com\/index.php?rest_route=%2Fwp%2Fv2%2Fmedia&parent=691160"}],"wp:term":[{"taxonomy":"category","embeddable":true,"href":"https:\/\/diariodominicano.com\/index.php?rest_route=%2Fwp%2Fv2%2Fcategories&post=691160"},{"taxonomy":"post_tag","embeddable":true,"href":"https:\/\/diariodominicano.com\/index.php?rest_route=%2Fwp%2Fv2%2Ftags&post=691160"}],"curies":[{"name":"wp","href":"https:\/\/api.w.org\/{rel}","templated":true}]}}