{"id":691153,"date":"2026-08-11T01:33:45","date_gmt":"2026-08-11T05:33:45","guid":{"rendered":"https:\/\/diariodominicano.com\/?p=691153"},"modified":"2026-08-11T01:33:47","modified_gmt":"2026-08-11T05:33:47","slug":"con-exito-y-record-de-visitantes-cerro-la-feria-de-editores-2026","status":"publish","type":"post","link":"https:\/\/diariodominicano.com\/?p=691153","title":{"rendered":"Con \u00e9xito y r\u00e9cord de visitantes cerr\u00f3 la Feria de Editores 2026"},"content":{"rendered":"\n<p class=\"wp-block-paragraph\">Buenos Aires, 11 ago (Prensa Latina) El tel\u00f3n baj\u00f3 en la XV Feria de Editores, FED 2026, tras recibir a m\u00e1s de 40 mil visitantes durante cuatro d\u00edas en el complejo cultural C Art Media de Chacarita, Buenos Aires.<\/p>\n\n\n\n<ul class=\"wp-block-list\">\n<li><a href=\"https:\/\/www.prensa-latina.cu\/2026\/08\/11\/\"><time>agosto 11, 2026 | 00:38<\/time><\/a><\/li>\n<\/ul>\n\n\n\n<ul class=\"wp-block-list\">\n<li><a href=\"https:\/\/www.prensa-latina.cu\/2026\/08\/11\/con-exito-y-record-de-visitantes-cerro-la-feria-de-editores-2026\/#\"><\/a><\/li>\n\n\n\n<li><a href=\"https:\/\/www.prensa-latina.cu\/2026\/08\/11\/con-exito-y-record-de-visitantes-cerro-la-feria-de-editores-2026\/#\"><\/a><\/li>\n\n\n\n<li><a href=\"https:\/\/www.prensa-latina.cu\/2026\/08\/11\/con-exito-y-record-de-visitantes-cerro-la-feria-de-editores-2026\/#\"><\/a><\/li>\n\n\n\n<li><a href=\"https:\/\/www.prensa-latina.cu\/2026\/08\/11\/con-exito-y-record-de-visitantes-cerro-la-feria-de-editores-2026\/#\"><\/a><\/li>\n<\/ul>\n\n\n\n<p class=\"wp-block-paragraph\">Tal asistencia represent\u00f3 un incremento cercano a 30 por ciento en comparaci\u00f3n con el a\u00f1o anterior y se consolid\u00f3 como un espacio clave de resistencia cultural.<\/p>\n\n\n\n<p class=\"wp-block-paragraph\">No obstante, las editoriales participantes, m\u00e1s de 330 de Latinoam\u00e9rica, Espa\u00f1a y el pa\u00eds anfitri\u00f3n, se\u00f1alaron que el balance comercial mostr\u00f3 un consumo sumamente selectivo con ventas dispares como resultado del contexto econ\u00f3mico en Argentina que achic\u00f3 el bolsillo de la gente.<\/p>\n\n\n\n<p class=\"wp-block-paragraph\">Entre los t\u00edtulos m\u00e1s vendidos estuvieron obras de autores como Mauricio Kartun, Isaac Asimov y Souvankham Thammavongsa, publicados por sellos como Ediciones Godot, Fiordo y Eterna Cadencia.<\/p>\n\n\n\n<p class=\"wp-block-paragraph\">Durante la Feria se puso de manifiesto el rechazo del sector de las librer\u00edas a la intenci\u00f3n del gobierno desregulador de La Libertad Avanza de derogar la Ley de Protecci\u00f3n a la Actividad Librera, a favor de las grandes compa\u00f1\u00edas y transnacionales del libro.<\/p>\n\n\n\n<p class=\"wp-block-paragraph\">La librer\u00eda Volc\u00e1n Azul, de C\u00f3rdoba, obtuvo el premio a la Labor Librera, mientras que el sello Gourmet Musical Ediciones recibi\u00f3 el galard\u00f3n para asistir a la Feria Internacional del Libro de Guadalajara, Mexico.<\/p>\n\n\n\n<p class=\"wp-block-paragraph\">El presidente del comit\u00e9 organizador V\u00edctor Malumi\u00e1n, tambi\u00e9n uno de los editores, se manifest\u00f3 complacido al t\u00e9rmino del evento: \u00abEstamos muy felices de ver c\u00f3mo se renueva el apoyo a las peque\u00f1as y medianas editoriales, m\u00e1s de 40 mil personas nos acompa\u00f1aron. Sin lectoras y lectores todo esto ser\u00eda imposible\u00bb, puntualiz\u00f3.<\/p>\n\n\n\n<p class=\"wp-block-paragraph\">Malumi\u00e1n tambi\u00e9n destac\u00f3 la consolidaci\u00f3n de las diversas iniciativas impulsadas por la FED, como el Premio a la labor librera, el programa de intercambio con editores internacionales, el Premio al Afiche, el Premio Rumbo a Guadalajara y Carthago, as\u00ed como el encuentro entre productoras audiovisuales y editoriales.<\/p>\n\n\n\n<p class=\"wp-block-paragraph\">El jueves y el viernes, 485 librer\u00edas de todo el pa\u00eds participaron en el Programa Librer\u00edas Aliadas, que les permiti\u00f3 recorrer la feria en un horario exclusivo y acceder a 50 por ciento de descuento en las compras realizadas en los stands adheridos.<\/p>\n\n\n\n<p class=\"wp-block-paragraph\">Entre las visitas internacionales se encontraron la escritora y editora mexicana Socorro Venegas, la cantante y compositora Julieta Venegas, la escritora francesa Violaine B\u00e9rot y las uruguayas Tamara Silva Bernaschimna y Erika Paula Curbelo.<\/p>\n\n\n\n<p class=\"wp-block-paragraph\">Tambi\u00e9n estuvieron presentes el escritor, ensayista y profesor brasile\u00f1o Felipe Charbel y el editor y traductor mexicano Jacobo Zanella.<\/p>\n\n\n\n<p class=\"wp-block-paragraph\">arc\/mh<\/p>\n\n\n\n<ul class=\"wp-block-list\">\n<li>#<a href=\"https:\/\/www.prensa-latina.cu\/etiqueta\/chacarita\/\">Chacarita<\/a>\u00a0#<a href=\"https:\/\/www.prensa-latina.cu\/etiqueta\/cierre\/\">cierre<\/a><\/li>\n<\/ul>\n","protected":false},"excerpt":{"rendered":"<p>Buenos Aires, 11 ago (Prensa Latina) El tel\u00f3n baj\u00f3 en la XV Feria de Editores, FED 2026, tras recibir a m\u00e1s de 40 mil visitantes durante cuatro d\u00edas en el complejo cultural C Art Media de Chacarita, Buenos Aires. Tal asistencia represent\u00f3 un incremento cercano a 30 por ciento en comparaci\u00f3n con el a\u00f1o anterior [&hellip;]<\/p>\n","protected":false},"author":2,"featured_media":0,"comment_status":"closed","ping_status":"closed","sticky":false,"template":"","format":"standard","meta":{"footnotes":""},"categories":[21],"tags":[7815],"class_list":["post-691153","post","type-post","status-publish","format-standard","hentry","category-cultura","tag-feria-de-editores-2026"],"_links":{"self":[{"href":"https:\/\/diariodominicano.com\/index.php?rest_route=\/wp\/v2\/posts\/691153","targetHints":{"allow":["GET"]}}],"collection":[{"href":"https:\/\/diariodominicano.com\/index.php?rest_route=\/wp\/v2\/posts"}],"about":[{"href":"https:\/\/diariodominicano.com\/index.php?rest_route=\/wp\/v2\/types\/post"}],"author":[{"embeddable":true,"href":"https:\/\/diariodominicano.com\/index.php?rest_route=\/wp\/v2\/users\/2"}],"replies":[{"embeddable":true,"href":"https:\/\/diariodominicano.com\/index.php?rest_route=%2Fwp%2Fv2%2Fcomments&post=691153"}],"version-history":[{"count":1,"href":"https:\/\/diariodominicano.com\/index.php?rest_route=\/wp\/v2\/posts\/691153\/revisions"}],"predecessor-version":[{"id":691154,"href":"https:\/\/diariodominicano.com\/index.php?rest_route=\/wp\/v2\/posts\/691153\/revisions\/691154"}],"wp:attachment":[{"href":"https:\/\/diariodominicano.com\/index.php?rest_route=%2Fwp%2Fv2%2Fmedia&parent=691153"}],"wp:term":[{"taxonomy":"category","embeddable":true,"href":"https:\/\/diariodominicano.com\/index.php?rest_route=%2Fwp%2Fv2%2Fcategories&post=691153"},{"taxonomy":"post_tag","embeddable":true,"href":"https:\/\/diariodominicano.com\/index.php?rest_route=%2Fwp%2Fv2%2Ftags&post=691153"}],"curies":[{"name":"wp","href":"https:\/\/api.w.org\/{rel}","templated":true}]}}