{"id":691128,"date":"2026-08-05T20:08:01","date_gmt":"2026-08-06T00:08:01","guid":{"rendered":"https:\/\/diariodominicano.com\/?p=691128"},"modified":"2026-08-10T20:08:37","modified_gmt":"2026-08-11T00:08:37","slug":"afinarles-los-sentidos-a-nuestros-ninos","status":"publish","type":"post","link":"https:\/\/diariodominicano.com\/?p=691128","title":{"rendered":"Afinarles los sentidos a nuestros ni\u00f1os"},"content":{"rendered":"\n<p class=\"wp-block-paragraph\">Por Ram\u00f3n Antonio Veras<\/p>\n\n\n\n<p class=\"wp-block-paragraph\">Introducci\u00f3n &nbsp;<\/p>\n\n\n\n<p class=\"wp-block-paragraph\">1.- El desarrollo de los procesos pol\u00edticos y sociales permite conocer el material humano del cual est\u00e1 hecho cada luchador social.<\/p>\n\n\n\n<p class=\"wp-block-paragraph\">2.- La calidad de la mujer o el hombre que incide en las transformaciones que requiere la sociedad la define la forma como enfrenta los fen\u00f3menos nocivos.<\/p>\n\n\n\n<p class=\"wp-block-paragraph\">3.- La persona nacional de un pa\u00eds pobre da a conocer sus m\u00e9ritos, importancia y val\u00eda por medio de sus actuaciones. Su actitud ante la vida la define tal cual como es.<\/p>\n\n\n\n<p class=\"wp-block-paragraph\">4.- La rese\u00f1a detallada de lo que la ciudadana o el ciudadano ha hecho o dejado de hacer hace posible saber lo que es su historial, referencia y antecedentes.<\/p>\n\n\n\n<p class=\"wp-block-paragraph\">5.- Un pa\u00eds atrasado y dependiente de los intereses extranjeros se convierte en un centro de ense\u00f1anza, adoctrinamiento, formaci\u00f3n y preparaci\u00f3n para la lucha por la liberaci\u00f3n nacional.<\/p>\n\n\n\n<p class=\"wp-block-paragraph\">Idea central<\/p>\n\n\n\n<p class=\"wp-block-paragraph\">6.- En nuestro pa\u00eds, a cada connacional solamente le hace falta la disposici\u00f3n para integrarse a la lucha por la real y verdadera independencia y autodeterminaci\u00f3n.<\/p>\n\n\n\n<p class=\"wp-block-paragraph\">7.- El ambiente dominicano no est\u00e1 adecuado para que la ni\u00f1a o el ni\u00f1o sea disciplinado, adiestrado y preparado en los centros escolares para poner por delante ser bien ense\u00f1ado en amar a los dem\u00e1s.<\/p>\n\n\n\n<p class=\"wp-block-paragraph\">8.- A la ni\u00f1a o el ni\u00f1o dominicano no le han afinado los sentidos para adecuarlos a estar dotados de plena sensibilidad, afectividad y receptividad.<\/p>\n\n\n\n<p class=\"wp-block-paragraph\">9.- A los fines de contar con compatriotas inclinados al buen sentido, buen coraz\u00f3n y uso de la sana raz\u00f3n, hay que lograr en la ni\u00f1ez la receptividad, delicadeza y el amor a los dem\u00e1s.<\/p>\n\n\n\n<p class=\"wp-block-paragraph\">10.- La realidad le est\u00e1 diciendo a los dirigentes de la sociedad dominicana de ahora que no han logrado formar al ser humano de muchos quilates.<\/p>\n\n\n\n<p class=\"wp-block-paragraph\">11.- Con todo pesar hay que escribirlo y de cualquier forma decirlo, que lo que ha parido este medio social es a un ente soez, vulgar y brusco.<\/p>\n\n\n\n<p class=\"wp-block-paragraph\">12.- Por su \u00fanico inter\u00e9s en hacer dinero, los poderosos tienen hoy un medio que aterra, causa horror, asusta y hace temblar al m\u00e1s valiente.<\/p>\n\n\n\n<p class=\"wp-block-paragraph\">13.- Estamos viviendo en un lugar propicio para intimidarse, amilanarse, aterrarse, inquietarse, disminuirse, meter el coraz\u00f3n en un pu\u00f1o y tener el alma en vilo.<\/p>\n\n\n\n<p class=\"wp-block-paragraph\">Ideas finales<\/p>\n\n\n\n<p class=\"wp-block-paragraph\">14.- Lo que a nuestro pueblo le queda es construir un nuevo ordenamiento donde no est\u00e9 presente agredir, asaltar, violar, atropellar, y s\u00ed respetar.<\/p>\n\n\n\n<p class=\"wp-block-paragraph\">15.- El pa\u00eds que queremos y merecemos es el agradable, tranquilo, seguro y no como el de hoy, que est\u00e1 para poner los pelos de punta, ponerse la carne de gallina e irse la sangre a los talones.<\/p>\n\n\n\n<p class=\"wp-block-paragraph\">16.- Lo mejor del pueblo dominicano es merecedor de estar viviendo bajo un sistema social que le haga posible una existencia digna en lo material y espiritual, por lo que esperamos se logre pronto, cuanto antes, dentro de poco, pr\u00f3ximamente, ya.<\/p>\n","protected":false},"excerpt":{"rendered":"<p>Por Ram\u00f3n Antonio Veras Introducci\u00f3n &nbsp; 1.- El desarrollo de los procesos pol\u00edticos y sociales permite conocer el material humano del cual est\u00e1 hecho cada luchador social. 2.- La calidad de la mujer o el hombre que incide en las transformaciones que requiere la sociedad la define la forma como enfrenta los fen\u00f3menos nocivos. 3.- [&hellip;]<\/p>\n","protected":false},"author":7,"featured_media":654589,"comment_status":"closed","ping_status":"closed","sticky":false,"template":"","format":"standard","meta":{"footnotes":""},"categories":[16],"tags":[426],"class_list":["post-691128","post","type-post","status-publish","format-standard","has-post-thumbnail","hentry","category-opiniones","tag-ramon-antonio-veras"],"_links":{"self":[{"href":"https:\/\/diariodominicano.com\/index.php?rest_route=\/wp\/v2\/posts\/691128","targetHints":{"allow":["GET"]}}],"collection":[{"href":"https:\/\/diariodominicano.com\/index.php?rest_route=\/wp\/v2\/posts"}],"about":[{"href":"https:\/\/diariodominicano.com\/index.php?rest_route=\/wp\/v2\/types\/post"}],"author":[{"embeddable":true,"href":"https:\/\/diariodominicano.com\/index.php?rest_route=\/wp\/v2\/users\/7"}],"replies":[{"embeddable":true,"href":"https:\/\/diariodominicano.com\/index.php?rest_route=%2Fwp%2Fv2%2Fcomments&post=691128"}],"version-history":[{"count":1,"href":"https:\/\/diariodominicano.com\/index.php?rest_route=\/wp\/v2\/posts\/691128\/revisions"}],"predecessor-version":[{"id":691132,"href":"https:\/\/diariodominicano.com\/index.php?rest_route=\/wp\/v2\/posts\/691128\/revisions\/691132"}],"wp:featuredmedia":[{"embeddable":true,"href":"https:\/\/diariodominicano.com\/index.php?rest_route=\/wp\/v2\/media\/654589"}],"wp:attachment":[{"href":"https:\/\/diariodominicano.com\/index.php?rest_route=%2Fwp%2Fv2%2Fmedia&parent=691128"}],"wp:term":[{"taxonomy":"category","embeddable":true,"href":"https:\/\/diariodominicano.com\/index.php?rest_route=%2Fwp%2Fv2%2Fcategories&post=691128"},{"taxonomy":"post_tag","embeddable":true,"href":"https:\/\/diariodominicano.com\/index.php?rest_route=%2Fwp%2Fv2%2Ftags&post=691128"}],"curies":[{"name":"wp","href":"https:\/\/api.w.org\/{rel}","templated":true}]}}