{"id":690935,"date":"2026-08-10T00:29:22","date_gmt":"2026-08-10T04:29:22","guid":{"rendered":"https:\/\/diariodominicano.com\/?p=690935"},"modified":"2026-08-10T00:29:25","modified_gmt":"2026-08-10T04:29:25","slug":"especial-comunidades-originarias-colombianas-celebran-dia-internacional-de-los-pueblos-indigenas","status":"publish","type":"post","link":"https:\/\/diariodominicano.com\/?p=690935","title":{"rendered":"Especial: Comunidades originarias colombianas celebran D\u00eda Internacional de los Pueblos Ind\u00edgenas"},"content":{"rendered":"\n<p class=\"wp-block-paragraph\"><em>spanish.news.cn<\/em>|<em>&nbsp;2026-08-10 03:54:00<\/em>|<\/p>\n\n\n\n<p class=\"wp-block-paragraph\">Por C\u00e9sar Mari\u00f1o Garc\u00eda<\/p>\n\n\n\n<p class=\"wp-block-paragraph\">BOGOT\u00c1, 9 ago (Xinhua) &#8212; Con una nutrida agenda de actividades culturales, talleres de m\u00fasica, danza y saberes de cosmogon\u00eda ancestral, las comunidades originarias de Colombia realizaron el Encuentro \u00abAbya Yala\u00bb, desde el jueves \u00faltimo y hasta hoy domingo, para celebrar el D\u00eda Internacional de los Pueblos Ind\u00edgenas, en las instalaciones del Centro Nacional de las Artes de Bogot\u00e1 (CNA).<\/p>\n\n\n\n<p class=\"wp-block-paragraph\">De acuerdo con los organizadores, la programaci\u00f3n incluy\u00f3 30 actividades de car\u00e1cter gratuito y estuvo acompa\u00f1ada por una feria de emprendimientos y experiencias de di\u00e1logo entre las diferentes comunidades para descubrir la diversidad, la fuerza y la memoria viva de esas poblaciones.<\/p>\n\n\n\n<p class=\"wp-block-paragraph\">\u00abEsta fecha clave convoca al encuentro de pueblos originarios, articulado en torno a una narrativa muy presente: somos semillas de cultura, memoria y resistencia\u00bb, dijo a Xinhua la activista Eliza Arias, integrante de la comunidad Kankuama, del norte colombiano, y del equipo de mediaci\u00f3n del CNA.<\/p>\n\n\n\n<p class=\"wp-block-paragraph\">\u00abCuando hablamos de las realidades desde los territorios y el sentir de los pueblos no podemos desligarnos de problem\u00e1ticas a\u00fan vivas de las violencias hist\u00f3ricas y estructurales provenientes del conflicto armado, del racismo y de la estigmatizaci\u00f3n que seguimos viviendo nosotros como pueblos\u00bb, a\u00f1adi\u00f3 la gestora cultural.<\/p>\n\n\n\n<p class=\"wp-block-paragraph\">Por ello en el cuarto encuentro realizado en el CNA, \u00abal igual que en los tres anteriores, cada taller, cada conferencia y cada actividad, hacen parte de una plataforma o un puente para seguir fortaleci\u00e9ndonos y continuar visibilizando los procesos que adelantamos en todos nuestros territorios\u00bb.<\/p>\n\n\n\n<p class=\"wp-block-paragraph\">En ese sentido, seg\u00fan Alexis Forero, consejero del encuentro y miembro de la comunidad Misak del departamento del Huila, en el sur, la gran fortaleza del encuentro radica en destacar la fuerza de la uni\u00f3n entre las comunidades para afrontar retos y desaf\u00edos solamente superables con la articulaci\u00f3n de conocimientos.<\/p>\n\n\n\n<p class=\"wp-block-paragraph\">\u00abDe esta inmensa actividad que tenemos, donde los pueblos comparten estas artes vivas presentes como la m\u00fasica, la danza, la oralidad, los tejidos, es importante que las personas sean conscientes de su valor y de que se han transmitido de generaci\u00f3n en generaci\u00f3n y se han adaptado a nuevos contextos\u00bb, afirm\u00f3 Forero.<\/p>\n\n\n\n<p class=\"wp-block-paragraph\">El encuentro cont\u00f3 con una vistosa exposici\u00f3n denominada Resistencia Voz de Mujeres creada por integrantes de la comunidad Embera y sus pueblos Kat\u00edo, Cham\u00ed y D\u00f3bida compuesta por v\u00eddeos, fotograf\u00edas y tejidos.<\/p>\n\n\n\n<p class=\"wp-block-paragraph\">La muestra busc\u00f3 reflexionar sobre el desplazamiento forzado sufrido por las mujeres de esa comunidad que hoy se encuentran dispersas en las principales ciudades colombianas y padecen problem\u00e1ticas como la explotaci\u00f3n laboral y otro tipo de<\/p>\n","protected":false},"excerpt":{"rendered":"<p>spanish.news.cn|&nbsp;2026-08-10 03:54:00| Por C\u00e9sar Mari\u00f1o Garc\u00eda BOGOT\u00c1, 9 ago (Xinhua) &#8212; Con una nutrida agenda de actividades culturales, talleres de m\u00fasica, danza y saberes de cosmogon\u00eda ancestral, las comunidades originarias de Colombia realizaron el Encuentro \u00abAbya Yala\u00bb, desde el jueves \u00faltimo y hasta hoy domingo, para celebrar el D\u00eda Internacional de los Pueblos Ind\u00edgenas, en [&hellip;]<\/p>\n","protected":false},"author":2,"featured_media":0,"comment_status":"open","ping_status":"closed","sticky":false,"template":"","format":"standard","meta":{"footnotes":""},"categories":[21,26],"tags":[7791,7792],"class_list":["post-690935","post","type-post","status-publish","format-standard","hentry","category-cultura","category-efemerides","tag-colombianas","tag-dia-internacional-de-los-pueblos-indigenas"],"_links":{"self":[{"href":"https:\/\/diariodominicano.com\/index.php?rest_route=\/wp\/v2\/posts\/690935","targetHints":{"allow":["GET"]}}],"collection":[{"href":"https:\/\/diariodominicano.com\/index.php?rest_route=\/wp\/v2\/posts"}],"about":[{"href":"https:\/\/diariodominicano.com\/index.php?rest_route=\/wp\/v2\/types\/post"}],"author":[{"embeddable":true,"href":"https:\/\/diariodominicano.com\/index.php?rest_route=\/wp\/v2\/users\/2"}],"replies":[{"embeddable":true,"href":"https:\/\/diariodominicano.com\/index.php?rest_route=%2Fwp%2Fv2%2Fcomments&post=690935"}],"version-history":[{"count":1,"href":"https:\/\/diariodominicano.com\/index.php?rest_route=\/wp\/v2\/posts\/690935\/revisions"}],"predecessor-version":[{"id":690936,"href":"https:\/\/diariodominicano.com\/index.php?rest_route=\/wp\/v2\/posts\/690935\/revisions\/690936"}],"wp:attachment":[{"href":"https:\/\/diariodominicano.com\/index.php?rest_route=%2Fwp%2Fv2%2Fmedia&parent=690935"}],"wp:term":[{"taxonomy":"category","embeddable":true,"href":"https:\/\/diariodominicano.com\/index.php?rest_route=%2Fwp%2Fv2%2Fcategories&post=690935"},{"taxonomy":"post_tag","embeddable":true,"href":"https:\/\/diariodominicano.com\/index.php?rest_route=%2Fwp%2Fv2%2Ftags&post=690935"}],"curies":[{"name":"wp","href":"https:\/\/api.w.org\/{rel}","templated":true}]}}