{"id":690933,"date":"2026-08-10T00:25:19","date_gmt":"2026-08-10T04:25:19","guid":{"rendered":"https:\/\/diariodominicano.com\/?p=690933"},"modified":"2026-08-10T00:25:23","modified_gmt":"2026-08-10T04:25:23","slug":"especial-musicos-mantienen-vivo-el-jazz-en-mexico-y-buscan-abrir-camino-a-nuevas-generaciones","status":"publish","type":"post","link":"https:\/\/diariodominicano.com\/?p=690933","title":{"rendered":"Especial: M\u00fasicos mantienen vivo el jazz en M\u00e9xico y buscan abrir camino a nuevas generaciones"},"content":{"rendered":"\n<p class=\"wp-block-paragraph\"><em>spanish.news.cn<\/em>|<em>&nbsp;2026-08-10 00:26:45<\/em>|<\/p>\n\n\n\n<p class=\"wp-block-paragraph\">Por Carina L\u00f3pez y Pool Contreras<\/p>\n\n\n\n<p class=\"wp-block-paragraph\">M\u00c9XICO, 9 ago (Xinhua) &#8212; A pesar de la escasez de espacios y de un mercado reducido para este g\u00e9nero, el jazz mantiene presencia en M\u00e9xico gracias a la perseverancia de los m\u00fasicos, la creaci\u00f3n de obras originales y el inter\u00e9s de nuevas generaciones por aprender y continuar una tradici\u00f3n musical considerada entre las m\u00e1s influyentes del siglo XX.<\/p>\n\n\n\n<p class=\"wp-block-paragraph\">En entrevista con Xinhua, el director de la Orquesta Moderna, Rosino Serrano, y el pianista y compositor Alex Mercado coincidieron en que uno de los principales retos para los jazzistas en el pa\u00eds es encontrar m\u00e1s espacios donde tocar y lograr que la m\u00fasica llegue a un p\u00fablico cada vez m\u00e1s amplio.<\/p>\n\n\n\n<p class=\"wp-block-paragraph\">\u00abYo creo que uno de los principales desaf\u00edos de un m\u00fasico de jazz en M\u00e9xico es encontrar suficientes espacios para tocar, para realizar proyectos. No es un estilo que tenga una alta demanda; es un estilo de nicho, un estilo que hay que buscar en la escena del &#8216;underground&#8217; de la Ciudad de M\u00e9xico\u00bb, explic\u00f3 Mercado, uno de los exponentes m\u00e1s destacados del jazz contempor\u00e1neo en M\u00e9xico.<\/p>\n\n\n\n<p class=\"wp-block-paragraph\">El pianista consider\u00f3 que, ante este panorama, los m\u00fasicos deben asumir un papel activo en la difusi\u00f3n del trabajo y aprovechar las redes sociales y las plataformas digitales para dar a conocer proyectos dentro y fuera del pa\u00eds.<\/p>\n\n\n\n<p class=\"wp-block-paragraph\">M\u00e9xico, se\u00f1al\u00f3, cuenta con m\u00fasicos de gran talento capaces de llevar el jazz a escenarios nacionales e internacionales, aunque reconoci\u00f3 que producir, promover y presentar un disco representa un proceso complejo que exige tiempo, recursos y un esfuerzo constante, en particular para los artistas independientes.<\/p>\n\n\n\n<p class=\"wp-block-paragraph\">Por ello, destac\u00f3 la importancia de mantener una producci\u00f3n constante y renovar la escena musical mexicana con nuevos proyectos que permitan que el jazz contin\u00fae presente y encuentre nuevos espacios para llegar al p\u00fablico.<\/p>\n\n\n\n<p class=\"wp-block-paragraph\">\u00abNosotros estamos poniendo nuestro granito de arena para que este a\u00f1o haya dos producciones de alta calidad, de alta envergadura, de &#8216;big band&#8217;, con m\u00fasica original, que tambi\u00e9n hay que decir que la m\u00fasica original hay que promoverla, escucharla y presentarla al p\u00fablico\u00bb, declar\u00f3 Mercado.<\/p>\n\n\n\n<p class=\"wp-block-paragraph\">En este esfuerzo, explic\u00f3, trabaja junto con Serrano, con quien busca acercar el jazz a nuevos p\u00fablicos y generar espacios para que m\u00e1s personas, en particular las nuevas generaciones, tengan la oportunidad de conocer y disfrutar ese g\u00e9nero.<\/p>\n\n\n\n<p class=\"wp-block-paragraph\">Serrano destac\u00f3, a su vez, que existe un creciente inter\u00e9s entre j\u00f3venes m\u00fasicos por aprender el lenguaje del jazz, en especial por las posibilidades que ofrece la improvisaci\u00f3n.<\/p>\n\n\n\n<p class=\"wp-block-paragraph\">\u00abHay una gran cantidad de j\u00f3venes m\u00fasicos que insisten en cultivar este g\u00e9nero, estas habilidades que son espec\u00edficas del jazz, partiendo de la improvisaci\u00f3n. El jazz y la m\u00fasica popular son los que recuperan estas habilidades de una manera singular y hay muchos j\u00f3venes estudiantes de m\u00fasica interesados en cultivar este lenguaje\u00bb, dijo a Xinhua.<\/p>\n\n\n\n<p class=\"wp-block-paragraph\">El director de la Orquesta Moderna lament\u00f3 que todav\u00eda existan pocos espacios para presentar jazzistas en M\u00e9xico y consider\u00f3 que la industria discogr\u00e1fica tampoco ha encontrado la manera de dar a ese g\u00e9nero un lugar que le permita llegar a p\u00fablicos m\u00e1s amplios.<\/p>\n\n\n\n<p class=\"wp-block-paragraph\">Serrano record\u00f3 adem\u00e1s que el jazz ha tenido presencia en la m\u00fasica mexicana desde los primeros a\u00f1os como lenguaje musical y que m\u00fasicos mexicanos tuvieron una influencia importante en Nueva Orleans a finales del siglo XIX y principios del XX, aunque este v\u00ednculo no siempre aparece en los libros de historia del jazz.<\/p>\n\n\n\n<p class=\"wp-block-paragraph\">\u00abEl jazz ha estado presente en la m\u00fasica mexicana desde sus inicios como lenguaje, aunque esto no est\u00e1 constatado a menudo en los libros de historia del jazz. Es un hecho comprobable que hubo una influencia importante de m\u00fasicos mexicanos a finales del siglo XIX y principios del siglo XX en Nueva Orleans, en cuanto a la gesti\u00f3n de este lenguaje, tanto por la incorporaci\u00f3n de instrumentos como por la incorporaci\u00f3n de ritmos\u00bb, precis\u00f3.<\/p>\n\n\n\n<p class=\"wp-block-paragraph\">El m\u00fasico expres\u00f3 tambi\u00e9n el deseo de que el jazz pueda alcanzar a mayores audiencias y que las personas tengan la posibilidad de acercarse a esa expresi\u00f3n art\u00edstica y elegir entre la amplia diversidad de g\u00e9neros y propuestas musicales que existen en M\u00e9xico.<\/p>\n\n\n\n<p class=\"wp-block-paragraph\">Para mantener este trabajo, dijo, se necesita compromiso de todos los integrantes de la agrupaci\u00f3n, quienes en distintas ocasiones han participado en grabaciones y conciertos de manera pr\u00e1cticamente altruista, impulsados por el gusto de hacer m\u00fasica.<\/p>\n\n\n\n<p class=\"wp-block-paragraph\">\u00abSe requiere de mucha voluntad, de mucha disposici\u00f3n por parte de todos los integrantes, cosa que tenemos en la Orquesta Moderna. Debo mencionar que adem\u00e1s de ser un grupo extraordinario de m\u00fasicos muy sobresalientes, hemos contado con la solidaridad, con el entusiasmo, muchas veces para llevar a cabo grabaciones o conciertos de manera casi altruista y por el gusto de hacerlo\u00bb, resalt\u00f3.<\/p>\n\n\n\n<p class=\"wp-block-paragraph\">Concebida como un ensamble musical, la Orquesta Moderna re\u00fane a instrumentistas para interpretar composiciones originales, en las que las percusiones y los instrumentos de viento se combinan para construir una propuesta de jazz contempor\u00e1neo.<\/p>\n\n\n\n<p class=\"wp-block-paragraph\">Ese trabajo colectivo tendr\u00e1 una nueva expresi\u00f3n con el estreno de los proyectos \u00abCoalescencia\u00bb y \u00abAlma\u00bb, que Serrano y Mercado presentar\u00e1n hoy domingo en el Centro Nacional de las Artes, en la Ciudad de M\u00e9xico.<\/p>\n","protected":false},"excerpt":{"rendered":"<p>spanish.news.cn|&nbsp;2026-08-10 00:26:45| Por Carina L\u00f3pez y Pool Contreras M\u00c9XICO, 9 ago (Xinhua) &#8212; A pesar de la escasez de espacios y de un mercado reducido para este g\u00e9nero, el jazz mantiene presencia en M\u00e9xico gracias a la perseverancia de los m\u00fasicos, la creaci\u00f3n de obras originales y el inter\u00e9s de nuevas generaciones por aprender y [&hellip;]<\/p>\n","protected":false},"author":2,"featured_media":0,"comment_status":"closed","ping_status":"closed","sticky":false,"template":"","format":"standard","meta":{"footnotes":""},"categories":[21,25],"tags":[7790],"class_list":["post-690933","post","type-post","status-publish","format-standard","hentry","category-cultura","category-gente","tag-jazz-en-mexico"],"_links":{"self":[{"href":"https:\/\/diariodominicano.com\/index.php?rest_route=\/wp\/v2\/posts\/690933","targetHints":{"allow":["GET"]}}],"collection":[{"href":"https:\/\/diariodominicano.com\/index.php?rest_route=\/wp\/v2\/posts"}],"about":[{"href":"https:\/\/diariodominicano.com\/index.php?rest_route=\/wp\/v2\/types\/post"}],"author":[{"embeddable":true,"href":"https:\/\/diariodominicano.com\/index.php?rest_route=\/wp\/v2\/users\/2"}],"replies":[{"embeddable":true,"href":"https:\/\/diariodominicano.com\/index.php?rest_route=%2Fwp%2Fv2%2Fcomments&post=690933"}],"version-history":[{"count":1,"href":"https:\/\/diariodominicano.com\/index.php?rest_route=\/wp\/v2\/posts\/690933\/revisions"}],"predecessor-version":[{"id":690934,"href":"https:\/\/diariodominicano.com\/index.php?rest_route=\/wp\/v2\/posts\/690933\/revisions\/690934"}],"wp:attachment":[{"href":"https:\/\/diariodominicano.com\/index.php?rest_route=%2Fwp%2Fv2%2Fmedia&parent=690933"}],"wp:term":[{"taxonomy":"category","embeddable":true,"href":"https:\/\/diariodominicano.com\/index.php?rest_route=%2Fwp%2Fv2%2Fcategories&post=690933"},{"taxonomy":"post_tag","embeddable":true,"href":"https:\/\/diariodominicano.com\/index.php?rest_route=%2Fwp%2Fv2%2Ftags&post=690933"}],"curies":[{"name":"wp","href":"https:\/\/api.w.org\/{rel}","templated":true}]}}