{"id":690533,"date":"2026-08-06T21:30:17","date_gmt":"2026-08-07T01:30:17","guid":{"rendered":"https:\/\/diariodominicano.com\/?p=690533"},"modified":"2026-08-06T21:30:29","modified_gmt":"2026-08-07T01:30:29","slug":"estados-unidos-felicita-al-presidente-rodrigo-paz-y-al-pueblo-de-bolivia-en-el-dia-nacional-de-bolivia","status":"publish","type":"post","link":"https:\/\/diariodominicano.com\/?p=690533","title":{"rendered":"Estados Unidos felicita al presidente Rodrigo Paz  y al pueblo de Bolivia en el  D\u00eda Nacional de Bolivia"},"content":{"rendered":"\n<p class=\"wp-block-paragraph\">Marco Rubio, Secretario de Estado<\/p>\n\n\n\n<p class=\"wp-block-paragraph\">6 de agosto de 2026<\/p>\n\n\n\n<p class=\"wp-block-paragraph\">En nombre de los Estados Unidos de Am\u00e9rica, extiendo mis m\u00e1s sinceras felicitaciones al Presidente Rodrigo Paz y al pueblo de Bolivia con motivo de su 201\u00ba D\u00eda de la Independencia.<\/p>\n\n\n\n<p class=\"wp-block-paragraph\">Este es el primer D\u00eda de la Independencia de Bolivia en casi dos d\u00e9cadas en el que Estados Unidos y Bolivia pueden celebrar una alianza verdaderamente renovada. Juntos, profundizamos nuestra cooperaci\u00f3n para brindar seguridad y prosperidad a ambas naciones. La membres\u00eda fundadora de Bolivia en el Escudo de las Am\u00e9ricas es una muestra de la confianza y los valores compartidos que definen nuestra nueva relaci\u00f3n.<\/p>\n\n\n\n<p class=\"wp-block-paragraph\">La Administraci\u00f3n Trump apoya al pueblo boliviano amante de la libertad y, bajo el liderazgo del presidente Paz, mantenemos nuestro compromiso de trabajar con Bolivia por un hemisferio occidental m\u00e1s seguro y fuerte.<\/p>\n\n\n\n<p class=\"wp-block-paragraph\">U.S. Department of State<\/p>\n\n\n\n<p class=\"wp-block-paragraph\"><a target=\"_blank\" href=\"mailto:usstatebpa@public.govdelivery.com\" rel=\"noreferrer noopener\">usstatebpa@public.govdelive<\/a><\/p>\n","protected":false},"excerpt":{"rendered":"<p>Marco Rubio, Secretario de Estado 6 de agosto de 2026 En nombre de los Estados Unidos de Am\u00e9rica, extiendo mis m\u00e1s sinceras felicitaciones al Presidente Rodrigo Paz y al pueblo de Bolivia con motivo de su 201\u00ba D\u00eda de la Independencia. Este es el primer D\u00eda de la Independencia de Bolivia en casi dos d\u00e9cadas [&hellip;]<\/p>\n","protected":false},"author":2,"featured_media":655062,"comment_status":"open","ping_status":"closed","sticky":false,"template":"","format":"standard","meta":{"footnotes":""},"categories":[26,23],"tags":[4706],"class_list":["post-690533","post","type-post","status-publish","format-standard","has-post-thumbnail","hentry","category-efemerides","category-internacional","tag-bolivia"],"_links":{"self":[{"href":"https:\/\/diariodominicano.com\/index.php?rest_route=\/wp\/v2\/posts\/690533","targetHints":{"allow":["GET"]}}],"collection":[{"href":"https:\/\/diariodominicano.com\/index.php?rest_route=\/wp\/v2\/posts"}],"about":[{"href":"https:\/\/diariodominicano.com\/index.php?rest_route=\/wp\/v2\/types\/post"}],"author":[{"embeddable":true,"href":"https:\/\/diariodominicano.com\/index.php?rest_route=\/wp\/v2\/users\/2"}],"replies":[{"embeddable":true,"href":"https:\/\/diariodominicano.com\/index.php?rest_route=%2Fwp%2Fv2%2Fcomments&post=690533"}],"version-history":[{"count":1,"href":"https:\/\/diariodominicano.com\/index.php?rest_route=\/wp\/v2\/posts\/690533\/revisions"}],"predecessor-version":[{"id":690534,"href":"https:\/\/diariodominicano.com\/index.php?rest_route=\/wp\/v2\/posts\/690533\/revisions\/690534"}],"wp:featuredmedia":[{"embeddable":true,"href":"https:\/\/diariodominicano.com\/index.php?rest_route=\/wp\/v2\/media\/655062"}],"wp:attachment":[{"href":"https:\/\/diariodominicano.com\/index.php?rest_route=%2Fwp%2Fv2%2Fmedia&parent=690533"}],"wp:term":[{"taxonomy":"category","embeddable":true,"href":"https:\/\/diariodominicano.com\/index.php?rest_route=%2Fwp%2Fv2%2Fcategories&post=690533"},{"taxonomy":"post_tag","embeddable":true,"href":"https:\/\/diariodominicano.com\/index.php?rest_route=%2Fwp%2Fv2%2Ftags&post=690533"}],"curies":[{"name":"wp","href":"https:\/\/api.w.org\/{rel}","templated":true}]}}