{"id":690256,"date":"2026-08-05T12:28:18","date_gmt":"2026-08-05T16:28:18","guid":{"rendered":"https:\/\/diariodominicano.com\/?p=690256"},"modified":"2026-08-05T12:28:24","modified_gmt":"2026-08-05T16:28:24","slug":"uruguay-apela-al-dialogo-para-aliviar-tensiones-en-mercosur","status":"publish","type":"post","link":"https:\/\/diariodominicano.com\/?p=690256","title":{"rendered":"Uruguay apela al di\u00e1logo para aliviar tensiones en Mercosur"},"content":{"rendered":"\n<p class=\"wp-block-paragraph\">Montevideo, 5 ago (Prensa Latina) El canciller uruguayo, Mario Lubetkin, apelo hoy al di\u00e1logo para resolver las tensiones a lo interno del Mercosur, por el deterioro de las relaciones entre Brasil y Argentina.<\/p>\n\n\n\n<ul class=\"wp-block-list\">\n<li><a href=\"https:\/\/www.prensa-latina.cu\/2026\/08\/05\/\"><time>agosto 5, 2026 | 11:52<\/time><\/a><\/li>\n<\/ul>\n\n\n\n<ul class=\"wp-block-list\">\n<li><a href=\"https:\/\/www.prensa-latina.cu\/2026\/08\/05\/uruguay-apela-al-dialogo-para-aliviar-tensiones-en-mercosur\/#\"><\/a><\/li>\n\n\n\n<li><a href=\"https:\/\/www.prensa-latina.cu\/2026\/08\/05\/uruguay-apela-al-dialogo-para-aliviar-tensiones-en-mercosur\/#\"><\/a><\/li>\n\n\n\n<li><a href=\"https:\/\/www.prensa-latina.cu\/2026\/08\/05\/uruguay-apela-al-dialogo-para-aliviar-tensiones-en-mercosur\/#\"><\/a><\/li>\n\n\n\n<li><a href=\"https:\/\/www.prensa-latina.cu\/2026\/08\/05\/uruguay-apela-al-dialogo-para-aliviar-tensiones-en-mercosur\/#\"><\/a><\/li>\n<\/ul>\n\n\n\n<p class=\"wp-block-paragraph\">El ministro de Relaciones Exteriores coment\u00f3 el actual panorama del bloque regional en conferencia de prensa que estaba dedicada a informar sobre la visita en noviembre al pa\u00eds del papa Le\u00f3n XIV, y que consider\u00f3 \u201cacontecimiento extraordinario.<\/p>\n\n\n\n<p class=\"wp-block-paragraph\">\u00abUn Mercosur tensionado es malo para todos. Es una mala noticia para brasile\u00f1os, argentinos, uruguayos y paraguayos\u00bb, sostuvo.<\/p>\n\n\n\n<p class=\"wp-block-paragraph\">Dijo que Uruguay espera que ambos gobiernos encuentren mecanismos de di\u00e1logo para reducir el conflicto.<\/p>\n\n\n\n<p class=\"wp-block-paragraph\">Record\u00f3 que el Mercosur vive un momento importante p\u00f2r las negociaciones estrat\u00e9gicas con la Uni\u00f3n Europea, India, Canad\u00e1 y Emiratos \u00c1rabes Unidos.<\/p>\n\n\n\n<p class=\"wp-block-paragraph\">Lubetkin descart\u00f3 que el gobierno uruguayo medie entre ambos pa\u00edses vecinos, aunque refiri\u00f3 la disposici\u00f3n a colaborar a la distensi\u00f3n si es requerido<\/p>\n\n\n\n<p class=\"wp-block-paragraph\">\u00abUruguay siempre est\u00e1 a disposici\u00f3n de dar una mano cuando puede\u00bb, se\u00f1al\u00f3 el canciller uruguayo, cuyo pa\u00eds ocupa la presidencia pro tempore de la agrupaci\u00f3n sudamericana.<\/p>\n\n\n\n<p class=\"wp-block-paragraph\">Brasil llam\u00f3 a su embajador en Buenos Aires y convoc\u00f3 al embajador argentino en Brasilia, tras reiterados ataques personales e injurias del presidente Javier Milei contra el mandatario brasile\u00f1o In\u00e1cio Lula da Silva.<\/p>\n\n\n\n<p class=\"wp-block-paragraph\">Milei est\u00e1 personalmente involucrado en la campa\u00f1a electoral brasile\u00f1a, a favor del candidato opositor Fl\u00e1vio Bolsonaro en franca actuaci\u00f3n injerencista.<\/p>\n\n\n\n<p class=\"wp-block-paragraph\">ft\/ool<\/p>\n\n\n\n<ul class=\"wp-block-list\">\n<li>#<a href=\"https:\/\/www.prensa-latina.cu\/etiqueta\/mercosur\/\">mercosur<\/a>\u00a0#<a href=\"https:\/\/www.prensa-latina.cu\/etiqueta\/uruguay\/\">uruguay<\/a><\/li>\n<\/ul>\n","protected":false},"excerpt":{"rendered":"<p>Montevideo, 5 ago (Prensa Latina) El canciller uruguayo, Mario Lubetkin, apelo hoy al di\u00e1logo para resolver las tensiones a lo interno del Mercosur, por el deterioro de las relaciones entre Brasil y Argentina. El ministro de Relaciones Exteriores coment\u00f3 el actual panorama del bloque regional en conferencia de prensa que estaba dedicada a informar sobre [&hellip;]<\/p>\n","protected":false},"author":2,"featured_media":0,"comment_status":"open","ping_status":"closed","sticky":false,"template":"","format":"standard","meta":{"footnotes":""},"categories":[23],"tags":[3901],"class_list":["post-690256","post","type-post","status-publish","format-standard","hentry","category-internacional","tag-uruguay"],"_links":{"self":[{"href":"https:\/\/diariodominicano.com\/index.php?rest_route=\/wp\/v2\/posts\/690256","targetHints":{"allow":["GET"]}}],"collection":[{"href":"https:\/\/diariodominicano.com\/index.php?rest_route=\/wp\/v2\/posts"}],"about":[{"href":"https:\/\/diariodominicano.com\/index.php?rest_route=\/wp\/v2\/types\/post"}],"author":[{"embeddable":true,"href":"https:\/\/diariodominicano.com\/index.php?rest_route=\/wp\/v2\/users\/2"}],"replies":[{"embeddable":true,"href":"https:\/\/diariodominicano.com\/index.php?rest_route=%2Fwp%2Fv2%2Fcomments&post=690256"}],"version-history":[{"count":1,"href":"https:\/\/diariodominicano.com\/index.php?rest_route=\/wp\/v2\/posts\/690256\/revisions"}],"predecessor-version":[{"id":690257,"href":"https:\/\/diariodominicano.com\/index.php?rest_route=\/wp\/v2\/posts\/690256\/revisions\/690257"}],"wp:attachment":[{"href":"https:\/\/diariodominicano.com\/index.php?rest_route=%2Fwp%2Fv2%2Fmedia&parent=690256"}],"wp:term":[{"taxonomy":"category","embeddable":true,"href":"https:\/\/diariodominicano.com\/index.php?rest_route=%2Fwp%2Fv2%2Fcategories&post=690256"},{"taxonomy":"post_tag","embeddable":true,"href":"https:\/\/diariodominicano.com\/index.php?rest_route=%2Fwp%2Fv2%2Ftags&post=690256"}],"curies":[{"name":"wp","href":"https:\/\/api.w.org\/{rel}","templated":true}]}}