{"id":690210,"date":"2026-08-05T08:46:07","date_gmt":"2026-08-05T12:46:07","guid":{"rendered":"https:\/\/diariodominicano.com\/?p=690210"},"modified":"2026-08-05T08:48:33","modified_gmt":"2026-08-05T12:48:33","slug":"procuradora-general-imparte-el-taller-codigo-penal-abierto-ante-la-prensa-y-la-comunicacion","status":"publish","type":"post","link":"https:\/\/diariodominicano.com\/?p=690210","title":{"rendered":"Procuradora General imparte el taller C\u00f3digo Penal abierto ante la prensa y la comunicaci\u00f3n"},"content":{"rendered":"\n<p class=\"wp-block-paragraph\"><strong>Link de fotos<\/strong><\/p>\n\n\n\n<p class=\"wp-block-paragraph\"><a href=\"https:\/\/www.filemail.com\/d\/hnunciepxyscprc\">https:\/\/www.filemail.com\/d\/hnunciepxyscprc<\/a><\/p>\n\n\n\n<p class=\"wp-block-paragraph\"><strong>SANTO DOMINGO (Rep\u00fablica Dominicana).-\u00a0<\/strong>La procuradora general de la Rep\u00fablica, Yeni Berenice Reynoso, imparti\u00f3 el martes el taller \u201cC\u00f3digo Penal abierto ante la prensa y la comunicaci\u00f3n\u201d, el primero de varios encuentros con periodistas, comunicadores y responsables de plataformas que, en su contenido diversificado, incluyen informaci\u00f3n de temas que pueden ser de inter\u00e9s p\u00fablico.<\/p>\n\n\n\n<p class=\"wp-block-paragraph\"><\/p>\n\n\n\n<p class=\"wp-block-paragraph\">El taller del  martes estuvo dirigido a periodistas especializados que cubren la fuente judicial o que est\u00e1n pendientes del marco jur\u00eddico y del diario acontecer de los procesos judiciales en los tribunales, as\u00ed como a caricaturistas de ejercicio art\u00edstico permanente.<\/p>\n\n\n\n<p class=\"wp-block-paragraph\">La procuradora Yeni Berenice Reynoso viene agotando una serie de talleres respecto al C\u00f3digo Penal y su reforma, as\u00ed como al marco jur\u00eddico relacionado con la transparencia, con el objetivo de contribuir a un mayor conocimiento de los servidores p\u00fablicos, los profesionales de distintas \u00e1reas, los periodistas y los comunicadores que difunden informaciones en el d\u00eda a d\u00eda.<\/p>\n\n\n\n<p class=\"wp-block-paragraph\">En la jornada que se realiz\u00f3 este martes en la sede principal de la Procuradur\u00eda General de la Rep\u00fablica, participaron unos 40 representantes de medios de comunicaci\u00f3n impresa, televisiva y digital. Los participantes recibir\u00e1n un certificado avalado por el Instituto de Educaci\u00f3n Superior Escuela Nacional del Ministerio P\u00fablico (IES-ENMP).<\/p>\n\n\n\n<p class=\"wp-block-paragraph\">En el taller estuvieron presentes los procuradores adjuntos Osvaldo Bonilla, Jos\u00e9 Viterbo Cabral, Iv\u00e1n Vladimir F\u00e9liz, Fiordaliza Alduey, y la rectora del IES-ENMP, Marien Montero.<\/p>\n\n\n\n<p class=\"wp-block-paragraph\">La procuradora general repas\u00f3 las novedades que trae el nuevo C\u00f3digo Penal y su reforma que empezar\u00e1 a aplicarse en el pa\u00eds en las pr\u00f3ximas horas, el hecho de que incorpora 70 nuevos delitos y con los reformulados llegan a 109.<\/p>\n\n\n\n<p class=\"wp-block-paragraph\">Enfatiz\u00f3 que se trata de un c\u00f3digo que deja atr\u00e1s a un instrumento que, aunque hizo aporte a la humanidad hace m\u00e1s de un siglo, qued\u00f3 desfasado para enfrentar delitos del siglo 21, tales como los que se apoyan en la tecnolog\u00eda.<\/p>\n\n\n\n<p class=\"wp-block-paragraph\">Resalt\u00f3 que el nuevo C\u00f3digo Penal incorpora principios que brindan mayores garant\u00edas al ciudadano y al fortalecimiento del tejido social porque aportan instrumentos para una persecuci\u00f3n penal m\u00e1s efectiva y, por tanto, con mayor enfoque disuasivo.<\/p>\n\n\n\n<p class=\"wp-block-paragraph\">Durante el taller, Reynoso respondi\u00f3 las preguntas de los periodistas, con quienes fue repasando, con calma, las inquietudes que, en alg\u00fan momento, pudieron generar dudas respecto a su ejercicio.<\/p>\n\n\n\n<p class=\"wp-block-paragraph\"><strong>Direcci\u00f3n General de Comunicaci\u00f3n, Prensa y RRPP<\/strong><\/p>\n\n\n\n<p class=\"wp-block-paragraph\"><strong>Ministerio P\u00fablico RD<\/strong><\/p>\n\n\n\n<p class=\"wp-block-paragraph\"><strong>Martes, 4 de agosto de 2026.<\/strong><\/p>\n","protected":false},"excerpt":{"rendered":"<p>Link de fotos https:\/\/www.filemail.com\/d\/hnunciepxyscprc SANTO DOMINGO (Rep\u00fablica Dominicana).-\u00a0La procuradora general de la Rep\u00fablica, Yeni Berenice Reynoso, imparti\u00f3 el martes el taller \u201cC\u00f3digo Penal abierto ante la prensa y la comunicaci\u00f3n\u201d, el primero de varios encuentros con periodistas, comunicadores y responsables de plataformas que, en su contenido diversificado, incluyen informaci\u00f3n de temas que pueden ser de [&hellip;]<\/p>\n","protected":false},"author":2,"featured_media":0,"comment_status":"open","ping_status":"closed","sticky":false,"template":"","format":"standard","meta":{"footnotes":""},"categories":[24,29],"tags":[2911,3882],"class_list":["post-690210","post","type-post","status-publish","format-standard","hentry","category-justicia-y-derecho","category-policiasucesos","tag-codigo-penal","tag-procuradora-general"],"_links":{"self":[{"href":"https:\/\/diariodominicano.com\/index.php?rest_route=\/wp\/v2\/posts\/690210","targetHints":{"allow":["GET"]}}],"collection":[{"href":"https:\/\/diariodominicano.com\/index.php?rest_route=\/wp\/v2\/posts"}],"about":[{"href":"https:\/\/diariodominicano.com\/index.php?rest_route=\/wp\/v2\/types\/post"}],"author":[{"embeddable":true,"href":"https:\/\/diariodominicano.com\/index.php?rest_route=\/wp\/v2\/users\/2"}],"replies":[{"embeddable":true,"href":"https:\/\/diariodominicano.com\/index.php?rest_route=%2Fwp%2Fv2%2Fcomments&post=690210"}],"version-history":[{"count":2,"href":"https:\/\/diariodominicano.com\/index.php?rest_route=\/wp\/v2\/posts\/690210\/revisions"}],"predecessor-version":[{"id":690213,"href":"https:\/\/diariodominicano.com\/index.php?rest_route=\/wp\/v2\/posts\/690210\/revisions\/690213"}],"wp:attachment":[{"href":"https:\/\/diariodominicano.com\/index.php?rest_route=%2Fwp%2Fv2%2Fmedia&parent=690210"}],"wp:term":[{"taxonomy":"category","embeddable":true,"href":"https:\/\/diariodominicano.com\/index.php?rest_route=%2Fwp%2Fv2%2Fcategories&post=690210"},{"taxonomy":"post_tag","embeddable":true,"href":"https:\/\/diariodominicano.com\/index.php?rest_route=%2Fwp%2Fv2%2Ftags&post=690210"}],"curies":[{"name":"wp","href":"https:\/\/api.w.org\/{rel}","templated":true}]}}