{"id":687872,"date":"2026-07-19T02:19:47","date_gmt":"2026-07-19T06:19:47","guid":{"rendered":"https:\/\/diariodominicano.com\/?p=687872"},"modified":"2026-07-19T02:24:56","modified_gmt":"2026-07-19T06:24:56","slug":"saj-realiza-jornadas-de-formacionelectoral-en-azua-y-el-distrito-nacional","status":"publish","type":"post","link":"https:\/\/diariodominicano.com\/?p=687872","title":{"rendered":"SAJ realiza jornadas de formaci\u00f3n electoral en Azua y el Distrito Nacional"},"content":{"rendered":"\n<p class=\"wp-block-paragraph\">archivo: Ra\u00fal Mart\u00ednez<\/p>\n\n\n\n<p class=\"wp-block-paragraph\"><br>Las conferencias impartidas por Jacobo<br>Col\u00f3n y Manuel Mateo Calder\u00f3n forman<br>parte del plan nacional que procura preparar<br>a 2,400 abogados para los comicios de 2028.<\/p>\n\n\n\n<p class=\"wp-block-paragraph\"><br>Santo Domingo, RD.\u2013 La Secretar\u00eda de Asuntos<br>Jur\u00eddicos (SAJ) de la Fuerza del Pueblo<br>desarroll\u00f3 dos jornadas consecutivas de<br>formaci\u00f3n sobre el sistema electoral<br>dominicano, celebradas el viernes 17 de julio<br>en Azua de Compostela y el s\u00e1bado 18 en la<br>Circunscripci\u00f3n n\u00famero 1 del Distrito<br>Nacional.<br>Ambas actividades forman parte del programa<br>nacional de capacitaci\u00f3n que impulsa el<br>\u00f3rgano partidario bajo la direcci\u00f3n de su<br>titular, Ra\u00fal Mart\u00ednez, con el prop\u00f3sito de<br>preparar a 2,400 abogados en materia<br>electoral y contencioso-electoral, fortalecer<\/p>\n\n\n\n<p class=\"wp-block-paragraph\">las estructuras jur\u00eddicas territoriales y<br>garantizar una defensa eficaz del voto en las<br>elecciones municipales, congresuales y<br>presidenciales de 2028.<br>La primera jornada tuvo lugar en la provincia<br>de Azua, donde el abogado y especialista<br>Jacobo Col\u00f3n imparti\u00f3 la conferencia \u00abLa<br>administraci\u00f3n del sistema electoral<br>dominicano\u00bb ante profesionales del derecho,<br>dirigentes y representantes de las estructuras<br>territoriales de la Fuerza del Pueblo.<br>Durante su exposici\u00f3n, Col\u00f3n abord\u00f3 la<br>estructura del sistema electoral, las<br>competencias de los \u00f3rganos responsables de<br>organizar y arbitrar los procesos comiciales,<br>as\u00ed como las funciones que corresponden a los<br>partidos, sus delegados y sus equipos<br>jur\u00eddicos durante las distintas etapas de una<br>elecci\u00f3n.<\/p>\n\n\n\n<p class=\"wp-block-paragraph\">La conferencia hizo \u00e9nfasis, adem\u00e1s, en la<br>necesidad de dominar la normativa, los<br>procedimientos y los mecanismos de<br>reclamaci\u00f3n e impugnaci\u00f3n, a fin de<br>responder de manera oportuna y t\u00e9cnicamente<br>fundamentada ante cualquier incidencia que<br>se presente durante la votaci\u00f3n, el escrutinio y<br>la validaci\u00f3n de los resultados.<br>La actividad cont\u00f3 con la presencia de<br>Bayardo Ortiz, secretario general provincial<br>de la Fuerza del Pueblo en Azua, y Zuleika<br>Garc\u00eda, responsable de Asuntos Electorales de<br>la organizaci\u00f3n en esa demarcaci\u00f3n. Por la<br>Secretar\u00eda de Asuntos Jur\u00eddicos participaron<br>los vicesecretarios Ram\u00f3n Vargas, Librado<br>Pe\u00f1a, Juan Rivera y Manuel Mateo Calder\u00f3n.<br>Tambi\u00e9n estuvieron presentes los<br>vicesecretarios de la SAJ en Azua Lino Aibar,<br>Nelson Gonz\u00e1lez, Mayra Pujols y Fernando<br>Montero, junto con abogados, dirigentes y<\/p>\n\n\n\n<p class=\"wp-block-paragraph\">representantes de las estructuras locales del<br>partido.<br>La segunda jornada se realiz\u00f3 este s\u00e1bado 18<br>de julio, en el local de la Fuerza del Pueblo<br>correspondiente a la Circunscripci\u00f3n n\u00famero<br>1 del Distrito Nacional, ubicado en la calle<br>Desiderio Arias n\u00famero 61, en Bella Vista.<br>Durante la apertura, Hip\u00f3lito Polanco,<br>secretario general de la Circunscripci\u00f3n<br>n\u00famero 1 y vicesecretario de la Secretar\u00eda de<br>Asuntos Jur\u00eddicos, present\u00f3 los cinco ejes de<br>trabajo que desarrolla el partido a escala<br>nacional, entre los cuales destac\u00f3 las \u00e1reas de<br>finanzas, capacitaci\u00f3n electoral y educaci\u00f3n.<br>En nombre de la estructura anfitriona<br>intervino Manuel Paulino, presidente de la<br>Circunscripci\u00f3n n\u00famero 1 del Distrito<br>Nacional, quien present\u00f3 un informe sobre las<br>acciones pol\u00edticas y organizativas que<br>desarrolla esa demarcaci\u00f3n en apoyo al<\/p>\n\n\n\n<p class=\"wp-block-paragraph\">liderazgo y al proyecto presidencial de Leonel<br>Fern\u00e1ndez.<br>Posteriormente, Manuel Mateo Calder\u00f3n<br>imparti\u00f3 la conferencia \u00abDise\u00f1o institucional<br>del sistema electoral dominicano\u00bb. El<br>presidente de la Comisi\u00f3n de Capacitaci\u00f3n<br>Electoral de la SAJ explic\u00f3 la organizaci\u00f3n<br>institucional del sistema electoral, las<br>atribuciones de sus \u00f3rganos y la relaci\u00f3n<br>existente entre la administraci\u00f3n de los<br>procesos comiciales y la jurisdicci\u00f3n<br>encargada de resolver los conflictos que<br>puedan surgir.<br>Por la direcci\u00f3n nacional de la Secretar\u00eda de<br>Asuntos Jur\u00eddicos participaron los<br>vicesecretarios Juan Rivera, Ram\u00f3n Vargas,<br>Lubrado Pe\u00f1a, Andrea Mendoza y Harley<br>Paredes, junto con otros integrantes y<br>dirigentes del \u00f3rgano partidario.<\/p>\n\n\n\n<p class=\"wp-block-paragraph\">Tambi\u00e9n asistieron los mayores generales<br>retirados Jos\u00e9 Armando Polanco G\u00f3mez,<br>exdirector general de la Polic\u00eda Nacional, y<br>Juan Antonio Campusano L\u00f3pez, antiguo<br>comandante general del Ej\u00e9rcito de Rep\u00fablica<br>Dominicana, adem\u00e1s de dirigentes pol\u00edticos,<br>abogados y miembros de las estructuras<br>territoriales.<br>La actividad concluy\u00f3 con palabras de<br>exhortaci\u00f3n de Pedro Pablo D\u00edaz, miembro de<br>la Direcci\u00f3n Pol\u00edtica de la Fuerza del Pueblo<br>y dirigente de la Circunscripci\u00f3n n\u00famero 1<br>del Distrito Nacional.<br>Las dos conferencias ofrecieron una visi\u00f3n<br>complementaria: la primera examin\u00f3 la<br>administraci\u00f3n pr\u00e1ctica del proceso electoral,<br>mientras la segunda profundiz\u00f3 en el dise\u00f1o,<br>las competencias y la articulaci\u00f3n de las<br>instituciones que lo sustentan.<\/p>\n\n\n\n<p class=\"wp-block-paragraph\">Con estas jornadas, la Secretar\u00eda de Asuntos<br>Jur\u00eddicos prosigue el despliegue territorial de<br>su programa de formaci\u00f3n, que continuar\u00e1<br>desarroll\u00e1ndose en distintas provincias y<br>municipios hasta completar la estructura<br>t\u00e9cnico-jur\u00eddica prevista para acompa\u00f1ar y<br>defender el voto de la Fuerza del Pueblo en<br>2028.<\/p>\n\n\n\n<p class=\"wp-block-paragraph\">Ram\u00f3 n Morel<\/p>\n","protected":false},"excerpt":{"rendered":"<p>archivo: Ra\u00fal Mart\u00ednez Las conferencias impartidas por JacoboCol\u00f3n y Manuel Mateo Calder\u00f3n formanparte del plan nacional que procura preparara 2,400 abogados para los comicios de 2028. Santo Domingo, RD.\u2013 La Secretar\u00eda de AsuntosJur\u00eddicos (SAJ) de la Fuerza del Pueblodesarroll\u00f3 dos jornadas consecutivas deformaci\u00f3n sobre el sistema electoraldominicano, celebradas el viernes 17 de julioen Azua de [&hellip;]<\/p>\n","protected":false},"author":2,"featured_media":675958,"comment_status":"open","ping_status":"closed","sticky":false,"template":"","format":"standard","meta":{"footnotes":""},"categories":[22,27],"tags":[7308,7309],"class_list":["post-687872","post","type-post","status-publish","format-standard","has-post-thumbnail","hentry","category-politica","category-portada","tag-s","tag-saj"],"_links":{"self":[{"href":"https:\/\/diariodominicano.com\/index.php?rest_route=\/wp\/v2\/posts\/687872","targetHints":{"allow":["GET"]}}],"collection":[{"href":"https:\/\/diariodominicano.com\/index.php?rest_route=\/wp\/v2\/posts"}],"about":[{"href":"https:\/\/diariodominicano.com\/index.php?rest_route=\/wp\/v2\/types\/post"}],"author":[{"embeddable":true,"href":"https:\/\/diariodominicano.com\/index.php?rest_route=\/wp\/v2\/users\/2"}],"replies":[{"embeddable":true,"href":"https:\/\/diariodominicano.com\/index.php?rest_route=%2Fwp%2Fv2%2Fcomments&post=687872"}],"version-history":[{"count":4,"href":"https:\/\/diariodominicano.com\/index.php?rest_route=\/wp\/v2\/posts\/687872\/revisions"}],"predecessor-version":[{"id":687878,"href":"https:\/\/diariodominicano.com\/index.php?rest_route=\/wp\/v2\/posts\/687872\/revisions\/687878"}],"wp:featuredmedia":[{"embeddable":true,"href":"https:\/\/diariodominicano.com\/index.php?rest_route=\/wp\/v2\/media\/675958"}],"wp:attachment":[{"href":"https:\/\/diariodominicano.com\/index.php?rest_route=%2Fwp%2Fv2%2Fmedia&parent=687872"}],"wp:term":[{"taxonomy":"category","embeddable":true,"href":"https:\/\/diariodominicano.com\/index.php?rest_route=%2Fwp%2Fv2%2Fcategories&post=687872"},{"taxonomy":"post_tag","embeddable":true,"href":"https:\/\/diariodominicano.com\/index.php?rest_route=%2Fwp%2Fv2%2Ftags&post=687872"}],"curies":[{"name":"wp","href":"https:\/\/api.w.org\/{rel}","templated":true}]}}