{"id":687369,"date":"2026-07-15T15:48:25","date_gmt":"2026-07-15T19:48:25","guid":{"rendered":"https:\/\/diariodominicano.com\/?p=687369"},"modified":"2026-07-15T16:17:33","modified_gmt":"2026-07-15T20:17:33","slug":"jottin-cury-destaca-la-trascendencia-de-la-constitucion-de-1963-en-acto-academico-de-la-uasd","status":"publish","type":"post","link":"https:\/\/diariodominicano.com\/?p=687369","title":{"rendered":"\u201cJottin Cury destaca la trascendencia de la Constituci\u00f3n de 1963 en acto acad\u00e9mico de la UASD\u201d"},"content":{"rendered":"\n<p class=\"wp-block-paragraph\">Santo Domingo. En el marco de la puesta en circulaci\u00f3n de la revista Derecho &amp; Pol\u00edtica, de la Facultad de Ciencias Jur\u00eddicas y Pol\u00edticas de la Universidad Aut\u00f3noma de Santo Domingo (UASD), el reconocido jurista y constitucionalista Jottin Cury ofreci\u00f3 la conferencia \u201cComentario sobre la Constituci\u00f3n de 1963\u201d, en la que destac\u00f3 la trascendencia hist\u00f3rica, jur\u00eddica y democr\u00e1tica de uno de los textos constitucionales m\u00e1s importantes de la Rep\u00fablica Dominicana.<\/p>\n\n\n\n<p class=\"wp-block-paragraph\">La actividad se celebr\u00f3 en el Paraninfo de la Facultad de Ciencias Jur\u00eddicas y Pol\u00edticas, ubicado en el edificio Nuevo (NU) de la UASD, y reuni\u00f3 a destacadas figuras del \u00e1mbito jur\u00eddico, acad\u00e9mico e institucional del pa\u00eds.<\/p>\n\n\n\n<p class=\"wp-block-paragraph\">Entre los asistentes estuvieron la exprocuradora general de la Rep\u00fablica, Miriam Germ\u00e1n Brito; Adolfo P\u00e9rez; las autoridades de la Facultad de Ciencias Jur\u00eddicas y Pol\u00edticas, encabezadas por su decano y la vicedecana, as\u00ed como el destacado polit\u00f3logo David de la Hoz, quien asisti\u00f3 al acto y falleci\u00f3 este mi\u00e9rcoles, pocas horas despu\u00e9s de su participaci\u00f3n en la actividad.<\/p>\n\n\n\n<p class=\"wp-block-paragraph\">Durante su intervenci\u00f3n, Cury afirm\u00f3 que la Constituci\u00f3n de 1963 represent\u00f3 un hito en la evoluci\u00f3n del constitucionalismo dominicano por su amplio reconocimiento de derechos fundamentales, su visi\u00f3n democr\u00e1tica y su compromiso con la justicia social, elementos que contin\u00faan siendo objeto de estudio y reflexi\u00f3n en el \u00e1mbito jur\u00eddico nacional.<\/p>\n\n\n\n<p class=\"wp-block-paragraph\">La jornada tambi\u00e9n cont\u00f3 con la conferencia del licenciado Frank Reynaldo Ferm\u00edn, quien abord\u00f3 el tema \u201cElecci\u00f3n de Jueces de Altas Cortes: Propuesta Institucional\u201d, generando un espacio de an\u00e1lisis sobre los desaf\u00edos y perspectivas del sistema de justicia dominicano.<\/p>\n\n\n\n<p class=\"wp-block-paragraph\">La puesta en circulaci\u00f3n de la revista Derecho &amp; Pol\u00edtica reafirma el compromiso de la Facultad de Ciencias Jur\u00eddicas y Pol\u00edticas de la UASD con la producci\u00f3n acad\u00e9mica, la investigaci\u00f3n y el debate sobre los principales temas del derecho, la pol\u00edtica y la institucionalidad democr\u00e1tica.<\/p>\n\n\n\n<p class=\"wp-block-paragraph\">La presencia de David de la Hoz otorg\u00f3 un significado especial al evento, al convertirse en una de sus \u00faltimas apariciones p\u00fablicas. Su legado como acad\u00e9mico y analista pol\u00edtico permanecer\u00e1 como un valioso aporte al pensamiento democr\u00e1tico y al fortalecimiento de las instituciones dominicanas.<\/p>\n\n\n\n<p class=\"wp-block-paragraph\">La actividad concluy\u00f3 con un llamado a preservar el estudio de la historia constitucional del pa\u00eds y a continuar promoviendo espacios de reflexi\u00f3n acad\u00e9mica que contribuyan al fortalecimiento del Estado de derecho y la democracia dominicana.<\/p>\n\n\n\n<p class=\"wp-block-paragraph\">#<strong>UASD #Constituci\u00f3nde1963 #JottinCury<\/strong><\/p>\n","protected":false},"excerpt":{"rendered":"<p>Santo Domingo. En el marco de la puesta en circulaci\u00f3n de la revista Derecho &amp; Pol\u00edtica, de la Facultad de Ciencias Jur\u00eddicas y Pol\u00edticas de la Universidad Aut\u00f3noma de Santo Domingo (UASD), el reconocido jurista y constitucionalista Jottin Cury ofreci\u00f3 la conferencia \u201cComentario sobre la Constituci\u00f3n de 1963\u201d, en la que destac\u00f3 la trascendencia hist\u00f3rica, [&hellip;]<\/p>\n","protected":false},"author":7,"featured_media":687374,"comment_status":"closed","ping_status":"closed","sticky":false,"template":"","format":"standard","meta":{"footnotes":""},"categories":[21,20,27],"tags":[2411,336],"class_list":["post-687369","post","type-post","status-publish","format-standard","has-post-thumbnail","hentry","category-cultura","category-dominicana-hoy","category-portada","tag-jottin-cury","tag-uasd"],"_links":{"self":[{"href":"https:\/\/diariodominicano.com\/index.php?rest_route=\/wp\/v2\/posts\/687369","targetHints":{"allow":["GET"]}}],"collection":[{"href":"https:\/\/diariodominicano.com\/index.php?rest_route=\/wp\/v2\/posts"}],"about":[{"href":"https:\/\/diariodominicano.com\/index.php?rest_route=\/wp\/v2\/types\/post"}],"author":[{"embeddable":true,"href":"https:\/\/diariodominicano.com\/index.php?rest_route=\/wp\/v2\/users\/7"}],"replies":[{"embeddable":true,"href":"https:\/\/diariodominicano.com\/index.php?rest_route=%2Fwp%2Fv2%2Fcomments&post=687369"}],"version-history":[{"count":1,"href":"https:\/\/diariodominicano.com\/index.php?rest_route=\/wp\/v2\/posts\/687369\/revisions"}],"predecessor-version":[{"id":687375,"href":"https:\/\/diariodominicano.com\/index.php?rest_route=\/wp\/v2\/posts\/687369\/revisions\/687375"}],"wp:featuredmedia":[{"embeddable":true,"href":"https:\/\/diariodominicano.com\/index.php?rest_route=\/wp\/v2\/media\/687374"}],"wp:attachment":[{"href":"https:\/\/diariodominicano.com\/index.php?rest_route=%2Fwp%2Fv2%2Fmedia&parent=687369"}],"wp:term":[{"taxonomy":"category","embeddable":true,"href":"https:\/\/diariodominicano.com\/index.php?rest_route=%2Fwp%2Fv2%2Fcategories&post=687369"},{"taxonomy":"post_tag","embeddable":true,"href":"https:\/\/diariodominicano.com\/index.php?rest_route=%2Fwp%2Fv2%2Ftags&post=687369"}],"curies":[{"name":"wp","href":"https:\/\/api.w.org\/{rel}","templated":true}]}}