{"id":686967,"date":"2026-07-13T03:57:23","date_gmt":"2026-07-13T07:57:23","guid":{"rendered":"https:\/\/diariodominicano.com\/?p=686967"},"modified":"2026-07-13T03:57:32","modified_gmt":"2026-07-13T07:57:32","slug":"abinader-afirma-que-el-plan-anticrisis-fortalecera-a-las-mipymes-protegera-a-la-clase-media-y-sostendra-el-crecimiento-economico","status":"publish","type":"post","link":"https:\/\/diariodominicano.com\/?p=686967","title":{"rendered":"Abinader afirma que el Plan Anticrisis fortalecer\u00e1 a las mipymes, proteger\u00e1 a la clase media y sostendr\u00e1 el crecimiento econ\u00f3mico"},"content":{"rendered":"\n<p class=\"wp-block-paragraph\">12 de Julio 2026 | 22:48<\/p>\n\n\n\n<figure class=\"wp-block-image\"><img decoding=\"async\" src=\"https:\/\/platform-cdn.sharethis.com\/img\/facebook.svg\" alt=\"facebook sharing button\"\/><\/figure>\n\n\n\n<figure class=\"wp-block-image\"><img decoding=\"async\" src=\"https:\/\/platform-cdn.sharethis.com\/img\/twitter.svg\" alt=\"twitter sharing button\"\/><\/figure>\n\n\n\n<figure class=\"wp-block-image\"><img decoding=\"async\" src=\"https:\/\/platform-cdn.sharethis.com\/img\/sharethis.svg\" alt=\"sharethis sharing button\"\/><\/figure>\n\n\n\n<p class=\"wp-block-paragraph\">Santo Domingo, RD.-\u00a0<strong>El presidente Luis Abinader<\/strong>\u00a0asegur\u00f3 que el Plan Anticrisis aprobado por el Gobierno constituye una\u00a0<strong>estrategia integral<\/strong>\u00a0para proteger a la clase media, reducir la carga tributaria de las\u00a0<strong>micro, peque\u00f1as y medianas empresas<\/strong>\u00a0(mipymes) y preservar el\u00a0<strong>dinamismo de la econom\u00eda dominicana<\/strong>\u00a0frente a un contexto internacional marcado por la incertidumbre.<\/p>\n\n\n\n<p class=\"wp-block-paragraph\">Durante una entrevista con los periodistas Edith Febles y Jos\u00e9 Monegro, el mandatario explic\u00f3 que la iniciativa recoge las&nbsp;<strong>lecciones aprendidas<\/strong>&nbsp;tras las crisis provocadas por la pandemia del&nbsp;<strong>COVID-19<\/strong>&nbsp;y la guerra entre&nbsp;<strong>Rusia y Ucrania<\/strong>, eventos que impactaron los precios internacionales de los combustibles y de las materias primas.<\/p>\n\n\n\n<p class=\"wp-block-paragraph\"><em>\u201cLo justo era que las medidas se aplicaran a las personas con mayor capacidad de pago. Por eso, este Plan Anticrisis fue progresivo, pero tambi\u00e9n es un plan para la recuperaci\u00f3n econ\u00f3mica que hemos podido mantener\u201d,<\/em>&nbsp;expres\u00f3.<\/p>\n\n\n\n<p class=\"wp-block-paragraph\">El jefe de Estado destac\u00f3 que la Rep\u00fablica Dominicana contin\u00faa registrando uno de los&nbsp;<strong>mayores ritmos de crecimiento econ\u00f3mico<\/strong>&nbsp;de la regi\u00f3n, superior al&nbsp;<strong>4 %<\/strong>&nbsp;<strong>anual,<\/strong>&nbsp;resultado de la coordinaci\u00f3n entre la pol\u00edtica monetaria y la pol\u00edtica fiscal.<\/p>\n\n\n\n<p class=\"wp-block-paragraph\"><strong>Menor carga tributaria para las mipymes<\/strong><\/p>\n\n\n\n<p class=\"wp-block-paragraph\">El presidente Abinader resalt\u00f3 que una de las principales medidas del plan es la&nbsp;<strong>eliminaci\u00f3n del anticipo<\/strong>&nbsp;para las mipymes a partir de enero, as\u00ed como la&nbsp;<strong>flexibilizaci\u00f3n del pago<\/strong>&nbsp;para las peque\u00f1as empresas, que pasar\u00e1 de realizarse mensualmente a efectuarse en&nbsp;<strong>tres cuotas al a\u00f1o.<\/strong><\/p>\n\n\n\n<p class=\"wp-block-paragraph\">Asimismo, record\u00f3 que el Gobierno elimin\u00f3 el impuesto que afectaba a las nuevas empresas, redujo&nbsp;<strong>del 27 % al 3 %<\/strong>&nbsp;el impuesto sucesoral y elimin\u00f3 el gravamen aplicado a determinados seguros de vida contratados en el exterior, con el objetivo de&nbsp;<strong>estimular la inversi\u00f3n<\/strong>&nbsp;y facilitar el desarrollo empresarial.<\/p>\n\n\n\n<p class=\"wp-block-paragraph\"><em>\u201cEl pr\u00f3ximo a\u00f1o, cuando todas estas medidas est\u00e9n plenamente en ejecuci\u00f3n, servir\u00e1n especialmente para que las peque\u00f1as empresas puedan progresar con una menor carga impositiva\u201d,<\/em>&nbsp;afirm\u00f3.<\/p>\n\n\n\n<p class=\"wp-block-paragraph\"><strong>Subsidios evitaron mayores aumentos en los combustibles<\/strong><\/p>\n\n\n\n<p class=\"wp-block-paragraph\">Al referirse a los&nbsp;<strong>precios de los combustibles<\/strong>, el presidente explic\u00f3 que el Gobierno evit\u00f3 trasladar completamente al consumidor el incremento registrado en los&nbsp;<strong>mercados internacionales.<\/strong><\/p>\n\n\n\n<p class=\"wp-block-paragraph\">Record\u00f3 que, mientras el precio internacional lleg\u00f3 a aumentar alrededor de un 80 %, el ajuste aplicado en el pa\u00eds fue de aproximadamente un&nbsp;<strong>16 %<\/strong>, gracias a un&nbsp;<strong>amplio programa de subsidios estatales.<\/strong><\/p>\n\n\n\n<p class=\"wp-block-paragraph\"><em>\u201cEl subsidio que hab\u00edamos proyectado para todo un a\u00f1o se agot\u00f3 en mayo, lo que demuestra el esfuerzo que ha realizado el Gobierno para proteger a la poblaci\u00f3n\u201d,<\/em>&nbsp;indic\u00f3.<\/p>\n\n\n\n<p class=\"wp-block-paragraph\">El mandatario precis\u00f3 que la reducci\u00f3n del precio del petr\u00f3leo no se refleja autom\u00e1ticamente en los combustibles, debido a que el pa\u00eds importa cerca del&nbsp;<strong>70 % de las gasolinas&nbsp;<\/strong>y otros derivados refinados, cuyos precios&nbsp;<strong>siguen din\u00e1micas diferentes<\/strong>&nbsp;a las del crudo.<\/p>\n\n\n\n<p class=\"wp-block-paragraph\">En ese sentido, inform\u00f3 que el&nbsp;<strong>Ministerio de Industria, Comercio y Mipymes<\/strong>&nbsp;presentar\u00e1 una explicaci\u00f3n detallada sobre la f\u00f3rmula utilizada para fijar semanalmente los precios de los combustibles, con el prop\u00f3sito de ofrecer&nbsp;<strong>mayor transparencia a la ciudadan\u00eda<\/strong>.<\/p>\n\n\n\n<p class=\"wp-block-paragraph\">Tambi\u00e9n destac\u00f3 que, en las \u00faltimas semanas, el Gobierno ha dispuesto rebajas en el&nbsp;<strong>GLP, la gasolina regular y el gasoil regular,<\/strong>&nbsp;aunque advirti\u00f3 que las tensiones geopol\u00edticas internacionales mantienen un&nbsp;<strong>escenario de incertidumbre<\/strong>&nbsp;en los mercados energ\u00e9ticos.<\/p>\n\n\n\n<p class=\"wp-block-paragraph\"><strong>Gobernar implica tomar decisiones en favor del inter\u00e9s nacional<\/strong><\/p>\n\n\n\n<p class=\"wp-block-paragraph\">Durante la entrevista, el presidente reconoci\u00f3 que gobernar supone&nbsp;<strong>adoptar decisiones complejas<\/strong>&nbsp;que, en ocasiones, benefician a unos sectores y afectan a otros, pero enfatiz\u00f3 que el objetivo siempre es&nbsp;<strong>proteger el inter\u00e9s general<\/strong>&nbsp;del pa\u00eds.<\/p>\n\n\n\n<p class=\"wp-block-paragraph\"><em>\u201cEl presidente es una especie de juez que tiene que buscar el equilibrio en cada decisi\u00f3n para favorecer, en t\u00e9rminos generales, a la poblaci\u00f3n y al inter\u00e9s nacional\u201d,<\/em>&nbsp;sostuvo.<\/p>\n\n\n\n<p class=\"wp-block-paragraph\">Asimismo, se\u00f1al\u00f3 que el ejercicio de la Presidencia exige&nbsp;<strong>atender de manera permanente<\/strong>&nbsp;las necesidades de los ciudadanos, independientemente de su magnitud, debido a la&nbsp;<strong>alta expectativa<\/strong>&nbsp;que existe sobre el rol del jefe de Estado.<\/p>\n\n\n\n<p class=\"wp-block-paragraph\">El presidente Abinader afirm\u00f3 que enfrenta diariamente los desaf\u00edos del Gobierno con&nbsp;<strong>compromiso, transparencia y dedicaci\u00f3n permanente<\/strong>, recordando que su gesti\u00f3n ha debido responder simult\u00e1neamente a la pandemia, las&nbsp;<strong>consecuencias econ\u00f3micas<\/strong>&nbsp;de la guerra en Europa, la crisis en Hait\u00ed y las tensiones internacionales.<\/p>\n\n\n\n<p class=\"wp-block-paragraph\"><em>\u201cEs una enorme distinci\u00f3n que el pueblo dominicano me haya dado la oportunidad dos veces de servirle, y lo hago con total transparencia, mucho trabajo y 24-7 al servicio de la poblaci\u00f3n dominicana\u201d,<\/em>&nbsp;concluy\u00f3.<\/p>\n\n\n\n<p class=\"wp-block-paragraph\">Con informaci\u00f3n de la Presidencia de la Rep\u00fablica.<\/p>\n","protected":false},"excerpt":{"rendered":"<p>12 de Julio 2026 | 22:48 Santo Domingo, RD.-\u00a0El presidente Luis Abinader\u00a0asegur\u00f3 que el Plan Anticrisis aprobado por el Gobierno constituye una\u00a0estrategia integral\u00a0para proteger a la clase media, reducir la carga tributaria de las\u00a0micro, peque\u00f1as y medianas empresas\u00a0(mipymes) y preservar el\u00a0dinamismo de la econom\u00eda dominicana\u00a0frente a un contexto internacional marcado por la incertidumbre. Durante una [&hellip;]<\/p>\n","protected":false},"author":2,"featured_media":686968,"comment_status":"open","ping_status":"closed","sticky":false,"template":"","format":"standard","meta":{"footnotes":""},"categories":[18,27],"tags":[4105],"class_list":["post-686967","post","type-post","status-publish","format-standard","has-post-thumbnail","hentry","category-economia","category-portada","tag-abinader"],"_links":{"self":[{"href":"https:\/\/diariodominicano.com\/index.php?rest_route=\/wp\/v2\/posts\/686967","targetHints":{"allow":["GET"]}}],"collection":[{"href":"https:\/\/diariodominicano.com\/index.php?rest_route=\/wp\/v2\/posts"}],"about":[{"href":"https:\/\/diariodominicano.com\/index.php?rest_route=\/wp\/v2\/types\/post"}],"author":[{"embeddable":true,"href":"https:\/\/diariodominicano.com\/index.php?rest_route=\/wp\/v2\/users\/2"}],"replies":[{"embeddable":true,"href":"https:\/\/diariodominicano.com\/index.php?rest_route=%2Fwp%2Fv2%2Fcomments&post=686967"}],"version-history":[{"count":1,"href":"https:\/\/diariodominicano.com\/index.php?rest_route=\/wp\/v2\/posts\/686967\/revisions"}],"predecessor-version":[{"id":686969,"href":"https:\/\/diariodominicano.com\/index.php?rest_route=\/wp\/v2\/posts\/686967\/revisions\/686969"}],"wp:featuredmedia":[{"embeddable":true,"href":"https:\/\/diariodominicano.com\/index.php?rest_route=\/wp\/v2\/media\/686968"}],"wp:attachment":[{"href":"https:\/\/diariodominicano.com\/index.php?rest_route=%2Fwp%2Fv2%2Fmedia&parent=686967"}],"wp:term":[{"taxonomy":"category","embeddable":true,"href":"https:\/\/diariodominicano.com\/index.php?rest_route=%2Fwp%2Fv2%2Fcategories&post=686967"},{"taxonomy":"post_tag","embeddable":true,"href":"https:\/\/diariodominicano.com\/index.php?rest_route=%2Fwp%2Fv2%2Ftags&post=686967"}],"curies":[{"name":"wp","href":"https:\/\/api.w.org\/{rel}","templated":true}]}}