{"id":686636,"date":"2026-07-10T23:54:23","date_gmt":"2026-07-11T03:54:23","guid":{"rendered":"https:\/\/diariodominicano.com\/?p=686636"},"modified":"2026-07-10T23:54:26","modified_gmt":"2026-07-11T03:54:26","slug":"condenado-a-20-anos-de-prision-un-hombre-que-violo-sexualmente-a-una-joven-en-sosua","status":"publish","type":"post","link":"https:\/\/diariodominicano.com\/?p=686636","title":{"rendered":"Condenado a 20 a\u00f1os de prisi\u00f3n un hombre que viol\u00f3 sexualmente a una joven en Sos\u00faa"},"content":{"rendered":"\n<p class=\"wp-block-paragraph\"><strong>SANTO DOMINGO (Rep\u00fablica Dominicana).-<\/strong>&nbsp;Al valorar las pruebas aportadas por el Ministerio P\u00fablico, un tribunal del distrito judicial de Puerto Plata conden\u00f3 a 20 a\u00f1os de prisi\u00f3n a un hombre hallado culpable de violar sexualmente a una joven en el municipio de Sos\u00faa, de la provincia Puerto Plata, en el a\u00f1o 2022.<\/p>\n\n\n\n<p class=\"wp-block-paragraph\">El procesado Wilfrido Ramos (Junior o el Mello) cumplir\u00e1 la pena impuesta en el Centro de Correcci\u00f3n y Rehabilitaci\u00f3n (CCR) San Felipe, de Puerto Plata.<\/p>\n\n\n\n<p class=\"wp-block-paragraph\">Ramos agredi\u00f3 a la joven de 33 a\u00f1os de edad con un arma blanca y luego la viol\u00f3 sexualmente, bajo amenaza de muerte. Posteriormente, rob\u00f3 las pertenencias de la v\u00edctima.<\/p>\n\n\n\n<p class=\"wp-block-paragraph\">Las investigaciones estuvieron a cargo de la fiscal Dilsia Taveras, adscrita a la Unidad de Atenci\u00f3n a V\u00edctimas de Violencia de G\u00e9nero, Intrafamiliar y Delitos Sexuales de la Fiscal\u00eda de Puerto Plata, quien recopil\u00f3 las pruebas que permitieron establecer la participaci\u00f3n del condenado en los hechos. Durante el arresto fue ocupada el arma blanca tipo sevillana utilizada para cometer los hechos criminales.<\/p>\n\n\n\n<p class=\"wp-block-paragraph\">El fiscal litigante Jes\u00fas Ernesto Valenzuela sustent\u00f3 la acusaci\u00f3n con diferentes pruebas periciales, documentales, testimoniales, ilustrativas y materiales que corroboraron la versi\u00f3n de la v\u00edctima y demostraron la culpabilidad del procesado m\u00e1s all\u00e1 de toda duda razonable.<\/p>\n\n\n\n<p class=\"wp-block-paragraph\">La sentencia fue dictada por un Tribunal Colegiado Ad-hoc (creado a esos fines), presidido por el juez Jos\u00e9 Antonio N\u00fa\u00f1ez, acogiendo las pruebas presentadas por el Ministerio P\u00fablico, las cuales demostraron de manera fehaciente la responsabilidad penal del procesado.<\/p>\n\n\n\n<p class=\"wp-block-paragraph\">Ramos fue hallado culpable de violar las disposiciones del art\u00edculo 331 del C\u00f3digo Penal Dominicano, modificado por la Ley 24-97, que tipifica y sanciona la violaci\u00f3n sexual.<\/p>\n\n\n\n<p class=\"wp-block-paragraph\">Durante el juicio, el Ministerio P\u00fablico demostr\u00f3 que el condenado enga\u00f1\u00f3 a la v\u00edctima con la promesa de trabajo. Sin embargo, la traslad\u00f3 hasta una zona solitaria y boscosa de la calle Alta Vista, en el sector Los Cerros de Sos\u00faa, donde procedi\u00f3 a atacarla violentamente.<\/p>\n\n\n\n<p class=\"wp-block-paragraph\">Las pruebas establecieron que Ramos agredi\u00f3 a la v\u00edctima con un cuchillo tipo sevillana, ocasion\u00e1ndole m\u00faltiples heridas. Seg\u00fan el certificado m\u00e9dico emitido por el Instituto Nacional de Ciencias Forenses (Inacif), la joven present\u00f3 m\u00faltiples heridas cortantes suturadas en la regi\u00f3n retroauricular izquierda, ambos senos, regi\u00f3n cervical derecha, adem\u00e1s de laceraciones y una herida en el antebrazo izquierdo.<\/p>\n\n\n\n<p class=\"wp-block-paragraph\">Luego de causarle las heridas, el agresor despoj\u00f3 a la mujer de su tel\u00e9fono celular y le exigi\u00f3 dinero en efectivo, mientras la amenazaba de muerte con el arma blanca. Posteriormente, la viol\u00f3 sexualmente y luego emprendi\u00f3 la huida a bordo de una motocicleta.<\/p>\n\n\n\n<p class=\"wp-block-paragraph\"><strong>Direcci\u00f3n General de Comunicaci\u00f3n, Prensa y RRPP&nbsp;<\/strong><\/p>\n\n\n\n<p class=\"wp-block-paragraph\"><strong>Ministerio P\u00fablico RD<\/strong><\/p>\n\n\n\n<p class=\"wp-block-paragraph\"><strong>Viernes, 10 de julio de 2026.<\/strong><\/p>\n","protected":false},"excerpt":{"rendered":"<p>SANTO DOMINGO (Rep\u00fablica Dominicana).-&nbsp;Al valorar las pruebas aportadas por el Ministerio P\u00fablico, un tribunal del distrito judicial de Puerto Plata conden\u00f3 a 20 a\u00f1os de prisi\u00f3n a un hombre hallado culpable de violar sexualmente a una joven en el municipio de Sos\u00faa, de la provincia Puerto Plata, en el a\u00f1o 2022. El procesado Wilfrido Ramos [&hellip;]<\/p>\n","protected":false},"author":2,"featured_media":371040,"comment_status":"open","ping_status":"closed","sticky":false,"template":"","format":"standard","meta":{"footnotes":""},"categories":[24,29],"tags":[701,7131],"class_list":["post-686636","post","type-post","status-publish","format-standard","has-post-thumbnail","hentry","category-justicia-y-derecho","category-policiasucesos","tag-puerto-plata-2","tag-wilfrido-ramos-junior-o-el-mello"],"_links":{"self":[{"href":"https:\/\/diariodominicano.com\/index.php?rest_route=\/wp\/v2\/posts\/686636","targetHints":{"allow":["GET"]}}],"collection":[{"href":"https:\/\/diariodominicano.com\/index.php?rest_route=\/wp\/v2\/posts"}],"about":[{"href":"https:\/\/diariodominicano.com\/index.php?rest_route=\/wp\/v2\/types\/post"}],"author":[{"embeddable":true,"href":"https:\/\/diariodominicano.com\/index.php?rest_route=\/wp\/v2\/users\/2"}],"replies":[{"embeddable":true,"href":"https:\/\/diariodominicano.com\/index.php?rest_route=%2Fwp%2Fv2%2Fcomments&post=686636"}],"version-history":[{"count":1,"href":"https:\/\/diariodominicano.com\/index.php?rest_route=\/wp\/v2\/posts\/686636\/revisions"}],"predecessor-version":[{"id":686637,"href":"https:\/\/diariodominicano.com\/index.php?rest_route=\/wp\/v2\/posts\/686636\/revisions\/686637"}],"wp:featuredmedia":[{"embeddable":true,"href":"https:\/\/diariodominicano.com\/index.php?rest_route=\/wp\/v2\/media\/371040"}],"wp:attachment":[{"href":"https:\/\/diariodominicano.com\/index.php?rest_route=%2Fwp%2Fv2%2Fmedia&parent=686636"}],"wp:term":[{"taxonomy":"category","embeddable":true,"href":"https:\/\/diariodominicano.com\/index.php?rest_route=%2Fwp%2Fv2%2Fcategories&post=686636"},{"taxonomy":"post_tag","embeddable":true,"href":"https:\/\/diariodominicano.com\/index.php?rest_route=%2Fwp%2Fv2%2Ftags&post=686636"}],"curies":[{"name":"wp","href":"https:\/\/api.w.org\/{rel}","templated":true}]}}