{"id":686533,"date":"2026-07-10T02:35:20","date_gmt":"2026-07-10T06:35:20","guid":{"rendered":"https:\/\/diariodominicano.com\/?p=686533"},"modified":"2026-07-10T02:37:42","modified_gmt":"2026-07-10T06:37:42","slug":"presidente-luis-abinader-desarrollara-jornada-de-inauguraciones-de-obras-en-samana","status":"publish","type":"post","link":"https:\/\/diariodominicano.com\/?p=686533","title":{"rendered":"Presidente Luis Abinader desarrollar\u00e1 jornada de inauguraciones de obras en Saman\u00e1"},"content":{"rendered":"\n<h3 class=\"wp-block-heading\">Entregar\u00e1 obras educativas, deportivas y tur\u00edsticas; sostendr\u00e1 encuentros con estudiantes y comunitarios.<\/h3>\n\n\n\n<p class=\"wp-block-paragraph\">9 de Julio 2026 <\/p>\n\n\n\n<p class=\"wp-block-paragraph\">Saman\u00e1, RD.-\u00a0<strong>El\u00a0<\/strong><strong>presidente<\/strong><strong>\u00a0Luis Abinader<\/strong>\u00a0desarrollar\u00e1\u00a0este\u00a0<strong>s\u00e1bado<\/strong><strong>\u00a011<\/strong>\u00a0una\u00a0<strong>agenda de\u00a0<\/strong><strong>trabajo<\/strong>\u00a0en\u00a0la\u00a0provincia\u00a0de\u00a0<strong>Saman\u00e1<\/strong>,\u00a0centrada\u00a0en\u00a0la\u00a0inauguraci\u00f3n\u00a0de\u00a0<strong>obras<\/strong><strong>\u00a0<\/strong><strong>educativas<\/strong><strong>,\u00a0<\/strong><strong>deportivas<\/strong><strong>\u00a0y\u00a0<\/strong><strong>tur\u00edsticas<\/strong>,\u00a0como\u00a0parte\u00a0de las\u00a0acciones\u00a0del\u00a0Gobierno\u00a0para\u00a0fortalecer\u00a0la\u00a0<strong>infraestructura<\/strong>\u00a0y\u00a0promover\u00a0el\u00a0<strong>desarrollo<\/strong>\u00a0de la\u00a0provincia.\u00a0<\/p>\n\n\n\n<p class=\"wp-block-paragraph\"><strong>Santa B\u00e1rbara de&nbsp;<\/strong><strong>Saman\u00e1<\/strong>&nbsp;<\/p>\n\n\n\n<p class=\"wp-block-paragraph\">La agenda&nbsp;iniciar\u00e1&nbsp;a las&nbsp;<strong>11:00 de la&nbsp;<\/strong><strong>ma\u00f1ana<\/strong>&nbsp;con&nbsp;una&nbsp;visita a la&nbsp;<strong>Jornada de&nbsp;<\/strong><strong>Inclusi\u00f3n<\/strong><strong>&nbsp;Social Primero T\u00fa,&nbsp;<\/strong>de&nbsp;Proyectos&nbsp;Estrat\u00e9gicos&nbsp;y Especiales de la Presidencia&nbsp;<strong>(<\/strong><strong>Propeep<\/strong><strong>)<\/strong>,&nbsp;que&nbsp;se&nbsp;realizar\u00e1&nbsp;en&nbsp;el Polit\u00e9cnico Zuleica Acosta,&nbsp;en&nbsp;el municipio de Santa B\u00e1rbara.&nbsp;&nbsp;<\/p>\n\n\n\n<p class=\"wp-block-paragraph\">Posteriormente, el&nbsp;mandatario&nbsp;visitar\u00e1&nbsp;el&nbsp;<strong>programa<\/strong><strong>&nbsp;Familia&nbsp;<\/strong><strong>Inclusiva<\/strong>&nbsp;en&nbsp;el barrio Wilmore y luego&nbsp;encabezar\u00e1&nbsp;una&nbsp;<strong>asamblea<\/strong><strong>&nbsp;con&nbsp;<\/strong><strong>comunitarios<\/strong><strong>&nbsp;<\/strong>en&nbsp;el&nbsp;marco&nbsp;del&nbsp;<strong>programa<\/strong><strong>&nbsp;<\/strong><strong>Gobierno<\/strong><strong>&nbsp;Contigo.<\/strong>&nbsp;<\/p>\n\n\n\n<p class=\"wp-block-paragraph\">M\u00e1s&nbsp;adelante, el jefe de Estado&nbsp;inaugurar\u00e1&nbsp;el&nbsp;<strong>techado<\/strong><strong>&nbsp;de la Escuela Primaria Jos\u00e9 Gabriel Garc\u00eda<\/strong>,&nbsp;una&nbsp;infraestructura&nbsp;que&nbsp;brindar\u00e1&nbsp;a&nbsp;estudiantes,&nbsp;docentes&nbsp;y a la comunidad un&nbsp;<strong>espacio<\/strong><strong>&nbsp;<\/strong><strong>seguro<\/strong><strong>&nbsp;y&nbsp;<\/strong><strong>adecuado<\/strong>&nbsp;para la&nbsp;realizaci\u00f3n&nbsp;de&nbsp;actividades&nbsp;educativas,&nbsp;deportivas,&nbsp;culturales&nbsp;y&nbsp;recreativas.&nbsp;<\/p>\n\n\n\n<p class=\"wp-block-paragraph\">Tambi\u00e9n&nbsp;dejar\u00e1&nbsp;inaugurado&nbsp;el&nbsp;<strong>remozamiento<\/strong><strong>&nbsp;del play municipal<\/strong>,&nbsp;infraestructura&nbsp;destinada&nbsp;a&nbsp;promover&nbsp;el&nbsp;deporte,&nbsp;fortalecer&nbsp;la&nbsp;integraci\u00f3n&nbsp;comunitaria&nbsp;y&nbsp;brindar&nbsp;a la&nbsp;juventud&nbsp;<strong>un&nbsp;<\/strong><strong>espacio<\/strong><strong>&nbsp;<\/strong><strong>digno<\/strong><strong>&nbsp;para la&nbsp;<\/strong><strong>pr\u00e1ctica<\/strong><strong>&nbsp;de&nbsp;<\/strong><strong>actividades<\/strong><strong>&nbsp;<\/strong><strong>recreativas<\/strong><strong>&nbsp;y&nbsp;<\/strong><strong>deportivas<\/strong>.&nbsp;<\/p>\n\n\n\n<p class=\"wp-block-paragraph\">Asimismo,&nbsp;sostendr\u00e1&nbsp;un&nbsp;<strong>encuentro<\/strong><strong>&nbsp;con&nbsp;<\/strong><strong>estudiantes<\/strong><strong>&nbsp;de&nbsp;<\/strong><strong>liceos<\/strong><strong>&nbsp;<\/strong><strong>p\u00fablicos<\/strong><strong>&nbsp;y colegios privados&nbsp;<\/strong>en&nbsp;el&nbsp;Polideportivo&nbsp;Municipal, con&nbsp;quienes&nbsp;intercambiar\u00e1&nbsp;impresiones&nbsp;sobre&nbsp;educaci\u00f3n,&nbsp;liderazgo,&nbsp;formaci\u00f3n&nbsp;acad\u00e9mica&nbsp;y las&nbsp;<strong>oportunidades<\/strong><strong>&nbsp;<\/strong><strong>que<\/strong><strong>&nbsp;<\/strong><strong>impulsa<\/strong><strong>&nbsp;el&nbsp;<\/strong><strong>Gobierno<\/strong><strong>&nbsp;para el&nbsp;<\/strong><strong>desarrollo<\/strong><strong>&nbsp;de la&nbsp;<\/strong><strong>juventud<\/strong><strong>&nbsp;<\/strong><strong>dominicana<\/strong><strong>.<\/strong>&nbsp;<\/p>\n\n\n\n<p class=\"wp-block-paragraph\"><strong>Las Terrenas<\/strong>&nbsp;<\/p>\n\n\n\n<p class=\"wp-block-paragraph\">La jornada&nbsp;continuar\u00e1&nbsp;en&nbsp;el municipio de Las Terrenas,&nbsp;donde&nbsp;el&nbsp;gobernante&nbsp;<strong>inaugurar\u00e1<\/strong><strong>&nbsp;la Escuela Minerva Mirabal<\/strong>,&nbsp;ubicada&nbsp;en&nbsp;el sector&nbsp;<strong>La Ceiba<\/strong>,&nbsp;una&nbsp;obra&nbsp;que&nbsp;ampliar\u00e1&nbsp;el&nbsp;acceso&nbsp;a&nbsp;una&nbsp;educaci\u00f3n&nbsp;de&nbsp;calidad&nbsp;al&nbsp;incorporar&nbsp;modernos&nbsp;espacios&nbsp;para el&nbsp;proceso&nbsp;de&nbsp;ense\u00f1anza-aprendizaje&nbsp;y&nbsp;contribuir&nbsp;a&nbsp;mejorar&nbsp;las&nbsp;condiciones&nbsp;educativas&nbsp;de la comunidad.&nbsp;<\/p>\n\n\n\n<p class=\"wp-block-paragraph\">M\u00e1s&nbsp;adelante,&nbsp;inaugurar\u00e1&nbsp;el&nbsp;<strong>techado<\/strong><strong>&nbsp;de la Escuela Luis Emilio Vanderhorst<\/strong>,&nbsp;obra&nbsp;destinada&nbsp;a&nbsp;fortalecer&nbsp;la&nbsp;infraestructura&nbsp;educativa&nbsp;y&nbsp;ampliar&nbsp;los&nbsp;espacios&nbsp;para&nbsp;actividades&nbsp;escolares&nbsp;y&nbsp;comunitarias.&nbsp;<\/p>\n\n\n\n<p class=\"wp-block-paragraph\">La agenda&nbsp;concluir\u00e1&nbsp;con la&nbsp;participaci\u00f3n&nbsp;del&nbsp;mandatario&nbsp;en&nbsp;la&nbsp;<strong>inauguraci\u00f3n<\/strong><strong>&nbsp;del Hotel Blu Terrenas&nbsp;<\/strong>y&nbsp;en&nbsp;el&nbsp;<strong>primer&nbsp;<\/strong><strong>pala<\/strong>zo&nbsp;para la&nbsp;construcci\u00f3n&nbsp;del&nbsp;<strong>Hotel&nbsp;<\/strong><strong>Almare<\/strong><strong>&nbsp;Beach Resort Curio Collection.<\/strong>&nbsp;<\/p>\n\n\n\n<p class=\"wp-block-paragraph\">Con informaci\u00f3n de la Direcci\u00f3n de Comunicaciones de la Presidencia de la Rep\u00fablica.<\/p>\n","protected":false},"excerpt":{"rendered":"<p>Entregar\u00e1 obras educativas, deportivas y tur\u00edsticas; sostendr\u00e1 encuentros con estudiantes y comunitarios. 9 de Julio 2026 Saman\u00e1, RD.-\u00a0El\u00a0presidente\u00a0Luis Abinader\u00a0desarrollar\u00e1\u00a0este\u00a0s\u00e1bado\u00a011\u00a0una\u00a0agenda de\u00a0trabajo\u00a0en\u00a0la\u00a0provincia\u00a0de\u00a0Saman\u00e1,\u00a0centrada\u00a0en\u00a0la\u00a0inauguraci\u00f3n\u00a0de\u00a0obras\u00a0educativas,\u00a0deportivas\u00a0y\u00a0tur\u00edsticas,\u00a0como\u00a0parte\u00a0de las\u00a0acciones\u00a0del\u00a0Gobierno\u00a0para\u00a0fortalecer\u00a0la\u00a0infraestructura\u00a0y\u00a0promover\u00a0el\u00a0desarrollo\u00a0de la\u00a0provincia.\u00a0 Santa B\u00e1rbara de&nbsp;Saman\u00e1&nbsp; La agenda&nbsp;iniciar\u00e1&nbsp;a las&nbsp;11:00 de la&nbsp;ma\u00f1ana&nbsp;con&nbsp;una&nbsp;visita a la&nbsp;Jornada de&nbsp;Inclusi\u00f3n&nbsp;Social Primero T\u00fa,&nbsp;de&nbsp;Proyectos&nbsp;Estrat\u00e9gicos&nbsp;y Especiales de la Presidencia&nbsp;(Propeep),&nbsp;que&nbsp;se&nbsp;realizar\u00e1&nbsp;en&nbsp;el Polit\u00e9cnico Zuleica Acosta,&nbsp;en&nbsp;el municipio de Santa B\u00e1rbara.&nbsp;&nbsp; Posteriormente, el&nbsp;mandatario&nbsp;visitar\u00e1&nbsp;el&nbsp;programa&nbsp;Familia&nbsp;Inclusiva&nbsp;en&nbsp;el barrio Wilmore y luego&nbsp;encabezar\u00e1&nbsp;una&nbsp;asamblea&nbsp;con&nbsp;comunitarios&nbsp;en&nbsp;el&nbsp;marco&nbsp;del&nbsp;programa&nbsp;Gobierno&nbsp;Contigo.&nbsp; M\u00e1s&nbsp;adelante, el jefe [&hellip;]<\/p>\n","protected":false},"author":2,"featured_media":686534,"comment_status":"open","ping_status":"closed","sticky":false,"template":"","format":"standard","meta":{"footnotes":""},"categories":[20,27],"tags":[4994,1096],"class_list":["post-686533","post","type-post","status-publish","format-standard","has-post-thumbnail","hentry","category-dominicana-hoy","category-portada","tag-presidente-luis-abinader","tag-samana"],"_links":{"self":[{"href":"https:\/\/diariodominicano.com\/index.php?rest_route=\/wp\/v2\/posts\/686533","targetHints":{"allow":["GET"]}}],"collection":[{"href":"https:\/\/diariodominicano.com\/index.php?rest_route=\/wp\/v2\/posts"}],"about":[{"href":"https:\/\/diariodominicano.com\/index.php?rest_route=\/wp\/v2\/types\/post"}],"author":[{"embeddable":true,"href":"https:\/\/diariodominicano.com\/index.php?rest_route=\/wp\/v2\/users\/2"}],"replies":[{"embeddable":true,"href":"https:\/\/diariodominicano.com\/index.php?rest_route=%2Fwp%2Fv2%2Fcomments&post=686533"}],"version-history":[{"count":3,"href":"https:\/\/diariodominicano.com\/index.php?rest_route=\/wp\/v2\/posts\/686533\/revisions"}],"predecessor-version":[{"id":686538,"href":"https:\/\/diariodominicano.com\/index.php?rest_route=\/wp\/v2\/posts\/686533\/revisions\/686538"}],"wp:featuredmedia":[{"embeddable":true,"href":"https:\/\/diariodominicano.com\/index.php?rest_route=\/wp\/v2\/media\/686534"}],"wp:attachment":[{"href":"https:\/\/diariodominicano.com\/index.php?rest_route=%2Fwp%2Fv2%2Fmedia&parent=686533"}],"wp:term":[{"taxonomy":"category","embeddable":true,"href":"https:\/\/diariodominicano.com\/index.php?rest_route=%2Fwp%2Fv2%2Fcategories&post=686533"},{"taxonomy":"post_tag","embeddable":true,"href":"https:\/\/diariodominicano.com\/index.php?rest_route=%2Fwp%2Fv2%2Ftags&post=686533"}],"curies":[{"name":"wp","href":"https:\/\/api.w.org\/{rel}","templated":true}]}}