{"id":686502,"date":"2026-07-10T01:49:52","date_gmt":"2026-07-10T05:49:52","guid":{"rendered":"https:\/\/diariodominicano.com\/?p=686502"},"modified":"2026-07-10T01:50:17","modified_gmt":"2026-07-10T05:50:17","slug":"cepal-analizara-impactos-en-la-region-del-conflicto-en-medio-oriente","status":"publish","type":"post","link":"https:\/\/diariodominicano.com\/?p=686502","title":{"rendered":"Cepal analizar\u00e1 impactos en la regi\u00f3n del conflicto en Medio Oriente"},"content":{"rendered":"\n<p class=\"wp-block-paragraph\">Santiago de Chile, 10 jul (Prensa Latina) La Comisi\u00f3n Econ\u00f3mica para Am\u00e9rica Latina y el Caribe (Cepal) lanzar\u00e1 hoy en su sede en Chile un informe especial sobre los impactos en la regi\u00f3n del actual conflicto en el Medio Oriente.<\/p>\n\n\n\n<ul class=\"wp-block-list\">\n<li><a href=\"https:\/\/www.prensa-latina.cu\/2026\/07\/10\/\"><time>julio 10, 2026 | 00:05<\/time><\/a><\/li>\n<\/ul>\n\n\n\n<ul class=\"wp-block-list\">\n<li><a href=\"https:\/\/www.prensa-latina.cu\/2026\/07\/10\/cepal-analizara-impactos-en-la-region-del-conflicto-en-medio-oriente\/#\"><\/a><\/li>\n\n\n\n<li><a href=\"https:\/\/www.prensa-latina.cu\/2026\/07\/10\/cepal-analizara-impactos-en-la-region-del-conflicto-en-medio-oriente\/#\"><\/a><\/li>\n\n\n\n<li><a href=\"https:\/\/www.prensa-latina.cu\/2026\/07\/10\/cepal-analizara-impactos-en-la-region-del-conflicto-en-medio-oriente\/#\"><\/a><\/li>\n\n\n\n<li><a href=\"https:\/\/www.prensa-latina.cu\/2026\/07\/10\/cepal-analizara-impactos-en-la-region-del-conflicto-en-medio-oriente\/#\"><\/a><\/li>\n<\/ul>\n\n\n\n<p class=\"wp-block-paragraph\">El documento analiza los efectos globales y las implicaciones espec\u00edficas en Latinoam\u00e9rica de las hostilidades iniciadas el 28 de febrero cuando Estados Unidos e Israel atacaron a Ir\u00e1n y este \u00faltimo pa\u00eds respondi\u00f3 con el lanzamiento de misiles hacia territorio israel\u00ed.<\/p>\n\n\n\n<p class=\"wp-block-paragraph\">A partir de ah\u00ed, los precios del petr\u00f3leo se dispararon desde 70 a casi 120 d\u00f3lares el barril, lo cual caus\u00f3 un impacto en la econom\u00eda mundial.<\/p>\n\n\n\n<p class=\"wp-block-paragraph\">En Chile, por ejemplo, el Gobierno aplic\u00f3 un alza sin precedentes en las bencinas (gasolinas) y el di\u00e9sel, aunque despu\u00e9s del acuerdo de alto el fuego firmado por Washington y Teher\u00e1n las tarifas comenzaron a bajar un poco.<\/p>\n\n\n\n<p class=\"wp-block-paragraph\">Ahora, la reanudaci\u00f3n de las hostilidades y los indicios de nuevos problemas para la navegaci\u00f3n en el estrecho de Ormuz, reavivan los temores sobre interrupciones del suministro en Medio Oriente y con ello de la subida de los precios.<\/p>\n\n\n\n<p class=\"wp-block-paragraph\">arc\/car<\/p>\n\n\n\n<ul class=\"wp-block-list\">\n<li>#<a href=\"https:\/\/www.prensa-latina.cu\/etiqueta\/cepal-chile-informe-coflicto-medio-oriente\/\">Cepal Chile Informe Coflicto Medio Oriente<\/a><\/li>\n<\/ul>\n","protected":false},"excerpt":{"rendered":"<p>Santiago de Chile, 10 jul (Prensa Latina) La Comisi\u00f3n Econ\u00f3mica para Am\u00e9rica Latina y el Caribe (Cepal) lanzar\u00e1 hoy en su sede en Chile un informe especial sobre los impactos en la regi\u00f3n del actual conflicto en el Medio Oriente. El documento analiza los efectos globales y las implicaciones espec\u00edficas en Latinoam\u00e9rica de las hostilidades [&hellip;]<\/p>\n","protected":false},"author":2,"featured_media":686503,"comment_status":"open","ping_status":"closed","sticky":false,"template":"","format":"standard","meta":{"footnotes":""},"categories":[18,23],"tags":[3775],"class_list":["post-686502","post","type-post","status-publish","format-standard","has-post-thumbnail","hentry","category-economia","category-internacional","tag-cepal"],"_links":{"self":[{"href":"https:\/\/diariodominicano.com\/index.php?rest_route=\/wp\/v2\/posts\/686502","targetHints":{"allow":["GET"]}}],"collection":[{"href":"https:\/\/diariodominicano.com\/index.php?rest_route=\/wp\/v2\/posts"}],"about":[{"href":"https:\/\/diariodominicano.com\/index.php?rest_route=\/wp\/v2\/types\/post"}],"author":[{"embeddable":true,"href":"https:\/\/diariodominicano.com\/index.php?rest_route=\/wp\/v2\/users\/2"}],"replies":[{"embeddable":true,"href":"https:\/\/diariodominicano.com\/index.php?rest_route=%2Fwp%2Fv2%2Fcomments&post=686502"}],"version-history":[{"count":1,"href":"https:\/\/diariodominicano.com\/index.php?rest_route=\/wp\/v2\/posts\/686502\/revisions"}],"predecessor-version":[{"id":686504,"href":"https:\/\/diariodominicano.com\/index.php?rest_route=\/wp\/v2\/posts\/686502\/revisions\/686504"}],"wp:featuredmedia":[{"embeddable":true,"href":"https:\/\/diariodominicano.com\/index.php?rest_route=\/wp\/v2\/media\/686503"}],"wp:attachment":[{"href":"https:\/\/diariodominicano.com\/index.php?rest_route=%2Fwp%2Fv2%2Fmedia&parent=686502"}],"wp:term":[{"taxonomy":"category","embeddable":true,"href":"https:\/\/diariodominicano.com\/index.php?rest_route=%2Fwp%2Fv2%2Fcategories&post=686502"},{"taxonomy":"post_tag","embeddable":true,"href":"https:\/\/diariodominicano.com\/index.php?rest_route=%2Fwp%2Fv2%2Ftags&post=686502"}],"curies":[{"name":"wp","href":"https:\/\/api.w.org\/{rel}","templated":true}]}}