{"id":686370,"date":"2026-07-09T07:46:21","date_gmt":"2026-07-09T11:46:21","guid":{"rendered":"https:\/\/diariodominicano.com\/?p=686370"},"modified":"2026-07-09T07:46:29","modified_gmt":"2026-07-09T11:46:29","slug":"fao-informo-sobre-el-estado-de-los-mercados-de-productos-agricolas","status":"publish","type":"post","link":"https:\/\/diariodominicano.com\/?p=686370","title":{"rendered":"FAO inform\u00f3 sobre el estado de los mercados de productos agr\u00edcolas"},"content":{"rendered":"\n<p class=\"wp-block-paragraph\">Roma, 9 jul (Prensa Latina) La Organizaci\u00f3n de las Naciones Unidas para la Alimentaci\u00f3n y la Agricultura (FAO), public\u00f3 hoy su nuevo informe del Estado de los Mercados de Productos Agr\u00edcolas (SOCO), donde propone medidas para mitigar el impacto de las crisis alimentarias.<\/p>\n\n\n\n<ul class=\"wp-block-list\">\n<li><a href=\"https:\/\/www.prensa-latina.cu\/2026\/07\/09\/\"><time>julio 9, 2026 | 06:49<\/time><\/a><\/li>\n<\/ul>\n\n\n\n<ul class=\"wp-block-list\">\n<li><a href=\"https:\/\/www.prensa-latina.cu\/2026\/07\/09\/fao-informo-sobre-el-estado-de-los-mercados-de-productos-agricolas\/#\"><\/a><\/li>\n\n\n\n<li><a href=\"https:\/\/www.prensa-latina.cu\/2026\/07\/09\/fao-informo-sobre-el-estado-de-los-mercados-de-productos-agricolas\/#\"><\/a><\/li>\n\n\n\n<li><a href=\"https:\/\/www.prensa-latina.cu\/2026\/07\/09\/fao-informo-sobre-el-estado-de-los-mercados-de-productos-agricolas\/#\"><\/a><\/li>\n\n\n\n<li><a href=\"https:\/\/www.prensa-latina.cu\/2026\/07\/09\/fao-informo-sobre-el-estado-de-los-mercados-de-productos-agricolas\/#\"><\/a><\/li>\n<\/ul>\n\n\n\n<p class=\"wp-block-paragraph\">\u201cLas decisiones en materia de pol\u00edtica comercial desempe\u00f1an un papel fundamental en la resiliencia de los mercados alimentarios mundiales\u201d, apunta ese reporte, publicado este jueves por la oficina de prensa de esa instituci\u00f3n internacional<\/p>\n\n\n\n<p class=\"wp-block-paragraph\">Dichos mercados est\u00e1n cada vez m\u00e1s interconectados, y el comercio se quintuplic\u00f3 desde el a\u00f1o 2000, para alcanzar unos dos billones de d\u00f3lares, con un n\u00famero creciente de pa\u00edses integrados, por lo que fortalecer su resiliencia ante crisis disruptivas es una preocupaci\u00f3n mundial, se\u00f1alan los analistas de la FAO.<\/p>\n\n\n\n<p class=\"wp-block-paragraph\">En tal sentido, la elaboraci\u00f3n de marcos normativos de apoyo, que requieren cooperaci\u00f3n internacional, tiene efectos positivos demostrables para mitigar las consecuencias de esas crisis en los precios y el hambre, consideran los expertos<\/p>\n\n\n\n<p class=\"wp-block-paragraph\">El SOCO 2026 examina c\u00f3mo los mercados alimentarios y agr\u00edcolas mundiales pueden absorber las perturbaciones y restablecer el equilibrio tras las crisis ocasionadas por desastres o fen\u00f3menos meteorol\u00f3gicos extremos, por problemas socioecon\u00f3micos, por conflictos, as\u00ed como por eventos biol\u00f3gicos o tecnol\u00f3gicos.<\/p>\n\n\n\n<p class=\"wp-block-paragraph\">El comercio es fundamental para permitir que los alimentos lleguen r\u00e1pidamente a donde se necesitan, y el informe analiza c\u00f3mo las caracter\u00edsticas, la intensidad y el entorno normativo de las redes mercantiles pueden fortalecer su capacidad para abordar el hambre y lograr una estabilidad.<\/p>\n\n\n\n<p class=\"wp-block-paragraph\">El director general de la FAO, Qu Dongyu, escribi\u00f3 en el pr\u00f3logo del informe que \u201ctodos los pa\u00edses pueden beneficiarse de una cooperaci\u00f3n internacional m\u00e1s s\u00f3lida, redes mercantiles integradas y que funcionen correctamente, y de una mayor confianza en el sistema multilateral de comercio\u201d.<\/p>\n\n\n\n<p class=\"wp-block-paragraph\">\u201cPor el contrario, todos los pa\u00edses tienen que perder con la fragmentaci\u00f3n, la incertidumbre y la disminuci\u00f3n de la cooperaci\u00f3n\u201d, a\u00f1adi\u00f3 Qu, quien destac\u00f3 que ese problema \u201cafecta especialmente a las naciones m\u00e1s pobres del mundo\u201d.<\/p>\n\n\n\n<p class=\"wp-block-paragraph\">A la presentaci\u00f3n del informe, efectuada en la sede central de la FAO, en esta capital, asistieron Krisztina Bende, actual presidenta del Comit\u00e9 de Problemas de Productos B\u00e1sicos de ese organismo, adem\u00e1s de Boubaker Ben-Belhassen, director de su Divisi\u00f3n de Mercados y Comercio, y el Economista Jefe, M\u00e1ximo Torero, quien tuvo a su cargo la clausura del evento.<\/p>\n\n\n\n<p class=\"wp-block-paragraph\">A medida que los mercados alimentarios mundiales se ven sometidos a una presi\u00f3n creciente debido a las tensiones geopol\u00edticas, conflictos y fen\u00f3menos meteorol\u00f3gicos extremos, es m\u00e1s necesaria la cooperaci\u00f3n internacional y la coordinaci\u00f3n de pol\u00edticas, indica el documento.<\/p>\n\n\n\n<p class=\"wp-block-paragraph\">Esas acciones pueden contribuir a un ajuste r\u00e1pido del comercio y a limitar la incidencia de los aumentos repentinos de los precios de los alimentos, fortaleciendo as\u00ed la resiliencia, agrega el informe.<\/p>\n\n\n\n<p class=\"wp-block-paragraph\">mem\/ort<\/p>\n\n\n\n<ul class=\"wp-block-list\">\n<li>#<a href=\"https:\/\/www.prensa-latina.cu\/etiqueta\/agricultura\/\">agricultura<\/a>\u00a0#<a href=\"https:\/\/www.prensa-latina.cu\/etiqueta\/alimentos\/\">alimentos<\/a>\u00a0#<a href=\"https:\/\/www.prensa-latina.cu\/etiqueta\/fao\/\">FAO<\/a>\u00a0#<a href=\"https:\/\/www.prensa-latina.cu\/etiqueta\/mercados\/\">mercados<\/a><\/li>\n<\/ul>\n\n\n\n<p class=\"wp-block-paragraph\">MINUTO A MINUTO<\/p>\n\n\n\n<ul class=\"wp-block-list\">\n<li>07:28<\/li>\n<\/ul>\n\n\n\n<p class=\"wp-block-paragraph\"><a href=\"https:\/\/www.prensa-latina.cu\/2026\/07\/09\/moscu-acoge-primer-matrimonio-entre-robots-humanoides\/\">Mosc\u00fa acoge primer matrimonio entre robots humanoides<\/a><\/p>\n\n\n\n<ul class=\"wp-block-list\">\n<li>06:50<\/li>\n<\/ul>\n\n\n\n<p class=\"wp-block-paragraph\"><a href=\"https:\/\/www.prensa-latina.cu\/2026\/07\/09\/iran-reporta-14-muertos-y-78-heridos-por-ataques-estadounidenses\/\">Ir\u00e1n reporta 14 muertos y 78 heridos por ataques estadounidenses<\/a><\/p>\n\n\n\n<ul class=\"wp-block-list\">\n<li>06:50<\/li>\n<\/ul>\n\n\n\n<p class=\"wp-block-paragraph\"><a href=\"https:\/\/www.prensa-latina.cu\/2026\/07\/09\/siria-celebra-decision-de-eeuu-de-retirarla-de-lista-del-terrorismo\/\">Siria celebra decisi\u00f3n de EEUU de retirarla de lista del terrorismo<\/a><\/p>\n\n\n\n<ul class=\"wp-block-list\">\n<li>06:49<\/li>\n<\/ul>\n\n\n\n<p class=\"wp-block-paragraph\"><a href=\"https:\/\/www.prensa-latina.cu\/2026\/07\/09\/fao-informo-sobre-el-estado-de-los-mercados-de-productos-agricolas\/\">FAO inform\u00f3 sobre el estado de los mercados de productos agr\u00edcolas<\/a><\/p>\n\n\n\n<ul class=\"wp-block-list\">\n<li>06:02<\/li>\n<\/ul>\n\n\n\n<p class=\"wp-block-paragraph\"><a href=\"https:\/\/www.prensa-latina.cu\/2026\/07\/09\/etiopia-comprometida-con-sistema-mundial-de-propiedad-intelectual\/\">Etiop\u00eda comprometida con sistema mundial de propiedad intelectual<\/a><\/p>\n\n\n\n<ul class=\"wp-block-list\">\n<li>06:01<\/li>\n<\/ul>\n\n\n\n<p class=\"wp-block-paragraph\"><a href=\"https:\/\/www.prensa-latina.cu\/2026\/07\/09\/panama-mantiene-mejores-niveles-en-exportaciones\/\">Panam\u00e1 mantiene mejores niveles en exportaciones<\/a><\/p>\n\n\n\n<p class=\"wp-block-paragraph\">relacionadas<\/p>\n\n\n\n<h4 class=\"wp-block-heading\"><a href=\"https:\/\/www.prensa-latina.cu\/2026\/07\/09\/india-con-estrategia-agricola-ante-fuerte-monzon-por-impacto-del-nino\/\">India con estrategia agr\u00edcola ante fuerte monz\u00f3n por impacto del Ni\u00f1o<\/a><\/h4>\n\n\n\n<ul class=\"wp-block-list\">\n<li>julio 9, 2026<\/li>\n\n\n\n<li>04:05<\/li>\n<\/ul>\n\n\n\n<figure class=\"wp-block-image\"><img decoding=\"async\" src=\"https:\/\/www.prensa-latina.cu\/wp-content\/uploads\/2026\/07\/africa-agricultura1-1.jpg\" alt=\"\" class=\"wp-image-1766169\"\/><\/figure>\n\n\n\n<h4 class=\"wp-block-heading\"><a href=\"https:\/\/www.prensa-latina.cu\/2026\/07\/08\/paises-ricos-con-20-veces-mas-ingresos-agricolas-que-asia-y-africa\/\">Pa\u00edses ricos con 20 veces m\u00e1s ingresos agr\u00edcolas que Asia y \u00c1frica<\/a><\/h4>\n\n\n\n<ul class=\"wp-block-list\">\n<li>julio 8, 2026<\/li>\n\n\n\n<li>18:58<\/li>\n<\/ul>\n\n\n\n<figure class=\"wp-block-image\"><img decoding=\"async\" src=\"https:\/\/www.prensa-latina.cu\/wp-content\/uploads\/2026\/07\/cultivo-combustible-1.jpg\" alt=\"\" class=\"wp-image-1765535\"\/><\/figure>\n\n\n\n<h4 class=\"wp-block-heading\"><a href=\"https:\/\/www.prensa-latina.cu\/2026\/07\/07\/cultivos-alimentarios-centran-produccion-mundial-de-biocombustibles\/\">Cultivos alimentarios centran producci\u00f3n mundial de biocombustibles<\/a><\/h4>\n\n\n\n<ul class=\"wp-block-list\">\n<li>julio 7, 2026<\/li>\n\n\n\n<li>09:56<\/li>\n<\/ul>\n\n\n\n<figure class=\"wp-block-image\"><img decoding=\"async\" src=\"https:\/\/www.prensa-latina.cu\/wp-content\/uploads\/2026\/07\/etiopia-educacion-22-1.jpg\" alt=\"\" class=\"wp-image-1765470\"\/><\/figure>\n\n\n\n<h4 class=\"wp-block-heading\"><a href=\"https:\/\/www.prensa-latina.cu\/2026\/07\/07\/exponen-avances-en-educacion-agricultura-y-politica-exterior-etiopes\/\">Exponen avances en educaci\u00f3n, agricultura y pol\u00edtica exterior et\u00edopes<\/a><\/h4>\n\n\n\n<ul class=\"wp-block-list\">\n<li>julio 7, 2026<\/li>\n\n\n\n<li>07:57<\/li>\n<\/ul>\n\n\n\n<p class=\"wp-block-paragraph\">TASAS DE CAMBIO \/ EXCHANGE RATES<\/p>\n\n\n\n<p class=\"wp-block-paragraph\">09 &#8211; julio &#8211; 2026<\/p>\n\n\n\n<p class=\"wp-block-paragraph\"><img decoding=\"async\" src=\"https:\/\/www.bc.gob.cu\/images\/flags\/us.png\" alt=\"USD\">USD<\/p>\n\n\n\n<p class=\"wp-block-paragraph\">589,00&nbsp;<small>CUP<\/small><\/p>\n\n\n\n<p class=\"wp-block-paragraph\"><img decoding=\"async\" src=\"https:\/\/www.bc.gob.cu\/images\/flags\/ru.png\" alt=\"RUB\">RUB<\/p>\n\n\n\n<p class=\"wp-block-paragraph\">7,67&nbsp;<small>CUP<\/small><\/p>\n\n\n\n<p class=\"wp-block-paragraph\"><img decoding=\"async\" src=\"https:\/\/www.bc.gob.cu\/images\/flags\/gb.png\" alt=\"GBP\">GBP<\/p>\n\n\n\n<p class=\"wp-block-paragraph\">788,46&nbsp;<small>CUP<\/small><\/p>\n\n\n\n<p class=\"wp-block-paragraph\"><img decoding=\"async\" src=\"https:\/\/www.bc.gob.cu\/images\/flags\/jp.png\" alt=\"JPY\">JPY&nbsp;*<\/p>\n\n\n\n<p class=\"wp-block-paragraph\">0,28&nbsp;<small>CUP<\/small><\/p>\n\n\n\n<p class=\"wp-block-paragraph\">Fuente: Banco Central de Cuba<\/p>\n","protected":false},"excerpt":{"rendered":"<p>Roma, 9 jul (Prensa Latina) La Organizaci\u00f3n de las Naciones Unidas para la Alimentaci\u00f3n y la Agricultura (FAO), public\u00f3 hoy su nuevo informe del Estado de los Mercados de Productos Agr\u00edcolas (SOCO), donde propone medidas para mitigar el impacto de las crisis alimentarias. \u201cLas decisiones en materia de pol\u00edtica comercial desempe\u00f1an un papel fundamental en [&hellip;]<\/p>\n","protected":false},"author":2,"featured_media":420497,"comment_status":"open","ping_status":"closed","sticky":false,"template":"","format":"standard","meta":{"footnotes":""},"categories":[18,23],"tags":[1159],"class_list":["post-686370","post","type-post","status-publish","format-standard","has-post-thumbnail","hentry","category-economia","category-internacional","tag-fao"],"_links":{"self":[{"href":"https:\/\/diariodominicano.com\/index.php?rest_route=\/wp\/v2\/posts\/686370","targetHints":{"allow":["GET"]}}],"collection":[{"href":"https:\/\/diariodominicano.com\/index.php?rest_route=\/wp\/v2\/posts"}],"about":[{"href":"https:\/\/diariodominicano.com\/index.php?rest_route=\/wp\/v2\/types\/post"}],"author":[{"embeddable":true,"href":"https:\/\/diariodominicano.com\/index.php?rest_route=\/wp\/v2\/users\/2"}],"replies":[{"embeddable":true,"href":"https:\/\/diariodominicano.com\/index.php?rest_route=%2Fwp%2Fv2%2Fcomments&post=686370"}],"version-history":[{"count":1,"href":"https:\/\/diariodominicano.com\/index.php?rest_route=\/wp\/v2\/posts\/686370\/revisions"}],"predecessor-version":[{"id":686371,"href":"https:\/\/diariodominicano.com\/index.php?rest_route=\/wp\/v2\/posts\/686370\/revisions\/686371"}],"wp:featuredmedia":[{"embeddable":true,"href":"https:\/\/diariodominicano.com\/index.php?rest_route=\/wp\/v2\/media\/420497"}],"wp:attachment":[{"href":"https:\/\/diariodominicano.com\/index.php?rest_route=%2Fwp%2Fv2%2Fmedia&parent=686370"}],"wp:term":[{"taxonomy":"category","embeddable":true,"href":"https:\/\/diariodominicano.com\/index.php?rest_route=%2Fwp%2Fv2%2Fcategories&post=686370"},{"taxonomy":"post_tag","embeddable":true,"href":"https:\/\/diariodominicano.com\/index.php?rest_route=%2Fwp%2Fv2%2Ftags&post=686370"}],"curies":[{"name":"wp","href":"https:\/\/api.w.org\/{rel}","templated":true}]}}