{"id":685976,"date":"2026-07-06T18:57:26","date_gmt":"2026-07-06T22:57:26","guid":{"rendered":"https:\/\/diariodominicano.com\/?p=685976"},"modified":"2026-07-06T18:57:35","modified_gmt":"2026-07-06T22:57:35","slug":"mas-del-60-por-ciento-de-argentinos-considera-mala-la-economia-del-pais","status":"publish","type":"post","link":"https:\/\/diariodominicano.com\/?p=685976","title":{"rendered":"M\u00e1s del 60 por ciento de argentinos considera mala la econom\u00eda del pa\u00eds"},"content":{"rendered":"\n<p class=\"wp-block-paragraph\">Buenos Aires, 6 jul (Prensa Latina) El 62 por ciento de los argentinos considera hoy mala la econom\u00eda del pa\u00eds a causa de las pol\u00edticas neoliberales del gobierno de Javier Milei, en tanto el 73 por ciento opina lo mismo sobre el mercado laboral, refleja una nueva encuesta.<\/p>\n\n\n\n<ul class=\"wp-block-list\">\n<li><a href=\"https:\/\/www.prensa-latina.cu\/2026\/07\/06\/\"><time>julio 6, 2026 | 18:36<\/time><\/a><\/li>\n<\/ul>\n\n\n\n<ul class=\"wp-block-list\">\n<li><a href=\"https:\/\/www.prensa-latina.cu\/2026\/07\/06\/mas-del-60-de-argentinos-considera-mala-la-economia-del-pais\/#\"><\/a><\/li>\n\n\n\n<li><a href=\"https:\/\/www.prensa-latina.cu\/2026\/07\/06\/mas-del-60-de-argentinos-considera-mala-la-economia-del-pais\/#\"><\/a><\/li>\n\n\n\n<li><a href=\"https:\/\/www.prensa-latina.cu\/2026\/07\/06\/mas-del-60-de-argentinos-considera-mala-la-economia-del-pais\/#\"><\/a><\/li>\n\n\n\n<li><a href=\"https:\/\/www.prensa-latina.cu\/2026\/07\/06\/mas-del-60-de-argentinos-considera-mala-la-economia-del-pais\/#\"><\/a><\/li>\n<\/ul>\n\n\n\n<p class=\"wp-block-paragraph\">El estudio de Latam Pulse Argentina, elaborado por la firma de inteligencia de datos AtlasIntel y la agencia Bloomberg, muestra, adem\u00e1s, el deterioro de la imagen de la administraci\u00f3n libertaria y un cambio en las principales preocupaciones de la sociedad.<\/p>\n\n\n\n<p class=\"wp-block-paragraph\">Detect\u00f3 tambi\u00e9n que la imagen del mandatario Milei sufre un fuerte deterioro, reflejado en que el 58 por ciento de los encuestados desaprueba su gesti\u00f3n, mientras que el apoyo se ubica en 40 por ciento.<\/p>\n\n\n\n<p class=\"wp-block-paragraph\">Otro sondeo anterior, difundido el lunes, realizado por la firma mendocina RDT Consultores, coincide en el desplome de la imagen del jefe de la Casa Rosada, pero al mismo tiempo encontr\u00f3 que tiene a\u00fan posibilidades de reelegirse debido a las fracturas y discrepancias de la oposici\u00f3n que le impide aprovechar la coyuntura pol\u00edtica que le podr\u00eda ser favorable.<\/p>\n\n\n\n<p class=\"wp-block-paragraph\">La encuesta de Latam Pulse Argentina advirti\u00f3, adem\u00e1s, un cambio en las preocupaciones sociales en la Argentina. La corrupci\u00f3n pas\u00f3 a encabezar el ranking de problemas percibidos por la poblaci\u00f3n, con el 47,9 por ciento.<\/p>\n\n\n\n<p class=\"wp-block-paragraph\">Tal sentimiento se da en medio del esc\u00e1ndalo que involucra al ex jefe de Gabinete Manuel Adorni, acusado por presunto enriquecimiento il\u00edcito y otras denuncias judiciales. El cuestionado funcionario, muy cercano a Milei, renunci\u00f3 a su cargo, mientras contin\u00faan avanzando las causas en su contra.<\/p>\n\n\n\n<p class=\"wp-block-paragraph\">Luego de la corrupci\u00f3n en el gobierno se ubican entre las principales inquietudes de la sociedad el desempleo (39,5%), la impunidad y el funcionamiento del sistema judicial (37,8%), el debilitamiento de la democracia y las instituciones (30,3%) y la situaci\u00f3n econ\u00f3mica general (30,1%), que completan las cinco primeras preocupaciones.<\/p>\n\n\n\n<p class=\"wp-block-paragraph\">mh<\/p>\n\n\n\n<ul class=\"wp-block-list\">\n<li>#<a href=\"https:\/\/www.prensa-latina.cu\/etiqueta\/encuesta\/\">encuesta<\/a>\u00a0#<a href=\"https:\/\/www.prensa-latina.cu\/etiqueta\/latam-pulse-argentina\/\">Latam Pulse Argentina<\/a>\u00a0#<a href=\"https:\/\/www.prensa-latina.cu\/etiqueta\/mala\/\">mala<\/a>\u00a0#<a href=\"https:\/\/www.prensa-latina.cu\/etiqueta\/milei\/\">Milei<\/a><\/li>\n<\/ul>\n","protected":false},"excerpt":{"rendered":"<p>Buenos Aires, 6 jul (Prensa Latina) El 62 por ciento de los argentinos considera hoy mala la econom\u00eda del pa\u00eds a causa de las pol\u00edticas neoliberales del gobierno de Javier Milei, en tanto el 73 por ciento opina lo mismo sobre el mercado laboral, refleja una nueva encuesta. El estudio de Latam Pulse Argentina, elaborado [&hellip;]<\/p>\n","protected":false},"author":2,"featured_media":639391,"comment_status":"open","ping_status":"closed","sticky":false,"template":"","format":"standard","meta":{"footnotes":""},"categories":[23],"tags":[7030,7031],"class_list":["post-685976","post","type-post","status-publish","format-standard","has-post-thumbnail","hentry","category-internacional","tag-argentinos","tag-milei"],"_links":{"self":[{"href":"https:\/\/diariodominicano.com\/index.php?rest_route=\/wp\/v2\/posts\/685976","targetHints":{"allow":["GET"]}}],"collection":[{"href":"https:\/\/diariodominicano.com\/index.php?rest_route=\/wp\/v2\/posts"}],"about":[{"href":"https:\/\/diariodominicano.com\/index.php?rest_route=\/wp\/v2\/types\/post"}],"author":[{"embeddable":true,"href":"https:\/\/diariodominicano.com\/index.php?rest_route=\/wp\/v2\/users\/2"}],"replies":[{"embeddable":true,"href":"https:\/\/diariodominicano.com\/index.php?rest_route=%2Fwp%2Fv2%2Fcomments&post=685976"}],"version-history":[{"count":1,"href":"https:\/\/diariodominicano.com\/index.php?rest_route=\/wp\/v2\/posts\/685976\/revisions"}],"predecessor-version":[{"id":685977,"href":"https:\/\/diariodominicano.com\/index.php?rest_route=\/wp\/v2\/posts\/685976\/revisions\/685977"}],"wp:featuredmedia":[{"embeddable":true,"href":"https:\/\/diariodominicano.com\/index.php?rest_route=\/wp\/v2\/media\/639391"}],"wp:attachment":[{"href":"https:\/\/diariodominicano.com\/index.php?rest_route=%2Fwp%2Fv2%2Fmedia&parent=685976"}],"wp:term":[{"taxonomy":"category","embeddable":true,"href":"https:\/\/diariodominicano.com\/index.php?rest_route=%2Fwp%2Fv2%2Fcategories&post=685976"},{"taxonomy":"post_tag","embeddable":true,"href":"https:\/\/diariodominicano.com\/index.php?rest_route=%2Fwp%2Fv2%2Ftags&post=685976"}],"curies":[{"name":"wp","href":"https:\/\/api.w.org\/{rel}","templated":true}]}}