{"id":683784,"date":"2026-06-22T16:38:42","date_gmt":"2026-06-22T20:38:42","guid":{"rendered":"https:\/\/diariodominicano.com\/?p=683784"},"modified":"2026-06-22T19:28:43","modified_gmt":"2026-06-22T23:28:43","slug":"breve-y-preciso-nancy-sanchez-galvez-la-numero-40","status":"publish","type":"post","link":"https:\/\/diariodominicano.com\/?p=683784","title":{"rendered":"BREVE Y PRECISO \/ NANCY S\u00c1NCHEZ G\u00c1LVEZ: LA N\u00daMERO 40\u00a0"},"content":{"rendered":"\n<p class=\"wp-block-paragraph\">Por Andy Mieses&nbsp;<\/p>\n\n\n\n<p class=\"wp-block-paragraph\">Es sumamente preocupante el alto n\u00famero de muertes de mujeres a mano de hombres, en lo que va de a\u00f1o 2026, se registran seis feminicidios cada mes, siendo la n\u00famero 40, NANCY SANCHEZ GALVEZ, quien fue muerta por un hombre que entr\u00f3 en la madrugada de este lunes en el \u00e1rea de estacionamiento de la emergencia del Hospital Dar\u00edo Contreras, generando un escenario violento con una arma de fuego. Este hecho criminal\u00a0 desnuda la falta de seguridad en nuestros centros hospitalarios del Sistema de Salud P\u00fablica y la alarmante cifra de hechos violentos contra la mujer, al tiempo que\u00a0 cuestiona la eficacia de la pol\u00edtica oficial dirigida a concienciar para prevenir la violencia de este tipo en el seno de la sociedad dominicana.\u00a0<\/p>\n\n\n\n<p class=\"wp-block-paragraph\">Juan Mieses <a href=\"mailto:juanmiesesp@gmail.com\">juanmiesesp@gmail.com<\/a>&nbsp;<\/p>\n","protected":false},"excerpt":{"rendered":"<p>Por Andy Mieses&nbsp; Es sumamente preocupante el alto n\u00famero de muertes de mujeres a mano de hombres, en lo que va de a\u00f1o 2026, se registran seis feminicidios cada mes, siendo la n\u00famero 40, NANCY SANCHEZ GALVEZ, quien fue muerta por un hombre que entr\u00f3 en la madrugada de este lunes en el \u00e1rea de [&hellip;]<\/p>\n","protected":false},"author":7,"featured_media":682839,"comment_status":"closed","ping_status":"closed","sticky":false,"template":"","format":"standard","meta":{"footnotes":""},"categories":[16,27],"tags":[2634],"class_list":["post-683784","post","type-post","status-publish","format-standard","has-post-thumbnail","hentry","category-opiniones","category-portada","tag-andy-mieses"],"_links":{"self":[{"href":"https:\/\/diariodominicano.com\/index.php?rest_route=\/wp\/v2\/posts\/683784","targetHints":{"allow":["GET"]}}],"collection":[{"href":"https:\/\/diariodominicano.com\/index.php?rest_route=\/wp\/v2\/posts"}],"about":[{"href":"https:\/\/diariodominicano.com\/index.php?rest_route=\/wp\/v2\/types\/post"}],"author":[{"embeddable":true,"href":"https:\/\/diariodominicano.com\/index.php?rest_route=\/wp\/v2\/users\/7"}],"replies":[{"embeddable":true,"href":"https:\/\/diariodominicano.com\/index.php?rest_route=%2Fwp%2Fv2%2Fcomments&post=683784"}],"version-history":[{"count":3,"href":"https:\/\/diariodominicano.com\/index.php?rest_route=\/wp\/v2\/posts\/683784\/revisions"}],"predecessor-version":[{"id":683800,"href":"https:\/\/diariodominicano.com\/index.php?rest_route=\/wp\/v2\/posts\/683784\/revisions\/683800"}],"wp:featuredmedia":[{"embeddable":true,"href":"https:\/\/diariodominicano.com\/index.php?rest_route=\/wp\/v2\/media\/682839"}],"wp:attachment":[{"href":"https:\/\/diariodominicano.com\/index.php?rest_route=%2Fwp%2Fv2%2Fmedia&parent=683784"}],"wp:term":[{"taxonomy":"category","embeddable":true,"href":"https:\/\/diariodominicano.com\/index.php?rest_route=%2Fwp%2Fv2%2Fcategories&post=683784"},{"taxonomy":"post_tag","embeddable":true,"href":"https:\/\/diariodominicano.com\/index.php?rest_route=%2Fwp%2Fv2%2Ftags&post=683784"}],"curies":[{"name":"wp","href":"https:\/\/api.w.org\/{rel}","templated":true}]}}