{"id":683588,"date":"2026-06-21T21:39:09","date_gmt":"2026-06-22T01:39:09","guid":{"rendered":"https:\/\/diariodominicano.com\/?p=683588"},"modified":"2026-06-21T21:45:35","modified_gmt":"2026-06-22T01:45:35","slug":"presidente-dominicano-insta-a-su-partido-a-evitar-divisiones-internas","status":"publish","type":"post","link":"https:\/\/diariodominicano.com\/?p=683588","title":{"rendered":"Presidente Luis Abinader insta al PRM a evitar divisiones internas"},"content":{"rendered":"\n<p class=\"wp-block-paragraph\">ARCHIVO: <\/p>\n\n\n\n<p class=\"wp-block-paragraph\">Santo Domingo, 21 jun (Prensa Latina) El presidente de Rep\u00fablica Dominicana, Luis Abinader, llam\u00f3 hoy a los miembros del gobernante Partido Revolucionario Moderno (PRM) a preservar la unidad interna de la organizaci\u00f3n, durante la reuni\u00f3n ordinaria de su Comit\u00e9 Nacional.<\/p>\n\n\n\n<p class=\"wp-block-paragraph\"><\/p>\n\n\n\n<ul class=\"wp-block-list\">\n<li><a href=\"https:\/\/www.prensa-latina.cu\/2026\/06\/21\/\"><time>junio 21, 2026 | 20:53<\/time><\/a><\/li>\n<\/ul>\n\n\n\n<ul class=\"wp-block-list\">\n<li><a href=\"https:\/\/www.prensa-latina.cu\/2026\/06\/21\/presidente-dominicano-insta-a-su-partido-a-evitar-divisiones-internas\/#\"><\/a><\/li>\n\n\n\n<li><a href=\"https:\/\/www.prensa-latina.cu\/2026\/06\/21\/presidente-dominicano-insta-a-su-partido-a-evitar-divisiones-internas\/#\"><\/a><\/li>\n\n\n\n<li><a href=\"https:\/\/www.prensa-latina.cu\/2026\/06\/21\/presidente-dominicano-insta-a-su-partido-a-evitar-divisiones-internas\/#\"><\/a><\/li>\n\n\n\n<li><a href=\"https:\/\/www.prensa-latina.cu\/2026\/06\/21\/presidente-dominicano-insta-a-su-partido-a-evitar-divisiones-internas\/#\"><\/a><\/li>\n<\/ul>\n\n\n\n<p class=\"wp-block-paragraph\">Afirm\u00f3 que esa fuerza pol\u00edtica debe mantenerse cohesionada para continuar las transformaciones impulsadas desde su llegada al poder en 2020.<\/p>\n\n\n\n<p class=\"wp-block-paragraph\">\u00abNecesitamos tres cosas: humildad para escuchar, unidad para avanzar y determinaci\u00f3n para culminar la obra\u00bb, expres\u00f3 el dignatario durante la actividad partidaria.<\/p>\n\n\n\n<p class=\"wp-block-paragraph\">Sostuvo que el PRM tiene la responsabilidad de preservar la confianza que la ciudadan\u00eda ha depositado en el partido y demostrar que la pol\u00edtica puede estar al servicio de la poblaci\u00f3n.<\/p>\n\n\n\n<p class=\"wp-block-paragraph\">Reconoci\u00f3 que en una organizaci\u00f3n pol\u00edtica amplia y democr\u00e1tica es normal la existencia de distintos liderazgos y corrientes de pensamiento, pero advirti\u00f3 que las diferencias no deben convertirse en divisiones.<\/p>\n\n\n\n<p class=\"wp-block-paragraph\">\u00abLa unidad no significa pensar igual ni ausencia de debate\u00bb, se\u00f1al\u00f3, al tiempo que afirm\u00f3 que lo importante es anteponer el proyecto colectivo a los intereses individuales.<\/p>\n\n\n\n<p class=\"wp-block-paragraph\">El jefe de Estado tambi\u00e9n se\u00f1al\u00f3 que el Gobierno necesita un partido fuerte, comprometido con la transparencia y la \u00e9tica, y exhort\u00f3 a los dirigentes a mantener el contacto con las comunidades y las organizaciones vecinales para saber las necesidades de la poblaci\u00f3n.<\/p>\n\n\n\n<p class=\"wp-block-paragraph\">Abinader tambi\u00e9n reconoci\u00f3 la existencia de aspiraciones pol\u00edticas dentro del partido de cara a futuros procesos electorales y dijo que estas son leg\u00edtimas, aunque exhort\u00f3 a los dirigentes a mantener el enfoque en la gesti\u00f3n de gobierno y en el fortalecimiento institucional de la organizaci\u00f3n.<\/p>\n\n\n\n<p class=\"wp-block-paragraph\">Insisti\u00f3 en que los adversarios pol\u00edticos no se encuentran dentro del PRM y llam\u00f3 a evitar conflictos internos que puedan debilitar a la organizaci\u00f3n oficialista.<\/p>\n\n\n\n<p class=\"wp-block-paragraph\">Por su parte, el presidente del PRM, Jos\u00e9 Ignacio Paliza, inst\u00f3 a la militancia a anteponer los intereses colectivos a las pretensiones personales y asegur\u00f3 que el proceso de reorganizaci\u00f3n interna no responde a los intereses de ning\u00fan dirigente en particular. (Con informaci\u00f3n de Prensa Latina)<\/p>\n\n\n\n<p class=\"wp-block-paragraph\">otf\/mpv<\/p>\n\n\n\n<ul class=\"wp-block-list\">\n<li>#<a href=\"https:\/\/www.prensa-latina.cu\/etiqueta\/intereses-electorales\/\">intereses electorales<\/a>&nbsp;#<a href=\"https:\/\/www.prensa-latina.cu\/etiqueta\/prm\/\">prm<\/a><\/li>\n<\/ul>\n\n\n\n<p class=\"wp-block-paragraph\">MINUTO A MINUTO<\/p>\n\n\n\n<ul class=\"wp-block-list\">\n<li>20:53<\/li>\n<\/ul>\n\n\n\n<p class=\"wp-block-paragraph\"><a href=\"https:\/\/www.prensa-latina.cu\/2026\/06\/21\/presidente-dominicano-insta-a-su-partido-a-evitar-divisiones-internas\/\">Presidente dominicano insta a su partido a evitar divisiones internas<\/a><\/p>\n\n\n\n<ul class=\"wp-block-list\">\n<li>20:47<\/li>\n<\/ul>\n\n\n\n<p class=\"wp-block-paragraph\"><a href=\"https:\/\/www.prensa-latina.cu\/2026\/06\/21\/presidente-de-colombia-denuncio-irregularidades-en-jornada-electoral\/\">Presidente de Colombia denunci\u00f3 irregularidades en jornada electoral<\/a><\/p>\n\n\n\n<ul class=\"wp-block-list\">\n<li>20:44<\/li>\n<\/ul>\n\n\n\n<p class=\"wp-block-paragraph\"><a href=\"https:\/\/www.prensa-latina.cu\/2026\/06\/21\/analista-advierte-sobre-nueva-etapa-de-disputa-politica-en-bolivia-4\/\">Analista advierte sobre nueva etapa de disputa pol\u00edtica en Bolivia<\/a><\/p>\n\n\n\n<ul class=\"wp-block-list\">\n<li>20:43<\/li>\n<\/ul>\n\n\n\n<p class=\"wp-block-paragraph\"><a href=\"https:\/\/www.prensa-latina.cu\/2026\/06\/21\/analista-advierte-sobre-nueva-etapa-de-disputa-politica-en-bolivia-3\/\">Analista advierte sobre nueva etapa de disputa pol\u00edtica en Bolivia<\/a><\/p>\n\n\n\n<ul class=\"wp-block-list\">\n<li>20:43<\/li>\n<\/ul>\n\n\n\n<p class=\"wp-block-paragraph\"><a href=\"https:\/\/www.prensa-latina.cu\/2026\/06\/21\/analista-advierte-sobre-nueva-etapa-de-disputa-politica-en-bolivia-2\/\">Analista advierte sobre nueva etapa de disputa pol\u00edtica en Bolivia<\/a><\/p>\n\n\n\n<ul class=\"wp-block-list\">\n<li>20:42<\/li>\n<\/ul>\n\n\n\n<p class=\"wp-block-paragraph\"><a href=\"https:\/\/www.prensa-latina.cu\/2026\/06\/21\/analista-advierte-sobre-nueva-etapa-de-disputa-politica-en-bolivia\/\">Analista advierte sobre nueva etapa de disputa pol\u00edtica en Bolivia<\/a><\/p>\n\n\n\n<p class=\"wp-block-paragraph\">relacionadas<\/p>\n\n\n\n<h4 class=\"wp-block-heading\"><a href=\"https:\/\/www.prensa-latina.cu\/2026\/06\/17\/alertan-a-partido-gobernante-dominicano-sobre-riesgo-repetir-errores\/\">Alertan a partido gobernante dominicano sobre riesgo repetir errores<\/a><\/h4>\n\n\n\n<ul class=\"wp-block-list\">\n<li>junio 17, 2026<\/li>\n\n\n\n<li>10:03<\/li>\n<\/ul>\n\n\n\n<figure class=\"wp-block-image\"><img decoding=\"async\" src=\"https:\/\/www.prensa-latina.cu\/wp-content\/uploads\/2026\/05\/PRM-1.jpg\" alt=\"\" class=\"wp-image-1749795\"\/><\/figure>\n\n\n\n<h4 class=\"wp-block-heading\"><a href=\"https:\/\/www.prensa-latina.cu\/2026\/05\/27\/partido-oficialista-dominicano-impulsa-cambios-en-estructura-interna\/\">Partido oficialista dominicano impulsa cambios en estructura interna<\/a><\/h4>\n\n\n\n<ul class=\"wp-block-list\">\n<li>mayo 27, 2026<\/li>\n\n\n\n<li>17:59<\/li>\n<\/ul>\n\n\n\n<h4 class=\"wp-block-heading\"><a href=\"https:\/\/www.prensa-latina.cu\/2026\/05\/24\/carolina-mejia-dice-estar-lista-para-la-presidencia-en-dominicana\/\">Carolina Mej\u00eda dice estar lista para la Presidencia en Dominicana<\/a><\/h4>\n\n\n\n<ul class=\"wp-block-list\">\n<li>mayo 24, 2026<\/li>\n\n\n\n<li>16:34<\/li>\n<\/ul>\n\n\n\n<h4 class=\"wp-block-heading\"><a href=\"https:\/\/www.prensa-latina.cu\/2026\/03\/11\/oficialista-prm-propone-reforma-a-ley-de-partidos-en-dominicana\/\">Oficialista PRM propone reforma a ley de partidos en Dominicana<\/a><\/h4>\n\n\n\n<ul class=\"wp-block-list\">\n<li>marzo 11, 2026<\/li>\n\n\n\n<li>16:56<\/li>\n<\/ul>\n\n\n\n<p class=\"wp-block-paragraph\">TASAS DE CAMBIO \/ EXCHANGE RATES<\/p>\n\n\n\n<p class=\"wp-block-paragraph\">21 &#8211; junio &#8211; 2026<\/p>\n\n\n\n<p class=\"wp-block-paragraph\"><img decoding=\"async\" src=\"https:\/\/www.bc.gob.cu\/images\/flags\/us.png\" alt=\"USD\">USD<\/p>\n\n\n\n<p class=\"wp-block-paragraph\">565,00&nbsp;<small>CUP<\/small><\/p>\n\n\n\n<p class=\"wp-block-paragraph\"><img decoding=\"async\" src=\"https:\/\/www.bc.gob.cu\/images\/flags\/gb.png\" alt=\"GBP\">GBP<\/p>\n\n\n\n<p class=\"wp-block-paragraph\">747,24&nbsp;<small>CUP<\/small><\/p>\n\n\n\n<p class=\"wp-block-paragraph\"><img decoding=\"async\" src=\"https:\/\/www.bc.gob.cu\/images\/flags\/jp.png\" alt=\"JPY\">JPY&nbsp;*<\/p>\n\n\n\n<p class=\"wp-block-paragraph\">0,29&nbsp;<small>CUP<\/small><\/p>\n\n\n\n<p class=\"wp-block-paragraph\">Fuente: Banco Central de Cuba<\/p>\n","protected":false},"excerpt":{"rendered":"<p>ARCHIVO: Santo Domingo, 21 jun (Prensa Latina) El presidente de Rep\u00fablica Dominicana, Luis Abinader, llam\u00f3 hoy a los miembros del gobernante Partido Revolucionario Moderno (PRM) a preservar la unidad interna de la organizaci\u00f3n, durante la reuni\u00f3n ordinaria de su Comit\u00e9 Nacional. Afirm\u00f3 que esa fuerza pol\u00edtica debe mantenerse cohesionada para continuar las transformaciones impulsadas desde [&hellip;]<\/p>\n","protected":false},"author":2,"featured_media":679894,"comment_status":"open","ping_status":"closed","sticky":false,"template":"","format":"standard","meta":{"footnotes":""},"categories":[22,27],"tags":[6656,101],"class_list":["post-683588","post","type-post","status-publish","format-standard","has-post-thumbnail","hentry","category-politica","category-portada","tag-presidente-dominicano-insta-a-su-partido-a-evitar-divisiones-internas","tag-prm"],"_links":{"self":[{"href":"https:\/\/diariodominicano.com\/index.php?rest_route=\/wp\/v2\/posts\/683588","targetHints":{"allow":["GET"]}}],"collection":[{"href":"https:\/\/diariodominicano.com\/index.php?rest_route=\/wp\/v2\/posts"}],"about":[{"href":"https:\/\/diariodominicano.com\/index.php?rest_route=\/wp\/v2\/types\/post"}],"author":[{"embeddable":true,"href":"https:\/\/diariodominicano.com\/index.php?rest_route=\/wp\/v2\/users\/2"}],"replies":[{"embeddable":true,"href":"https:\/\/diariodominicano.com\/index.php?rest_route=%2Fwp%2Fv2%2Fcomments&post=683588"}],"version-history":[{"count":3,"href":"https:\/\/diariodominicano.com\/index.php?rest_route=\/wp\/v2\/posts\/683588\/revisions"}],"predecessor-version":[{"id":683593,"href":"https:\/\/diariodominicano.com\/index.php?rest_route=\/wp\/v2\/posts\/683588\/revisions\/683593"}],"wp:featuredmedia":[{"embeddable":true,"href":"https:\/\/diariodominicano.com\/index.php?rest_route=\/wp\/v2\/media\/679894"}],"wp:attachment":[{"href":"https:\/\/diariodominicano.com\/index.php?rest_route=%2Fwp%2Fv2%2Fmedia&parent=683588"}],"wp:term":[{"taxonomy":"category","embeddable":true,"href":"https:\/\/diariodominicano.com\/index.php?rest_route=%2Fwp%2Fv2%2Fcategories&post=683588"},{"taxonomy":"post_tag","embeddable":true,"href":"https:\/\/diariodominicano.com\/index.php?rest_route=%2Fwp%2Fv2%2Ftags&post=683588"}],"curies":[{"name":"wp","href":"https:\/\/api.w.org\/{rel}","templated":true}]}}