{"id":683579,"date":"2026-06-21T21:23:14","date_gmt":"2026-06-22T01:23:14","guid":{"rendered":"https:\/\/diariodominicano.com\/?p=683579"},"modified":"2026-06-21T21:23:19","modified_gmt":"2026-06-22T01:23:19","slug":"se-celebra-el-dia-internacional-del-yoga-en-todo-el-mundo","status":"publish","type":"post","link":"https:\/\/diariodominicano.com\/?p=683579","title":{"rendered":"Se celebra el D\u00eda Internacional del Yoga en todo el mundo"},"content":{"rendered":"\n<p class=\"wp-block-paragraph\"><em>spanish.news.cn<\/em>|<em>&nbsp;2026-06-22 07:55:28<\/em>|<\/p>\n\n\n\n<p class=\"wp-block-paragraph\">GIZA, 21 junio, 2026 (Xinhua) &#8212; Personas posan para una fotograf\u00eda para celebrar el D\u00eda Internacional del Yoga en el punto esc\u00e9nico de las Pir\u00e1mides de Giza, en Giza, Egipto, el 21 de junio de 2026. (Xinhua\/Ahmed Gomaa)<\/p>\n\n\n\n<figure class=\"wp-block-image\"><img decoding=\"async\" src=\"https:\/\/spanish.xinhuanet.com\/20260622\/898efa3bde554401894d8e839d9e3526\/20260622898efa3bde554401894d8e839d9e3526_20260622d153030be73340e5882ba1dce8a2fc9c.jpg\" alt=\"\"\/><\/figure>\n\n\n\n<p class=\"wp-block-paragraph\">GIZA, 21 junio, 2026 (Xinhua) &#8212; Personas participan en una sesi\u00f3n de yoga para celebrar el D\u00eda Internacional del Yoga en el punto esc\u00e9nico de las Pir\u00e1mides de Giza, en Giza, Egipto, el 21 de junio de 2026. (Xinhua\/Ahmed Gomaa)<\/p>\n\n\n\n<figure class=\"wp-block-image\"><img decoding=\"async\" src=\"https:\/\/spanish.xinhuanet.com\/20260622\/898efa3bde554401894d8e839d9e3526\/20260622898efa3bde554401894d8e839d9e3526_20260622c2a94199c49348af8795621e4b6e493b.jpg\" alt=\"\"\/><\/figure>\n\n\n\n<p class=\"wp-block-paragraph\">GIZA, 21 junio, 2026 (Xinhua) &#8212; Personas participan en una sesi\u00f3n de yoga para celebrar el D\u00eda Internacional del Yoga en el punto esc\u00e9nico de las Pir\u00e1mides de Giza, en Giza, Egipto, el 21 de junio de 2026. (Xinhua\/Ahmed Gomaa)<\/p>\n\n\n\n<figure class=\"wp-block-image\"><img decoding=\"async\" src=\"https:\/\/spanish.xinhuanet.com\/20260622\/898efa3bde554401894d8e839d9e3526\/20260622898efa3bde554401894d8e839d9e3526_202606222df9bacae22b4211a2a58c8a60703e8a.jpg\" alt=\"\"\/><\/figure>\n\n\n\n<p class=\"wp-block-paragraph\">COLOMBO, 21 junio, 2026 (Xinhua) &#8212; Personas participan en una sesi\u00f3n de yoga para celebrar el D\u00eda Internacional del Yoga, en Colombo, Sri Lanka, el 21 de junio de 2026. (Xinhua\/Gayan Sameera)<\/p>\n\n\n\n<figure class=\"wp-block-image\"><img decoding=\"async\" src=\"https:\/\/spanish.xinhuanet.com\/20260622\/898efa3bde554401894d8e839d9e3526\/20260622898efa3bde554401894d8e839d9e3526_20260622e02f3efda2d843c2a70e71797c2fce59.jpg\" alt=\"\"\/><\/figure>\n\n\n\n<p class=\"wp-block-paragraph\">BHAKTAPUR, 21 junio, 2026 (Xinhua) &#8212; Personas participan en una sesi\u00f3n de yoga para celebrar el D\u00eda Internacional del Yoga, en Bhaktapur, Nepal, el 21 de junio de 2026. (Xinhua\/Sulav Shrestha)<\/p>\n\n\n\n<figure class=\"wp-block-image\"><img decoding=\"async\" src=\"https:\/\/spanish.xinhuanet.com\/20260622\/898efa3bde554401894d8e839d9e3526\/20260622898efa3bde554401894d8e839d9e3526_20260622c713c81549e3404391a10ed7fb4b023f.jpg\" alt=\"\"\/><\/figure>\n\n\n\n<p class=\"wp-block-paragraph\">COLOMBO, 21 junio, 2026 (Xinhua) &#8212; Personas participan en una sesi\u00f3n de yoga para celebrar el D\u00eda Internacional del Yoga, en Colombo, Sri Lanka, el 21 de junio de 2026. (Xinhua\/Gayan Sameera)<\/p>\n\n\n\n<figure class=\"wp-block-image\"><img decoding=\"async\" src=\"https:\/\/spanish.xinhuanet.com\/20260622\/898efa3bde554401894d8e839d9e3526\/20260622898efa3bde554401894d8e839d9e3526_20260622495825ad340041f5b9825d42357a0b25.jpg\" alt=\"\"\/><\/figure>\n\n\n\n<p class=\"wp-block-paragraph\">COLOMBO, 21 junio, 2026 (Xinhua) &#8212; Personas participan en una sesi\u00f3n de yoga para celebrar el D\u00eda Internacional del Yoga, en Colombo, Sri Lanka, el 21 de junio de 2026. (Xinhua\/Gayan Sameera)<\/p>\n\n\n\n<figure class=\"wp-block-image\"><img decoding=\"async\" src=\"https:\/\/spanish.xinhuanet.com\/20260622\/898efa3bde554401894d8e839d9e3526\/20260622898efa3bde554401894d8e839d9e3526_20260622a532c51a56934dd68bec915ba08b106d.jpg\" alt=\"\"\/><\/figure>\n\n\n\n<p class=\"wp-block-paragraph\">BHAKTAPUR, 21 junio, 2026 (Xinhua) &#8212; Personas participan en una sesi\u00f3n de yoga para celebrar el D\u00eda Internacional del Yoga, en Bhaktapur, Nepal, el 21 de junio de 2026. (Xinhua\/Sulav Shrestha)<\/p>\n\n\n\n<figure class=\"wp-block-image\"><img decoding=\"async\" src=\"https:\/\/spanish.xinhuanet.com\/20260622\/898efa3bde554401894d8e839d9e3526\/20260622898efa3bde554401894d8e839d9e3526_202606227995c510ce9945eabd9ad9c4bab5e77e.jpg\" alt=\"\"\/><\/figure>\n\n\n\n<p class=\"wp-block-paragraph\">BHAKTAPUR, 21 junio, 2026 (Xinhua) &#8212; Personas participan en una sesi\u00f3n de yoga para celebrar el D\u00eda Internacional del Yoga, en Bhaktapur, Nepal, el 21 de junio de 2026. (Xinhua\/Sulav Shrestha)<\/p>\n\n\n\n<figure class=\"wp-block-image\"><img decoding=\"async\" src=\"https:\/\/spanish.xinhuanet.com\/20260622\/898efa3bde554401894d8e839d9e3526\/20260622898efa3bde554401894d8e839d9e3526_202606229f9146120ad34a40b43b6785ce10c3d7.jpg\" alt=\"\"\/><\/figure>\n\n\n\n<p class=\"wp-block-paragraph\">ASSAM, 21 junio, 2026 (Xinhua) &#8212; Imagen del 20 de junio de 2026 de estudiantes realizando yoga en v\u00edsperas del D\u00eda Internacional del Yoga, en el distrito de Nagaon del estado de Assam, en el noreste de India. El D\u00eda Internacional del Yoga se celebra anualmente el 21 de junio. (Xinhua\/Str)<\/p>\n\n\n\n<figure class=\"wp-block-image\"><img decoding=\"async\" src=\"https:\/\/spanish.xinhuanet.com\/20260622\/898efa3bde554401894d8e839d9e3526\/20260622898efa3bde554401894d8e839d9e3526_202606222d6673d69d824a2d984608438cfce6b6.jpg\" alt=\"\"\/><\/figure>\n\n\n\n<p class=\"wp-block-paragraph\">ASSAM, 21 junio, 2026 (Xinhua) &#8212; Imagen del 20 de junio de 2026 de estudiantes realizando yoga en v\u00edsperas del D\u00eda Internacional del Yoga, en el distrito de Nagaon del estado de Assam, en el noreste de India. El D\u00eda Internacional del Yoga se celebra anualmente el 21 de junio. (Xinhua\/Str)<\/p>\n\n\n\n<figure class=\"wp-block-image\"><img decoding=\"async\" src=\"https:\/\/spanish.xinhuanet.com\/20260622\/898efa3bde554401894d8e839d9e3526\/20260622898efa3bde554401894d8e839d9e3526_20260622a4d207e82010456cbedbd920a2691d4e.jpg\" alt=\"\"\/><\/figure>\n\n\n\n<p class=\"wp-block-paragraph\">ASSAM, 21 junio, 2026 (Xinhua) &#8212; Imagen del 20 de junio de 2026 de estudiantes realizando yoga en v\u00edsperas del D\u00eda Internacional del Yoga, en el distrito de Nagaon del estado de Assam, en el noreste de India. El D\u00eda Internacional del Yoga se celebra anualmente el 21 de junio. (Xinhua\/Str)<\/p>\n","protected":false},"excerpt":{"rendered":"<p>spanish.news.cn|&nbsp;2026-06-22 07:55:28| GIZA, 21 junio, 2026 (Xinhua) &#8212; Personas posan para una fotograf\u00eda para celebrar el D\u00eda Internacional del Yoga en el punto esc\u00e9nico de las Pir\u00e1mides de Giza, en Giza, Egipto, el 21 de junio de 2026. (Xinhua\/Ahmed Gomaa) GIZA, 21 junio, 2026 (Xinhua) &#8212; Personas participan en una sesi\u00f3n de yoga para celebrar [&hellip;]<\/p>\n","protected":false},"author":2,"featured_media":683580,"comment_status":"open","ping_status":"closed","sticky":false,"template":"","format":"standard","meta":{"footnotes":""},"categories":[36,25],"tags":[6652],"class_list":["post-683579","post","type-post","status-publish","format-standard","has-post-thumbnail","hentry","category-hombresmujeresycosas","category-gente","tag-dia-internacional-del-yoga-en-todo-el-mundo"],"_links":{"self":[{"href":"https:\/\/diariodominicano.com\/index.php?rest_route=\/wp\/v2\/posts\/683579","targetHints":{"allow":["GET"]}}],"collection":[{"href":"https:\/\/diariodominicano.com\/index.php?rest_route=\/wp\/v2\/posts"}],"about":[{"href":"https:\/\/diariodominicano.com\/index.php?rest_route=\/wp\/v2\/types\/post"}],"author":[{"embeddable":true,"href":"https:\/\/diariodominicano.com\/index.php?rest_route=\/wp\/v2\/users\/2"}],"replies":[{"embeddable":true,"href":"https:\/\/diariodominicano.com\/index.php?rest_route=%2Fwp%2Fv2%2Fcomments&post=683579"}],"version-history":[{"count":1,"href":"https:\/\/diariodominicano.com\/index.php?rest_route=\/wp\/v2\/posts\/683579\/revisions"}],"predecessor-version":[{"id":683581,"href":"https:\/\/diariodominicano.com\/index.php?rest_route=\/wp\/v2\/posts\/683579\/revisions\/683581"}],"wp:featuredmedia":[{"embeddable":true,"href":"https:\/\/diariodominicano.com\/index.php?rest_route=\/wp\/v2\/media\/683580"}],"wp:attachment":[{"href":"https:\/\/diariodominicano.com\/index.php?rest_route=%2Fwp%2Fv2%2Fmedia&parent=683579"}],"wp:term":[{"taxonomy":"category","embeddable":true,"href":"https:\/\/diariodominicano.com\/index.php?rest_route=%2Fwp%2Fv2%2Fcategories&post=683579"},{"taxonomy":"post_tag","embeddable":true,"href":"https:\/\/diariodominicano.com\/index.php?rest_route=%2Fwp%2Fv2%2Ftags&post=683579"}],"curies":[{"name":"wp","href":"https:\/\/api.w.org\/{rel}","templated":true}]}}