{"id":683448,"date":"2026-06-21T01:24:33","date_gmt":"2026-06-21T05:24:33","guid":{"rendered":"https:\/\/diariodominicano.com\/?p=683448"},"modified":"2026-06-21T01:27:24","modified_gmt":"2026-06-21T05:27:24","slug":"compartiendo-dialogos-conmigo-mismo-plegar-nuestra-vida-a-la-de-cristo","status":"publish","type":"post","link":"https:\/\/diariodominicano.com\/?p=683448","title":{"rendered":"COMPARTIENDO DI\u00c1LOGOS CONMIGO MISMO PLEGAR NUESTRA VIDA A LA DE CRISTO"},"content":{"rendered":"\n<p class=\"wp-block-paragraph\"><strong>PLEGAR NUESTRA VIDA A LA DE CRISTO<\/strong><\/p>\n\n\n\n<p class=\"wp-block-paragraph\"><strong><em>POR LOS ANDARES DE LA POES\u00cdA, SE MANIFIESTA AL SER SUPREMO: Olvidemos las cruces. Sigamos la ruta, de quien es verdad\/bondad y savia\/sabidur\u00eda. Sin desfallecer, confi\u00e9monos al Alt\u00edsimo, ante los desaf\u00edos existenciales. Lo meritorio es elevar la mirada al cielo y seguir adelante, forjando el bien con lo bueno. De lo creado nada se excluye, todo se recrea y armoniza. Regresemos a los ojos del ni\u00f1o que todos llevamos consigo, para entenderlo y poder atendernos.<\/em><\/strong><\/p>\n\n\n\n<p class=\"wp-block-paragraph\"><strong>I.- VIVIR LA FE CON VALENT\u00cdA:<\/strong><\/p>\n\n\n\n<p class=\"wp-block-paragraph\"><strong>QUE NO SE APODERE DE TI EL TEMOR<\/strong><\/p>\n\n\n\n<p class=\"wp-block-paragraph\"><a><\/a><a><\/a><a><\/a><a><\/a><a><\/a><a><\/a><a><\/a><a><\/a><a><\/a><a><\/a><a><\/a><a><\/a><a><\/a><a><\/a><a><\/a><a><\/a><a><\/a><a><\/a><a><\/a><a><\/a><a><\/a><a><\/a><a><\/a><a><\/a><a><\/a><a><\/a><a><\/a><a><\/a><a><\/a><a><\/a><a><\/a><a><\/a><a>Dej\u00e9monos interpelar cada jornada,<\/a><\/p>\n\n\n\n<p class=\"wp-block-paragraph\">hagamos silencio para escucharnos,<\/p>\n\n\n\n<p class=\"wp-block-paragraph\">vedemos la duda a no prestar o\u00eddos,<\/p>\n\n\n\n<p class=\"wp-block-paragraph\">que el recelo siempre nos esclaviza,<\/p>\n\n\n\n<p class=\"wp-block-paragraph\">y el miedo tampoco nos deja gozar.<\/p>\n\n\n\n<p class=\"wp-block-paragraph\">El fruto del encanto es la evidencia,<\/p>\n\n\n\n<p class=\"wp-block-paragraph\">fundamento de un buen ser y hacer, &nbsp;<\/p>\n\n\n\n<p class=\"wp-block-paragraph\">lo que nos ruega alianza en el vivir,<\/p>\n\n\n\n<p class=\"wp-block-paragraph\">pues la ra\u00edz de la savia es el afecto,<\/p>\n\n\n\n<p class=\"wp-block-paragraph\">y su cauce es el amar sin contextos.<\/p>\n\n\n\n<p class=\"wp-block-paragraph\">No importan los diarios del camino,<\/p>\n\n\n\n<p class=\"wp-block-paragraph\">lo que afecta es la dulzura del alma,<\/p>\n\n\n\n<p class=\"wp-block-paragraph\">su valor y su esfuerzo de desvivirse,<\/p>\n\n\n\n<p class=\"wp-block-paragraph\">por quererse y donarse a los dem\u00e1s;<\/p>\n\n\n\n<p class=\"wp-block-paragraph\">porque el darse, como la fe, redime.<\/p>\n\n\n\n<p class=\"wp-block-paragraph\"><strong>II.- EL SE\u00d1OR EST\u00c1 CON NOSOTROS:<\/strong><\/p>\n\n\n\n<p class=\"wp-block-paragraph\"><strong>QUE NO SE APODERE DE TI LO MUNDANO<\/strong><\/p>\n\n\n\n<p class=\"wp-block-paragraph\">La providencia divina nos custodia,<\/p>\n\n\n\n<p class=\"wp-block-paragraph\">cuida cada porci\u00f3n de nuestra vida,<\/p>\n\n\n\n<p class=\"wp-block-paragraph\">atiende a nuestras llamadas diarias,<\/p>\n\n\n\n<p class=\"wp-block-paragraph\">vela por nuestros afanes y desvelos,<\/p>\n\n\n\n<p class=\"wp-block-paragraph\">s\u00f3lo hay que alojarse en su palabra.<\/p>\n\n\n\n<p class=\"wp-block-paragraph\">En el Evangelio est\u00e1 nuestro deseo,<\/p>\n\n\n\n<p class=\"wp-block-paragraph\">el de sentir a Dios que nos nombra,<\/p>\n\n\n\n<p class=\"wp-block-paragraph\">que est\u00e1 a pie de obra y nos alienta,<\/p>\n\n\n\n<p class=\"wp-block-paragraph\">obrando en nosotros con esperanza,<\/p>\n\n\n\n<p class=\"wp-block-paragraph\">d\u00e1ndonos aquello que nos vivifica.<\/p>\n\n\n\n<p class=\"wp-block-paragraph\">Su acompa\u00f1amiento nos robustece,<\/p>\n\n\n\n<p class=\"wp-block-paragraph\">nos llena de luz los mil horizontes,<\/p>\n\n\n\n<p class=\"wp-block-paragraph\">nos rellena de paz nuestro interior,<\/p>\n\n\n\n<p class=\"wp-block-paragraph\">hasta volvernos hermosas baladas,<\/p>\n\n\n\n<p class=\"wp-block-paragraph\">que nos engrandecen las entretelas.<\/p>\n\n\n\n<p class=\"wp-block-paragraph\"><strong>III.- SEAMOS HERALDOS DE SOSIEGO:<\/strong><\/p>\n\n\n\n<p class=\"wp-block-paragraph\"><strong>QUE NO SE APODERE DE TI LA CONFUSI\u00d3N<\/strong><\/p>\n\n\n\n<p class=\"wp-block-paragraph\">Tomemos respiro, hagamos reposo,<\/p>\n\n\n\n<p class=\"wp-block-paragraph\">vivamos el descanso con serenidad,<\/p>\n\n\n\n<p class=\"wp-block-paragraph\">recobremos la ponderaci\u00f3n interior,<\/p>\n\n\n\n<p class=\"wp-block-paragraph\">para descubrir con mayor luminaria,<\/p>\n\n\n\n<p class=\"wp-block-paragraph\">la hermosura de los dones celestes.<\/p>\n\n\n\n<p class=\"wp-block-paragraph\">Florezcamos como gentes de verbo,<\/p>\n\n\n\n<p class=\"wp-block-paragraph\">con el verso siempre en el coraz\u00f3n,<\/p>\n\n\n\n<p class=\"wp-block-paragraph\">que es como se hace eterna poes\u00eda,<\/p>\n\n\n\n<p class=\"wp-block-paragraph\">y se deshace lo fr\u00edvolo del sendero,<\/p>\n\n\n\n<p class=\"wp-block-paragraph\">que es lo que nos ahoga y enferma.<\/p>\n\n\n\n<p class=\"wp-block-paragraph\">Seamos los mensajeros del silencio,<\/p>\n\n\n\n<p class=\"wp-block-paragraph\">y los penitentes en tenaz penitencia;<\/p>\n\n\n\n<p class=\"wp-block-paragraph\">para ser portadores de luz radiante,<\/p>\n\n\n\n<p class=\"wp-block-paragraph\">y oradores en son del santo rosario,<\/p>\n\n\n\n<p class=\"wp-block-paragraph\">como rimadores en son de amistad.<\/p>\n\n\n\n<p class=\"wp-block-paragraph\"><strong>V\u00edctor CORCOBA HERRERO<\/strong><\/p>\n\n\n\n<p class=\"wp-block-paragraph\"><strong>corcoba@telefonica.net<\/strong><\/p>\n\n\n\n<p class=\"wp-block-paragraph\"><strong>20 de junio de 2026.-<\/strong><\/p>\n","protected":false},"excerpt":{"rendered":"<p>PLEGAR NUESTRA VIDA A LA DE CRISTO POR LOS ANDARES DE LA POES\u00cdA, SE MANIFIESTA AL SER SUPREMO: Olvidemos las cruces. Sigamos la ruta, de quien es verdad\/bondad y savia\/sabidur\u00eda. Sin desfallecer, confi\u00e9monos al Alt\u00edsimo, ante los desaf\u00edos existenciales. Lo meritorio es elevar la mirada al cielo y seguir adelante, forjando el bien con lo [&hellip;]<\/p>\n","protected":false},"author":2,"featured_media":477226,"comment_status":"closed","ping_status":"closed","sticky":false,"template":"","format":"standard","meta":{"footnotes":""},"categories":[21,19],"tags":[6637],"class_list":["post-683448","post","type-post","status-publish","format-standard","has-post-thumbnail","hentry","category-cultura","category-mi-voz","tag-plegar-nuestra-vida-a-la-de-cristo"],"_links":{"self":[{"href":"https:\/\/diariodominicano.com\/index.php?rest_route=\/wp\/v2\/posts\/683448","targetHints":{"allow":["GET"]}}],"collection":[{"href":"https:\/\/diariodominicano.com\/index.php?rest_route=\/wp\/v2\/posts"}],"about":[{"href":"https:\/\/diariodominicano.com\/index.php?rest_route=\/wp\/v2\/types\/post"}],"author":[{"embeddable":true,"href":"https:\/\/diariodominicano.com\/index.php?rest_route=\/wp\/v2\/users\/2"}],"replies":[{"embeddable":true,"href":"https:\/\/diariodominicano.com\/index.php?rest_route=%2Fwp%2Fv2%2Fcomments&post=683448"}],"version-history":[{"count":1,"href":"https:\/\/diariodominicano.com\/index.php?rest_route=\/wp\/v2\/posts\/683448\/revisions"}],"predecessor-version":[{"id":683451,"href":"https:\/\/diariodominicano.com\/index.php?rest_route=\/wp\/v2\/posts\/683448\/revisions\/683451"}],"wp:featuredmedia":[{"embeddable":true,"href":"https:\/\/diariodominicano.com\/index.php?rest_route=\/wp\/v2\/media\/477226"}],"wp:attachment":[{"href":"https:\/\/diariodominicano.com\/index.php?rest_route=%2Fwp%2Fv2%2Fmedia&parent=683448"}],"wp:term":[{"taxonomy":"category","embeddable":true,"href":"https:\/\/diariodominicano.com\/index.php?rest_route=%2Fwp%2Fv2%2Fcategories&post=683448"},{"taxonomy":"post_tag","embeddable":true,"href":"https:\/\/diariodominicano.com\/index.php?rest_route=%2Fwp%2Fv2%2Ftags&post=683448"}],"curies":[{"name":"wp","href":"https:\/\/api.w.org\/{rel}","templated":true}]}}