{"id":683401,"date":"2026-06-20T11:37:01","date_gmt":"2026-06-20T15:37:01","guid":{"rendered":"https:\/\/diariodominicano.com\/?p=683401"},"modified":"2026-06-21T01:33:18","modified_gmt":"2026-06-21T05:33:18","slug":"todos-a-votar-por-adriano-espaillat-este-martes-23-de-junio","status":"publish","type":"post","link":"https:\/\/diariodominicano.com\/?p=683401","title":{"rendered":"Todos a Votar por Adriano Espaillat este martes 23 de junio"},"content":{"rendered":"\n<p class=\"wp-block-paragraph\">Por: Am\u00edn Cruz<\/p>\n\n\n\n<p class=\"wp-block-paragraph\"><strong><em>\u201cEl pol\u00edtico debe servir a su sociedad con amor, pasi\u00f3n, honestidad e integraci\u00f3n\u201d, Dr. Amin Cruz<\/em><\/strong><\/p>\n\n\n\n<figure class=\"wp-block-image size-large\"><img loading=\"lazy\" decoding=\"async\" width=\"813\" height=\"1024\" src=\"https:\/\/diariodominicano.com\/wp-content\/uploads\/2026\/06\/Adriano000-813x1024.jpg\" alt=\"\" class=\"wp-image-683404\" srcset=\"https:\/\/diariodominicano.com\/wp-content\/uploads\/2026\/06\/Adriano000-813x1024.jpg 813w, https:\/\/diariodominicano.com\/wp-content\/uploads\/2026\/06\/Adriano000-238x300.jpg 238w, https:\/\/diariodominicano.com\/wp-content\/uploads\/2026\/06\/Adriano000-768x967.jpg 768w, https:\/\/diariodominicano.com\/wp-content\/uploads\/2026\/06\/Adriano000-1220x1536.jpg 1220w, https:\/\/diariodominicano.com\/wp-content\/uploads\/2026\/06\/Adriano000-816x1027.jpg 816w, https:\/\/diariodominicano.com\/wp-content\/uploads\/2026\/06\/Adriano000.jpg 1271w\" sizes=\"auto, (max-width: 813px) 100vw, 813px\" \/><\/figure>\n\n\n\n<p class=\"wp-block-paragraph\">Nueva York. &#8211; El pr\u00f3ximo 23 de junio, los residentes del Distrito Congresual 13 de Nueva York tienen una cita trascendental con la democracia. Ese d\u00eda, nuestra comunidad tendr\u00e1 la oportunidad de reafirmar su respaldo al congresista Adriano Espaillat, quien busca continuar representando dignamente a millones de ciudadanos desde el Congreso de los Estados Unidos en Washington, D.C.<\/p>\n\n\n\n<figure class=\"wp-block-image size-large\"><img loading=\"lazy\" decoding=\"async\" width=\"1024\" height=\"576\" src=\"https:\/\/diariodominicano.com\/wp-content\/uploads\/2026\/06\/A-driano2-1024x576.jpg\" alt=\"\" class=\"wp-image-683402\" srcset=\"https:\/\/diariodominicano.com\/wp-content\/uploads\/2026\/06\/A-driano2-1024x576.jpg 1024w, https:\/\/diariodominicano.com\/wp-content\/uploads\/2026\/06\/A-driano2-300x169.jpg 300w, https:\/\/diariodominicano.com\/wp-content\/uploads\/2026\/06\/A-driano2-768x432.jpg 768w, https:\/\/diariodominicano.com\/wp-content\/uploads\/2026\/06\/A-driano2-1536x864.jpg 1536w, https:\/\/diariodominicano.com\/wp-content\/uploads\/2026\/06\/A-driano2-816x459.jpg 816w, https:\/\/diariodominicano.com\/wp-content\/uploads\/2026\/06\/A-driano2.jpg 2016w\" sizes=\"auto, (max-width: 1024px) 100vw, 1024px\" \/><\/figure>\n\n\n\n<p class=\"wp-block-paragraph\">Vivimos tiempos complejos y desafiantes. La naci\u00f3n enfrenta profundos retos y desaf\u00edos econ\u00f3micos, sociales, migratorios y pol\u00edticos que demandan liderazgo, experiencia, capacidad de di\u00e1logo y firmeza en la defensa de los intereses de las comunidades m\u00e1s vulnerables. Por ello, hoy m\u00e1s que nunca se necesita en el Congreso una voz con trayectoria, compromiso y conocimiento de las realidades que afectan a nuestra gente.<\/p>\n\n\n\n<p class=\"wp-block-paragraph\">Adriano Espaillat ha demostrado durante m\u00e1s de tres d\u00e9cadas de servicio p\u00fablico una dedicaci\u00f3n constante a favor de los trabajadores, los inmigrantes, los estudiantes, los envejecientes, las familias de clase media y las comunidades hist\u00f3ricamente marginadas. Su presencia en el Congreso representa la continuidad de una lucha permanente por la justicia social, la igualdad de oportunidades y la defensa de los derechos humanos.<\/p>\n\n\n\n<p class=\"wp-block-paragraph\">El Congreso Hispanoamericano de Prensa (CHP), el Congreso Mundial de Prensa (CMP), la Organizaci\u00f3n de las Naciones Unidas para la Salud Natural (ONUSANA), el Congreso Mundial de Arte y Cultura (COMAC), el Congreso Mundial del Medio Ambiente (COMMA), el Congreso Mundial de Ecoturismo (COMETUR), el Congreso Mundial de la Mujer (CMM) y el Congreso Mundial de Cooperativismo (COMUCO), sin responder a intereses partidistas, se unen a la voz de miles de ciudadanos que reconocen la importancia de mantener una representaci\u00f3n s\u00f3lida y comprometida en el Congreso de los Estados Unidos en defensa de nuestra comunidad.<\/p>\n\n\n\n<p class=\"wp-block-paragraph\">Como instituciones de servicio social, educativo, cultural y period\u00edstico, hemos trabajado durante d\u00e9cadas promoviendo el bienestar com\u00fan, la libertad de prensa, la educaci\u00f3n, la cultura de paz, el desarrollo sostenible y la defensa de los sectores m\u00e1s necesitados. Nuestra misi\u00f3n ha sido siempre servir a la comunidad con honestidad, responsabilidad y sentido humano.<\/p>\n\n\n\n<p class=\"wp-block-paragraph\">Quien suscribe estas l\u00edneas ha sido testigo directo del crecimiento pol\u00edtico y humano de Adriano Espaillat. Desde sus primeras campa\u00f1as electorales, como periodista al frente del peri\u00f3dico \u201c<strong><em>Eco Latino\u201d<\/em><\/strong>, ofrecimos nuestro servicio y apoyo voluntariamente como encargado de prensa, junto al destacado empresario Lic. Jaime Vargas, apoyamos su candidatura y desde entonces hemos observado su compromiso permanente con nuestra comunidad.<\/p>\n\n\n\n<p class=\"wp-block-paragraph\">Asimismo, valoramos profundamente el respaldo que el congresista ha brindado a numerosos eventos acad\u00e9micos, culturales y period\u00edsticos organizados por nuestras instituciones en prestigiosos escenarios como Columbia University, City College of New York, Lehman College, Hostos Community College, Bronx Community College y el emblem\u00e1tico edificio de las Naciones Unidas (ONU), donde su presencia ha sido una muestra constante de apoyo a la educaci\u00f3n, la cultura y la libertad de expresi\u00f3n.<\/p>\n\n\n\n<p class=\"wp-block-paragraph\">Hoy, nuestras organizaciones levantan su voz para expresar solidaridad y respaldo a quien ha sido un aliado permanente de las comunidades inmigrantes y trabajadoras. Hacemos un llamado a toda nuestra membres\u00eda, colaboradores, amigos y simpatizantes para que participen activamente en el proceso electoral y expresen su apoyo al congresista Adriano Espaillat.<\/p>\n\n\n\n<p class=\"wp-block-paragraph\">La importancia de esta elecci\u00f3n trasciende una simple contienda electoral. El pa\u00eds atraviesa momentos de profundas divisiones pol\u00edticas e incertidumbre social. Millones de familias contin\u00faan enfrentando desaf\u00edos relacionados con el costo de vida, la vivienda, la atenci\u00f3n m\u00e9dica, la educaci\u00f3n, la seguridad econ\u00f3mica y las pol\u00edticas migratorias que afectan directamente a miles de trabajadores y sus familias.<\/p>\n\n\n\n<p class=\"wp-block-paragraph\">En este contexto, resulta fundamental fortalecer la representaci\u00f3n de l\u00edderes comprometidos con la defensa de los derechos civiles, la justicia social y la protecci\u00f3n de las comunidades m\u00e1s vulnerables. La participaci\u00f3n ciudadana constituye una herramienta esencial para preservar los valores democr\u00e1ticos y garantizar que las voces de nuestras comunidades contin\u00faen siendo escuchadas en los m\u00e1s altos niveles de gobierno.<\/p>\n\n\n\n<p class=\"wp-block-paragraph\">Por ello, exhortamos a todos los residentes del Distrito Congresual 13 a ejercer su derecho al voto este pr\u00f3ximo 23 de junio. Su participaci\u00f3n es fundamental para el fortalecimiento de nuestra democracia y para asegurar que las necesidades y aspiraciones de nuestras comunidades sigan teniendo representaci\u00f3n efectiva en Washington.<\/p>\n\n\n\n<p class=\"wp-block-paragraph\">El Distrito Congresual 13 comprende importantes sectores de Manhattan y el Bronx, incluyendo Harlem, East Harlem, West Harlem, Hamilton Heights, Washington Heights, Inwood, Marble Hill y el noroeste del Bronx. En cada uno de estos barrios vive una poblaci\u00f3n diversa, trabajadora y comprometida con el progreso de nuestra ciudad y de nuestra naci\u00f3n.<\/p>\n\n\n\n<p class=\"wp-block-paragraph\">Recordemos las palabras del&nbsp;<strong>Dr. Martin Luther King Jr<\/strong>.:&nbsp;<strong><em>\u00abLo preocupante no es la perversidad de los malos, sino la indiferencia de los buenos.\u00bb<\/em><\/strong><\/p>\n\n\n\n<p class=\"wp-block-paragraph\">Y tambi\u00e9n la hist\u00f3rica reflexi\u00f3n del presidente&nbsp;<strong>John F. Kennedy:&nbsp;<em>\u00abNo preguntes qu\u00e9 puede hacer tu pa\u00eds por ti; pregunta qu\u00e9 puedes hacer t\u00fa por t\u00fa pa\u00eds.\u00bb<\/em><\/strong><\/p>\n\n\n\n<p class=\"wp-block-paragraph\">La democracia no se fortalece con la indiferencia, sino con la participaci\u00f3n. Cada voto cuenta. Cada ciudadano tiene la oportunidad de contribuir al futuro de su comunidad y de su pa\u00eds. Este 23 de junio, participemos, hagamos escuchar nuestra voz y cumplamos con nuestro deber c\u00edvico.<\/p>\n\n\n\n<p class=\"wp-block-paragraph\"><strong>\u00a1Todas y todos a votar por Adriano Espaillat!!!<\/strong><\/p>\n\n\n\n<p class=\"wp-block-paragraph\">Dr. Am\u00edn Cruz, CEO, presidente y fundador del Congreso Hispanoamericano de Prensa y del Congreso Mundial de Prensa; Padre Embajador del Periodismo Hispanoamericano y Latinoamericano, diplom\u00e1tico, periodista, historiador, escritor y educador.<\/p>\n\n\n\n<p class=\"wp-block-paragraph\">Libre Press<\/p>\n\n\n\n<p class=\"wp-block-paragraph\"><a target=\"_blank\" href=\"mailto:libropress@gmail.com\" rel=\"noreferrer noopener\">libropress@gmail.com<\/a><\/p>\n","protected":false},"excerpt":{"rendered":"<p>Por: Am\u00edn Cruz \u201cEl pol\u00edtico debe servir a su sociedad con amor, pasi\u00f3n, honestidad e integraci\u00f3n\u201d, Dr. Amin Cruz Nueva York. &#8211; El pr\u00f3ximo 23 de junio, los residentes del Distrito Congresual 13 de Nueva York tienen una cita trascendental con la democracia. Ese d\u00eda, nuestra comunidad tendr\u00e1 la oportunidad de reafirmar su respaldo al [&hellip;]<\/p>\n","protected":false},"author":2,"featured_media":683402,"comment_status":"open","ping_status":"closed","sticky":false,"template":"","format":"standard","meta":{"footnotes":""},"categories":[36,23,22,27],"tags":[4947],"class_list":["post-683401","post","type-post","status-publish","format-standard","has-post-thumbnail","hentry","category-hombresmujeresycosas","category-internacional","category-politica","category-portada","tag-adriano-espaillat"],"_links":{"self":[{"href":"https:\/\/diariodominicano.com\/index.php?rest_route=\/wp\/v2\/posts\/683401","targetHints":{"allow":["GET"]}}],"collection":[{"href":"https:\/\/diariodominicano.com\/index.php?rest_route=\/wp\/v2\/posts"}],"about":[{"href":"https:\/\/diariodominicano.com\/index.php?rest_route=\/wp\/v2\/types\/post"}],"author":[{"embeddable":true,"href":"https:\/\/diariodominicano.com\/index.php?rest_route=\/wp\/v2\/users\/2"}],"replies":[{"embeddable":true,"href":"https:\/\/diariodominicano.com\/index.php?rest_route=%2Fwp%2Fv2%2Fcomments&post=683401"}],"version-history":[{"count":3,"href":"https:\/\/diariodominicano.com\/index.php?rest_route=\/wp\/v2\/posts\/683401\/revisions"}],"predecessor-version":[{"id":683407,"href":"https:\/\/diariodominicano.com\/index.php?rest_route=\/wp\/v2\/posts\/683401\/revisions\/683407"}],"wp:featuredmedia":[{"embeddable":true,"href":"https:\/\/diariodominicano.com\/index.php?rest_route=\/wp\/v2\/media\/683402"}],"wp:attachment":[{"href":"https:\/\/diariodominicano.com\/index.php?rest_route=%2Fwp%2Fv2%2Fmedia&parent=683401"}],"wp:term":[{"taxonomy":"category","embeddable":true,"href":"https:\/\/diariodominicano.com\/index.php?rest_route=%2Fwp%2Fv2%2Fcategories&post=683401"},{"taxonomy":"post_tag","embeddable":true,"href":"https:\/\/diariodominicano.com\/index.php?rest_route=%2Fwp%2Fv2%2Ftags&post=683401"}],"curies":[{"name":"wp","href":"https:\/\/api.w.org\/{rel}","templated":true}]}}