{"id":683385,"date":"2026-06-20T11:21:01","date_gmt":"2026-06-20T15:21:01","guid":{"rendered":"https:\/\/diariodominicano.com\/?p=683385"},"modified":"2026-06-20T11:25:01","modified_gmt":"2026-06-20T15:25:01","slug":"la-vejez-en-riesgo-la-violencia-que-el-mundo-calla","status":"publish","type":"post","link":"https:\/\/diariodominicano.com\/?p=683385","title":{"rendered":"La Vejez en Riesgo: La Violencia que el Mundo Calla"},"content":{"rendered":"\n<p class=\"wp-block-paragraph\">Por Araceli Aguilar Salgado<\/p>\n\n\n\n<p class=\"wp-block-paragraph\"><strong><em>\u00abEl respeto a los derechos humanos no admite edad.\u00bb &nbsp;Eleanor Roosevelt<\/em><\/strong><\/p>\n\n\n\n<figure class=\"wp-block-image size-full\"><img loading=\"lazy\" decoding=\"async\" width=\"547\" height=\"365\" src=\"https:\/\/diariodominicano.com\/wp-content\/uploads\/2026\/06\/vejez-11.jpg\" alt=\"\" class=\"wp-image-683390\" srcset=\"https:\/\/diariodominicano.com\/wp-content\/uploads\/2026\/06\/vejez-11.jpg 547w, https:\/\/diariodominicano.com\/wp-content\/uploads\/2026\/06\/vejez-11-300x200.jpg 300w\" sizes=\"auto, (max-width: 547px) 100vw, 547px\" \/><\/figure>\n\n\n\n<p class=\"wp-block-paragraph\">La violencia contra las personas mayores es una herida abierta que nuestras sociedades prefieren ocultar. No se trata de un problema marginal ni de una cuesti\u00f3n privada: es una crisis \u00e9tica global que revela la fragilidad de nuestra solidaridad intergeneracional.<\/p>\n\n\n\n<figure class=\"wp-block-image size-full\"><img loading=\"lazy\" decoding=\"async\" width=\"723\" height=\"423\" src=\"https:\/\/diariodominicano.com\/wp-content\/uploads\/2026\/06\/vejez-10.jpg\" alt=\"\" class=\"wp-image-683388\" srcset=\"https:\/\/diariodominicano.com\/wp-content\/uploads\/2026\/06\/vejez-10.jpg 723w, https:\/\/diariodominicano.com\/wp-content\/uploads\/2026\/06\/vejez-10-300x176.jpg 300w\" sizes=\"auto, (max-width: 723px) 100vw, 723px\" \/><\/figure>\n\n\n\n<p class=\"wp-block-paragraph\">Cada 15 de junio, el mundo recuerda el&nbsp;<strong>D\u00eda Mundial de Toma de Conciencia del Abuso y Maltrato en la Vejez<\/strong>. Sin embargo, m\u00e1s all\u00e1 de los discursos oficiales, millones de adultos mayores siguen siendo v\u00edctimas de abusos f\u00edsicos, psicol\u00f3gicos, financieros y sociales. El silencio que rodea esta problem\u00e1tica es tan grave como la violencia misma: invisibiliza el sufrimiento y perpet\u00faa la impunidad.<\/p>\n\n\n\n<p class=\"wp-block-paragraph\">Los datos son alarmantes: uno de cada seis adultos mayores ha sufrido alg\u00fan tipo de abuso, y en instituciones de cuidado m\u00e1s de la mitad del personal reconoce haber ejercido maltrato. Estas cifras deber\u00edan escandalizar a cualquier sociedad que se precie de respetar los derechos humanos. Pero la indiferencia persiste, alimentada por la discriminaci\u00f3n por edad y por sistemas de salud y asistencia social debilitados.<\/p>\n\n\n\n<figure class=\"wp-block-image size-full\"><img loading=\"lazy\" decoding=\"async\" width=\"300\" height=\"168\" src=\"https:\/\/diariodominicano.com\/wp-content\/uploads\/2026\/06\/salud-6.jpg\" alt=\"\" class=\"wp-image-683393\"\/><\/figure>\n\n\n\n<p class=\"wp-block-paragraph\">La violencia contra los mayores no ocurre en el vac\u00edo. Se nutre de prejuicios, de la obsesi\u00f3n por la juventud y la productividad, y de pol\u00edticas p\u00fablicas que relegan la vejez a un segundo plano. El resultado es devastador: depresi\u00f3n, p\u00e9rdida de autonom\u00eda, institucionalizaci\u00f3n forzada e incluso muerte prematura.<\/p>\n\n\n\n<p class=\"wp-block-paragraph\">El impacto trasciende lo individual. Las familias cargan con el peso emocional y financiero, mientras los Estados enfrentan sistemas de salud y asistencia social cada vez m\u00e1s presionados. El maltrato hacia los adultos mayores, por tanto, no es un asunto privado: es una amenaza para la cohesi\u00f3n social y la sostenibilidad de los sistemas de bienestar.<\/p>\n\n\n\n<p class=\"wp-block-paragraph\">La comunidad internacional ha comenzado a reaccionar. La&nbsp;<strong>ONU y la OMS<\/strong>&nbsp;han instado a los Estados a tipificar el maltrato como delito y a fortalecer los mecanismos de prevenci\u00f3n. El&nbsp;<strong>Plan de Envejecimiento y Salud 2016<\/strong>&nbsp;propone un enfoque integral que combina cuidados de calidad, capacitaci\u00f3n y entornos seguros. Pero estas iniciativas solo tendr\u00e1n impacto si los gobiernos las asumen como prioridad y si las sociedades rompen el silencio que perpet\u00faa la impunidad.<\/p>\n\n\n\n<p class=\"wp-block-paragraph\">La forma en que tratamos a nuestros mayores define el tipo de humanidad que queremos construir. No podemos permitir que la \u00faltima etapa de la vida se viva en silencio y dolor. Urge un compromiso global que coloque a la vejez en el centro de las agendas de derechos humanos, reconociendo que proteger a los mayores es proteger la memoria, la experiencia y la dignidad de nuestras comunidades.<strong><\/strong><\/p>\n\n\n\n<p class=\"wp-block-paragraph\"><strong>\u00abLa justicia social comienza en el respeto a quienes nos precedieron.\u00bb<\/strong><strong>&nbsp;&nbsp;Paulo Freire<\/strong><\/p>\n\n\n\n<p class=\"wp-block-paragraph\"><strong>Araceli Aguilar Salgado<\/strong>&nbsp;Periodista, Abogada, Ingeniera, Escritora, Analista y comentarista mexicana Chilpancingo de los Bravo, Estado de Guerrero E-mail:&nbsp;<a href=\"mailto:periodistaaaguilar@gmail.com\" target=\"_blank\" rel=\"noreferrer noopener\">periodistaaaguilar@gmail.com<\/a><\/p>\n","protected":false},"excerpt":{"rendered":"<p>Por Araceli Aguilar Salgado \u00abEl respeto a los derechos humanos no admite edad.\u00bb &nbsp;Eleanor Roosevelt La violencia contra las personas mayores es una herida abierta que nuestras sociedades prefieren ocultar. No se trata de un problema marginal ni de una cuesti\u00f3n privada: es una crisis \u00e9tica global que revela la fragilidad de nuestra solidaridad intergeneracional. [&hellip;]<\/p>\n","protected":false},"author":2,"featured_media":683386,"comment_status":"open","ping_status":"closed","sticky":false,"template":"","format":"standard","meta":{"footnotes":""},"categories":[36,25,19,27],"tags":[6630],"class_list":["post-683385","post","type-post","status-publish","format-standard","has-post-thumbnail","hentry","category-hombresmujeresycosas","category-gente","category-mi-voz","category-portada","tag-la-vejez-en-riesgo"],"_links":{"self":[{"href":"https:\/\/diariodominicano.com\/index.php?rest_route=\/wp\/v2\/posts\/683385","targetHints":{"allow":["GET"]}}],"collection":[{"href":"https:\/\/diariodominicano.com\/index.php?rest_route=\/wp\/v2\/posts"}],"about":[{"href":"https:\/\/diariodominicano.com\/index.php?rest_route=\/wp\/v2\/types\/post"}],"author":[{"embeddable":true,"href":"https:\/\/diariodominicano.com\/index.php?rest_route=\/wp\/v2\/users\/2"}],"replies":[{"embeddable":true,"href":"https:\/\/diariodominicano.com\/index.php?rest_route=%2Fwp%2Fv2%2Fcomments&post=683385"}],"version-history":[{"count":4,"href":"https:\/\/diariodominicano.com\/index.php?rest_route=\/wp\/v2\/posts\/683385\/revisions"}],"predecessor-version":[{"id":683394,"href":"https:\/\/diariodominicano.com\/index.php?rest_route=\/wp\/v2\/posts\/683385\/revisions\/683394"}],"wp:featuredmedia":[{"embeddable":true,"href":"https:\/\/diariodominicano.com\/index.php?rest_route=\/wp\/v2\/media\/683386"}],"wp:attachment":[{"href":"https:\/\/diariodominicano.com\/index.php?rest_route=%2Fwp%2Fv2%2Fmedia&parent=683385"}],"wp:term":[{"taxonomy":"category","embeddable":true,"href":"https:\/\/diariodominicano.com\/index.php?rest_route=%2Fwp%2Fv2%2Fcategories&post=683385"},{"taxonomy":"post_tag","embeddable":true,"href":"https:\/\/diariodominicano.com\/index.php?rest_route=%2Fwp%2Fv2%2Ftags&post=683385"}],"curies":[{"name":"wp","href":"https:\/\/api.w.org\/{rel}","templated":true}]}}