{"id":683281,"date":"2026-06-19T23:52:00","date_gmt":"2026-06-20T03:52:00","guid":{"rendered":"https:\/\/diariodominicano.com\/?p=683281"},"modified":"2026-06-19T23:59:42","modified_gmt":"2026-06-20T03:59:42","slug":"olegario-tenares-de-jesus-un-municipio-lleva-su-nombre","status":"publish","type":"post","link":"https:\/\/diariodominicano.com\/?p=683281","title":{"rendered":"Olegario Tenares De Jes\u00fas, un municipio lleva su nombre\u00a0"},"content":{"rendered":"\n<p class=\"wp-block-paragraph\"><strong>Por Te\u00f3filo Lappot Robles&nbsp;<\/strong><\/p>\n\n\n\n<p class=\"wp-block-paragraph\">Olegario Tenares de Jes\u00fas fue un humilde campesino, nacido el 7 de marzo&nbsp; del 1822 en el caser\u00edo Yaiba, del poblado de Castillo. Al proclamarse la Independencia Nacional, siendo veintea\u00f1ero, ingres\u00f3 al ej\u00e9rcito dominicano. Se estren\u00f3 de inmediato combatiendo al enemigo que pretend\u00eda anular la reci\u00e9n adquirida soberan\u00eda&nbsp; dominicana.&nbsp;<\/p>\n\n\n\n<p class=\"wp-block-paragraph\">Particip\u00f3 activamente en la batalla del 30 de marzo de 1844, en la ciudad de Santiago, donde los invasores haitianos, encabezados por el general Jean-Lois Pierrot, masticaron el polvo de la derrota.<\/p>\n\n\n\n<p class=\"wp-block-paragraph\">Sigui\u00f3 activo ante los ataques de los rencorosos vecinos del lado oeste de la isla. Su perseverancia merece reverencia. Doce a\u00f1os despu\u00e9s de lo ocurrido en la principal urbe cibae\u00f1a&nbsp; Olegario Tenares de Jes\u00fas figura con un papel importante entre los oficiales que bajo las \u00f3rdenes del general Juan Luis Franco Bid\u00f3 triunfaron en las batallas de Sabana Larga y J\u00e1cuba, libradas el 24 de enero de 1856 en campos de Dajab\u00f3n y Puerto Plata, respectivamente. Fue el jaque mate a las pretensiones del emperador haitiano Faustino Soulouque.<\/p>\n\n\n\n<p class=\"wp-block-paragraph\">Horas despu\u00e9s de la abominable anexi\u00f3n a Espa\u00f1a \u00e9l, junto a otros valientes patriotas, decidieron enfrentar a los ocupantes, advirti\u00e9ndole al jefe militar en San Francisco de Macor\u00eds que no iban aceptar esa afrenta a la dignidad nacional. En esa ocasi\u00f3n fue encarcelado y maltratado, pero eso no redujo&nbsp; su coraje.<\/p>\n\n\n\n<p class=\"wp-block-paragraph\">Meses despu\u00e9s, el 30 de agosto de 1863, Olegario Tenares de Jes\u00fas, en compa\u00f1\u00eda de los valientes Santiago Mota, Manuel M. Castillo, Cayetano de la Cruz y otros restauradores se presentaron frente a la fortaleza militar de la referida ciudad nordestana, amenazando al general Juan Esteban Ariza, anexionista dominicano, de que se producir\u00edan hechos violentos cuya responsabilidad hist\u00f3rica \u00e9l ser\u00eda responsable ante la historia.&nbsp;<\/p>\n\n\n\n<p class=\"wp-block-paragraph\">Ariza, persuadido de la firme decisi\u00f3n de los restauradores, y ante la inminencia de un derramamiento de sangre, abandon\u00f3 con sus tropas el lugar. De inmediato los patriotas arriaron la bandera espa\u00f1ola e izaron el lienzo tricolor, declarando liberado ese territorio y zonas aleda\u00f1as.&nbsp;&nbsp;&nbsp;<\/p>\n\n\n\n<p class=\"wp-block-paragraph\">Esa acci\u00f3n era el inicio de varias batallas libradas por Olegario Tenares de Jes\u00fas en defensa de la libertad de la Rep\u00fablica Dominicana, que hab\u00eda sido entregada por el general Pedro Santana y sus m\u00e1s cercanos secuaces a Espa\u00f1a.<\/p>\n\n\n\n<p class=\"wp-block-paragraph\">Cuando se instal\u00f3 provisionalmente el gobierno restaurador en la ciudad de Santiago de los Caballeros, el 14 de septiembre de 1863, una de sus primeras decisiones fue emitir un decreto para \u201cponer fuera de la ley\u201d a Santana, con \u00f3rdenes de que cualquier oficial que lo tuviera a su vista \u201clo pasara por las armas\u201d.<\/p>\n\n\n\n<p class=\"wp-block-paragraph\">Frente a ese mandato el general Gregorio Luper\u00f3n imparti\u00f3 \u00f3rdenes a los oficiales m\u00e1s aguerridos y comprometidos con la lucha restauradora. En esa condici\u00f3n dispuso, entre otras cosas, lo siguiente: \u201cal coronel Olegario Tenares con una fuerza a ocupar Maluco, cerca de Boy\u00e1\u201d. (Notas autobiogr\u00e1ficas y apuntes hist\u00f3ricos. Tomo I. Editora Santo Domingo, 1974.P130. Gral. Gregorio Luper\u00f3n).<\/p>\n\n\n\n<p class=\"wp-block-paragraph\">Se sab\u00eda que Santana se mov\u00eda con varios batallones por esos lugares, pues ten\u00eda su campamento establecido en Guanuma. Es evidente que Luper\u00f3n tom\u00f3 esa decisi\u00f3n al observar la actitud resuelta del coronel Tenares, quien en los hechos demostr\u00f3 desde el principio de los enfrentamientos que estaba dispuesto a ofrendar su sangre en defensa de la restauraci\u00f3n de la soberan\u00eda nacional.<\/p>\n\n\n\n<p class=\"wp-block-paragraph\">En los registros de nuestra historia consta que Olegario Tenares de Jes\u00fas particip\u00f3 en la importante batalla del Sill\u00f3n de la Viuda, en la cordillera Septentrional, dirigida triunfalmente por el lado restaurador por el general veintea\u00f1ero Luper\u00f3n entre el 30 de septiembre y el 1 de octubre de 1863.<\/p>\n\n\n\n<p class=\"wp-block-paragraph\">Despu\u00e9s de otro triunfo de los restauradores en el pueblo de Bayaguana, y cuando ya hab\u00edan seguido para otras aldeas de la zona oriental del pa\u00eds, los espa\u00f1oles volvieron por la ruta del salto de Comate y se estacionaron all\u00ed. Ante esa situaci\u00f3n, en otro gesto de gran responsabilidad dominicanista, fue necesario darles una nueva lecci\u00f3n a los intrusos: \u201cGracias a los valientes coroneles Olegario Tenares, Enrique Favard y otros bravos oficiales, se rechaz\u00f3 a los espa\u00f1oles y se volvi\u00f3 a ocupar el pueblo\u201d. (Ib\u00eddem. P229).<\/p>\n\n\n\n<p class=\"wp-block-paragraph\">En otro hecho de la guerra restauradora el general Gregorio Luper\u00f3n, conociendo la pericia y valent\u00eda de uno de los oficiales troperos de su mayor confianza, \u201corden\u00f3 al coronel Olegario Tenares, jefe del Cant\u00f3n de Maluco que avanzara a Boy\u00e1 y amenazara a Monte Plata\u201d. (Historia de la Restauraci\u00f3n. Editora Taller, edici\u00f3n 1986.P196. Pedro M. Archambault).<\/p>\n\n\n\n<p class=\"wp-block-paragraph\">Olegario Tenares de Jes\u00fas derrot\u00f3 y mat\u00f3 en un descampado cercano a un desfiladero, en Monte Plata, al temible y valiente general dominicano Juan Contreras, que era el jefe de operaciones de los anexionistas en esa \u00e1rea de la geograf\u00eda nacional. Las tropas de este fueron perseguidas y derrotadas en las proximidades de la mencionada aldea de Boy\u00e1.<\/p>\n\n\n\n<p class=\"wp-block-paragraph\">Un p\u00e1rrafo atribuido a Luper\u00f3n, con el estilo inconfundible del poeta y restaurador Manuel Rodr\u00edguez Obj\u00edo, describe los momentos finales de Contreras as\u00ed: \u201c\u2026los patriotas persegu\u00edan con impetuosidad la columna cuando Contreras, que era el \u00faltimo que iba detr\u00e1s de los suyos, oy\u00f3 la voz furiosa del coronel Olegario Tenares que le gritaba desafi\u00e1ndolo. Entonces Contreras se apea de la mula y con la espada desenvainada, avanza solo, y muere desesperado como un h\u00e9roe\u201d.<\/p>\n\n\n\n<p class=\"wp-block-paragraph\">Olegario Tenares de Jes\u00fas, en calidad de asistente especial del general Luper\u00f3n, particip\u00f3 el 19 de marzo de 1864 en la famosa batalla del Paso del Muerto, frente al r\u00edo Yabacao, a su paso por la comunidad de Guerra. En aquel escenario b\u00e9lico fueron derrotados una vez m\u00e1s&nbsp; los anexionistas. Fue en ese lugar que perdi\u00f3 la vida el anexionista dominicano general Juan Suero Carmona, apodado El Cid Negro por los jefes espa\u00f1oles general&nbsp; Manuel Buceta y coronel Manuel Cappa.<\/p>\n\n\n\n<p class=\"wp-block-paragraph\">Luego de varias victorias en serie los restauradores decidieron arrebatarles a los espa\u00f1oles el poblado de Los Llanos, en ese intento fue herido de tres balazos el coronel Olegario Tenares de Jes\u00fas. Eso en vez de atemorizarlo aviv\u00f3 m\u00e1s su esp\u00edritu valiente.<\/p>\n\n\n\n<p class=\"wp-block-paragraph\">El m\u00e1s sobresaliente (nota: excepto para Juan Bosch que exalta m\u00e1s a Gaspar Polanco) de los l\u00edderes militares de la Guerra de Restauraci\u00f3n, general Gregorio Luper\u00f3n, en sus notas sobre esa epopeya quiso \u201csacar de las profundas tinieblas del olvido a muchos benem\u00e9ritos patriotas que deben resplandecer enaltecidos en los anales de nuestra historia\u201d. En esa lista de adalides dominicanos resalt\u00f3 a Olegario Tenares. (Ib\u00eddem. Tomo III. PP408 y 409).<\/p>\n\n\n\n<p class=\"wp-block-paragraph\">Cuando termin\u00f3 la Guerra de Restauraci\u00f3n se dedic\u00f3 a la pol\u00edtica. Eran momentos de las convulsiones de la Segunda Rep\u00fablica. En eso Olegario Tenares de Jes\u00fas se adelant\u00f3 por mucho al fil\u00f3sofo Jos\u00e9 Ortega y Gasset quien plante\u00f3 en el 1914, en su primer libro, titulado Meditaciones del Quijote, que dio origen a su visi\u00f3n filos\u00f3fica sobre la responsabilidad personal: \u201c Yo soy yo y mi circunstancia, y si no la salvo a ella no me salvo yo\u201d.<\/p>\n\n\n\n<p class=\"wp-block-paragraph\">El presidente de la Rep\u00fablica Ulises Francisco Espaillat, en reconocimiento de sus m\u00e9ritos patri\u00f3ticos lo design\u00f3 en su breve gobierno como gobernador de La Vega, que entonces cubr\u00eda un vasto territorio del Cibao; pero luego se convirti\u00f3 en&nbsp; baecista, sirviendo funciones en el tr\u00e1gico gobierno llamado de los 6 a\u00f1os, es decir, que Olegario Tenares se mantuvo en el radar de la pol\u00edtica criolla hasta el final de su vida.<\/p>\n\n\n\n<p class=\"wp-block-paragraph\">Falleci\u00f3 en su pueblo natal, Castillo, en el 1908, con su indumentaria militar. All\u00ed la parca lo encontr\u00f3 como jefe de ese Cant\u00f3n.<\/p>\n\n\n\n<p class=\"wp-block-paragraph\">Un municipio, dentro de la provincia Hermanas Mirabal, lleva su nombre. En la cronolog\u00eda legal de esa municipalidad aparece con el nombre de Los Ranchos, cuando era una secci\u00f3n.<\/p>\n\n\n\n<p class=\"wp-block-paragraph\">Durante 12 d\u00edas del a\u00f1o 1910 se denomin\u00f3 Villa Luper\u00f3n, con categor\u00eda de distrito municipal, cambi\u00e1ndose ese ep\u00f3nimo a Villa Tenares, en honor a Olegario Tenares de Jes\u00fas. Adquiri\u00f3 la categor\u00eda de municipio el 27 de junio de 1938, dentro de la entonces provincia Salcedo, hoy Hermanas Mirabal.<strong>&nbsp;<\/strong><\/p>\n\n\n\n<p class=\"wp-block-paragraph\"><strong>Te\u00f3filo Lappot Robles <\/strong><a href=\"mailto:teofilolappot@gmail.com\"><strong>teofilolappot@gmail.com<\/strong><\/a><strong>&nbsp;<\/strong><\/p>\n","protected":false},"excerpt":{"rendered":"<p>Por Te\u00f3filo Lappot Robles&nbsp; Olegario Tenares de Jes\u00fas fue un humilde campesino, nacido el 7 de marzo&nbsp; del 1822 en el caser\u00edo Yaiba, del poblado de Castillo. Al proclamarse la Independencia Nacional, siendo veintea\u00f1ero, ingres\u00f3 al ej\u00e9rcito dominicano. Se estren\u00f3 de inmediato combatiendo al enemigo que pretend\u00eda anular la reci\u00e9n adquirida soberan\u00eda&nbsp; dominicana.&nbsp; Particip\u00f3 activamente [&hellip;]<\/p>\n","protected":false},"author":7,"featured_media":525185,"comment_status":"closed","ping_status":"closed","sticky":false,"template":"","format":"standard","meta":{"footnotes":""},"categories":[21,36,27],"tags":[177],"class_list":["post-683281","post","type-post","status-publish","format-standard","has-post-thumbnail","hentry","category-cultura","category-hombresmujeresycosas","category-portada","tag-teofilo-lappot-robles"],"_links":{"self":[{"href":"https:\/\/diariodominicano.com\/index.php?rest_route=\/wp\/v2\/posts\/683281","targetHints":{"allow":["GET"]}}],"collection":[{"href":"https:\/\/diariodominicano.com\/index.php?rest_route=\/wp\/v2\/posts"}],"about":[{"href":"https:\/\/diariodominicano.com\/index.php?rest_route=\/wp\/v2\/types\/post"}],"author":[{"embeddable":true,"href":"https:\/\/diariodominicano.com\/index.php?rest_route=\/wp\/v2\/users\/7"}],"replies":[{"embeddable":true,"href":"https:\/\/diariodominicano.com\/index.php?rest_route=%2Fwp%2Fv2%2Fcomments&post=683281"}],"version-history":[{"count":1,"href":"https:\/\/diariodominicano.com\/index.php?rest_route=\/wp\/v2\/posts\/683281\/revisions"}],"predecessor-version":[{"id":683298,"href":"https:\/\/diariodominicano.com\/index.php?rest_route=\/wp\/v2\/posts\/683281\/revisions\/683298"}],"wp:featuredmedia":[{"embeddable":true,"href":"https:\/\/diariodominicano.com\/index.php?rest_route=\/wp\/v2\/media\/525185"}],"wp:attachment":[{"href":"https:\/\/diariodominicano.com\/index.php?rest_route=%2Fwp%2Fv2%2Fmedia&parent=683281"}],"wp:term":[{"taxonomy":"category","embeddable":true,"href":"https:\/\/diariodominicano.com\/index.php?rest_route=%2Fwp%2Fv2%2Fcategories&post=683281"},{"taxonomy":"post_tag","embeddable":true,"href":"https:\/\/diariodominicano.com\/index.php?rest_route=%2Fwp%2Fv2%2Ftags&post=683281"}],"curies":[{"name":"wp","href":"https:\/\/api.w.org\/{rel}","templated":true}]}}