{"id":683090,"date":"2026-06-18T23:27:47","date_gmt":"2026-06-19T03:27:47","guid":{"rendered":"https:\/\/diariodominicano.com\/?p=683090"},"modified":"2026-06-18T23:27:55","modified_gmt":"2026-06-19T03:27:55","slug":"china-y-ue-mantienen-comunicacion-fluida-sobre-cuestiones-economicas-y-comerciales-informa-ministerio-de-comercio","status":"publish","type":"post","link":"https:\/\/diariodominicano.com\/?p=683090","title":{"rendered":"China y UE mantienen comunicaci\u00f3n fluida sobre cuestiones econ\u00f3micas y comerciales, informa Ministerio de Comercio"},"content":{"rendered":"\n<p class=\"wp-block-paragraph\"><em>spanish.news.cn<\/em>|<em>&nbsp;2026-06-18 21:24:46<\/em>|<\/p>\n\n\n\n<p class=\"wp-block-paragraph\">BEIJING, 18 jun (Xinhua) &#8212; China y la Uni\u00f3n Europea (UE) han mantenido una comunicaci\u00f3n fluida sobre cuestiones econ\u00f3micas y comerciales, inform\u00f3 hoy jueves el Ministerio de Comercio de China.<\/p>\n\n\n\n<p class=\"wp-block-paragraph\">El portavoz del ministerio, He Yadong, hizo estas declaraciones en respuesta a una consulta de los medios de comunicaci\u00f3n sobre los \u00faltimos avances en las negociaciones econ\u00f3micas y comerciales entre China y la UE.<\/p>\n\n\n\n<p class=\"wp-block-paragraph\">El vocero calific\u00f3 de \u00abprofundas y exhaustivas\u00bb las recientes conversaciones sostenidas en Bruselas entre Ling Ji, viceministro de Comercio y representante adjunto de comercio internacional de China, y Ditte Juul Jorgensen, directora general de Comercio y Seguridad Econ\u00f3mica de la Comisi\u00f3n Europea. Tambi\u00e9n se\u00f1al\u00f3 que contribuyeron a sentar las bases para las consultas ministeriales que tendr\u00e1n lugar pr\u00f3ximamente.<\/p>\n\n\n\n<p class=\"wp-block-paragraph\">China est\u00e1 dispuesta a trabajar con la UE para implementar el consenso alcanzado por los l\u00edderes de ambas partes, gestionar las disputas mediante el di\u00e1logo y la consulta, abordar adecuadamente las fricciones y promover una cooperaci\u00f3n pragm\u00e1tica, con el fin de impulsar el desarrollo sano y estable de las relaciones econ\u00f3micas y comerciales bilaterales, afirm\u00f3 el portavoz.<\/p>\n\n\n\n<p class=\"wp-block-paragraph\"><a href=\"https:\/\/www.facebook.com\/sharer\/sharer.php?u=https:\/\/spanish.xinhuanet.com\/20260618\/9b26e42da5e14531a43a21e9096b8db6\/c.html\" target=\"_blank\" rel=\"noreferrer noopener\"><\/a>&nbsp;<a href=\"https:\/\/twitter.com\/intent\/tweet?text=China%20y%20UE%20mantienen%20comunicaci%C3%B3n%20fluida%20sobre%20cuestiones%20econ%C3%B3micas%20y%20comerciales,%20informa%20Ministerio%20de%20Comercio&amp;url=https:\/\/spanish.xinhuanet.com\/20260618\/9b26e42da5e14531a43a21e9096b8db6\/c.html\" target=\"_blank\" rel=\"noreferrer noopener\"><\/a>&nbsp;<a target=\"_blank\" href=\"https:\/\/service.weibo.com\/share\/share.php?title=China%20y%20UE%20mantienen%20comunicaci%C3%B3n%20fluida%20sobre%20cuestiones%20econ%C3%B3micas%20y%20comerciales,%20informa%20Ministerio%20de%20Comercio&amp;url=https:\/\/spanish.xinhuanet.com\/20260618\/9b26e42da5e14531a43a21e9096b8db6\/c.html\" rel=\"noreferrer noopener\"><\/a>&nbsp;<a><\/a><\/p>\n\n\n\n<figure class=\"wp-block-image\"><img decoding=\"async\" src=\"https:\/\/imgs.news.cn\/res\/xhwimg\/spanish\/20170522\/img\/jc-xfa.png\" alt=\"\"\/><\/figure>\n","protected":false},"excerpt":{"rendered":"<p>spanish.news.cn|&nbsp;2026-06-18 21:24:46| BEIJING, 18 jun (Xinhua) &#8212; China y la Uni\u00f3n Europea (UE) han mantenido una comunicaci\u00f3n fluida sobre cuestiones econ\u00f3micas y comerciales, inform\u00f3 hoy jueves el Ministerio de Comercio de China. El portavoz del ministerio, He Yadong, hizo estas declaraciones en respuesta a una consulta de los medios de comunicaci\u00f3n sobre los \u00faltimos avances [&hellip;]<\/p>\n","protected":false},"author":2,"featured_media":620017,"comment_status":"open","ping_status":"closed","sticky":false,"template":"","format":"standard","meta":{"footnotes":""},"categories":[18,23],"tags":[6601],"class_list":["post-683090","post","type-post","status-publish","format-standard","has-post-thumbnail","hentry","category-economia","category-internacional","tag-china-y-ue"],"_links":{"self":[{"href":"https:\/\/diariodominicano.com\/index.php?rest_route=\/wp\/v2\/posts\/683090","targetHints":{"allow":["GET"]}}],"collection":[{"href":"https:\/\/diariodominicano.com\/index.php?rest_route=\/wp\/v2\/posts"}],"about":[{"href":"https:\/\/diariodominicano.com\/index.php?rest_route=\/wp\/v2\/types\/post"}],"author":[{"embeddable":true,"href":"https:\/\/diariodominicano.com\/index.php?rest_route=\/wp\/v2\/users\/2"}],"replies":[{"embeddable":true,"href":"https:\/\/diariodominicano.com\/index.php?rest_route=%2Fwp%2Fv2%2Fcomments&post=683090"}],"version-history":[{"count":1,"href":"https:\/\/diariodominicano.com\/index.php?rest_route=\/wp\/v2\/posts\/683090\/revisions"}],"predecessor-version":[{"id":683091,"href":"https:\/\/diariodominicano.com\/index.php?rest_route=\/wp\/v2\/posts\/683090\/revisions\/683091"}],"wp:featuredmedia":[{"embeddable":true,"href":"https:\/\/diariodominicano.com\/index.php?rest_route=\/wp\/v2\/media\/620017"}],"wp:attachment":[{"href":"https:\/\/diariodominicano.com\/index.php?rest_route=%2Fwp%2Fv2%2Fmedia&parent=683090"}],"wp:term":[{"taxonomy":"category","embeddable":true,"href":"https:\/\/diariodominicano.com\/index.php?rest_route=%2Fwp%2Fv2%2Fcategories&post=683090"},{"taxonomy":"post_tag","embeddable":true,"href":"https:\/\/diariodominicano.com\/index.php?rest_route=%2Fwp%2Fv2%2Ftags&post=683090"}],"curies":[{"name":"wp","href":"https:\/\/api.w.org\/{rel}","templated":true}]}}