{"id":676568,"date":"2026-05-03T01:11:16","date_gmt":"2026-05-03T05:11:16","guid":{"rendered":"https:\/\/diariodominicano.com\/?p=676568"},"modified":"2026-05-03T01:11:21","modified_gmt":"2026-05-03T05:11:21","slug":"excanciller-de-peru-condena-graves-amenazas-de-trump-contra-cuba","status":"publish","type":"post","link":"https:\/\/diariodominicano.com\/?p=676568","title":{"rendered":"Excanciller de Per\u00fa condena graves amenazas de Trump contra Cuba"},"content":{"rendered":"\n<p>Lima, 2 may (Prensa Latina) El excanciller de Per\u00fa H\u00e9ctor B\u00e9jar conden\u00f3 hoy las nuevas y graves amenazas de una posible e inmediata agresi\u00f3n a Cuba, lanzadas por el gobernante norteamericano, Donald Trump.<\/p>\n\n\n\n<ul class=\"wp-block-list\">\n<li><a href=\"https:\/\/www.prensa-latina.cu\/2026\/05\/02\/\"><time>mayo 2, 2026 | 22:42<\/time><\/a><\/li>\n<\/ul>\n\n\n\n<ul class=\"wp-block-list\">\n<li><a href=\"https:\/\/www.prensa-latina.cu\/2026\/05\/02\/excanciller-de-peru-condena-graves-amenazas-de-trump-contra-cuba\/#\"><\/a><\/li>\n\n\n\n<li><a href=\"https:\/\/www.prensa-latina.cu\/2026\/05\/02\/excanciller-de-peru-condena-graves-amenazas-de-trump-contra-cuba\/#\"><\/a><\/li>\n\n\n\n<li><a href=\"https:\/\/www.prensa-latina.cu\/2026\/05\/02\/excanciller-de-peru-condena-graves-amenazas-de-trump-contra-cuba\/#\"><\/a><\/li>\n\n\n\n<li><a href=\"https:\/\/www.prensa-latina.cu\/2026\/05\/02\/excanciller-de-peru-condena-graves-amenazas-de-trump-contra-cuba\/#\"><\/a><\/li>\n<\/ul>\n\n\n\n<p>En contacto con Prensa Latina, el tambi\u00e9n analista y acad\u00e9mico peruano a\u00f1adi\u00f3 que las palabras de Trump en tal sentido constituyen \u201cuna nueva y criminal escalada del imperio gobernado por un psic\u00f3pata contra Cuba\u201d.<\/p>\n\n\n\n<p>\u201cAntes que preocuparse por tomar el control de Cuba el se\u00f1or Trump debe tomar el control de s\u00ed mismo\u201d, agreg\u00f3 sobre la aparente inestabilidad del inquilino de la Casa Blanca.<\/p>\n\n\n\n<p>El exministro de Relaciones Exteriores coment\u00f3 tambi\u00e9n que el jefe del r\u00e9gimen de Washington, \u201cluego de su rid\u00edcula derrota en Ir\u00e1n, deber\u00eda reflexionar sobre su precaria situaci\u00f3n en su propio pa\u00eds\u201d.<\/p>\n\n\n\n<p>edu\/mrs<\/p>\n\n\n\n<ul class=\"wp-block-list\">\n<li>#<a href=\"https:\/\/www.prensa-latina.cu\/etiqueta\/eeuu\/\">eeuu<\/a>\u00a0#<a href=\"https:\/\/www.prensa-latina.cu\/etiqueta\/excanciller\/\">excanciller<\/a><\/li>\n<\/ul>\n","protected":false},"excerpt":{"rendered":"<p>Lima, 2 may (Prensa Latina) El excanciller de Per\u00fa H\u00e9ctor B\u00e9jar conden\u00f3 hoy las nuevas y graves amenazas de una posible e inmediata agresi\u00f3n a Cuba, lanzadas por el gobernante norteamericano, Donald Trump. En contacto con Prensa Latina, el tambi\u00e9n analista y acad\u00e9mico peruano a\u00f1adi\u00f3 que las palabras de Trump en tal sentido constituyen \u201cuna [&hellip;]<\/p>\n","protected":false},"author":2,"featured_media":676569,"comment_status":"open","ping_status":"closed","sticky":false,"template":"","format":"standard","meta":{"footnotes":""},"categories":[23],"tags":[],"class_list":["post-676568","post","type-post","status-publish","format-standard","has-post-thumbnail","hentry","category-internacional"],"_links":{"self":[{"href":"https:\/\/diariodominicano.com\/index.php?rest_route=\/wp\/v2\/posts\/676568","targetHints":{"allow":["GET"]}}],"collection":[{"href":"https:\/\/diariodominicano.com\/index.php?rest_route=\/wp\/v2\/posts"}],"about":[{"href":"https:\/\/diariodominicano.com\/index.php?rest_route=\/wp\/v2\/types\/post"}],"author":[{"embeddable":true,"href":"https:\/\/diariodominicano.com\/index.php?rest_route=\/wp\/v2\/users\/2"}],"replies":[{"embeddable":true,"href":"https:\/\/diariodominicano.com\/index.php?rest_route=%2Fwp%2Fv2%2Fcomments&post=676568"}],"version-history":[{"count":1,"href":"https:\/\/diariodominicano.com\/index.php?rest_route=\/wp\/v2\/posts\/676568\/revisions"}],"predecessor-version":[{"id":676570,"href":"https:\/\/diariodominicano.com\/index.php?rest_route=\/wp\/v2\/posts\/676568\/revisions\/676570"}],"wp:featuredmedia":[{"embeddable":true,"href":"https:\/\/diariodominicano.com\/index.php?rest_route=\/wp\/v2\/media\/676569"}],"wp:attachment":[{"href":"https:\/\/diariodominicano.com\/index.php?rest_route=%2Fwp%2Fv2%2Fmedia&parent=676568"}],"wp:term":[{"taxonomy":"category","embeddable":true,"href":"https:\/\/diariodominicano.com\/index.php?rest_route=%2Fwp%2Fv2%2Fcategories&post=676568"},{"taxonomy":"post_tag","embeddable":true,"href":"https:\/\/diariodominicano.com\/index.php?rest_route=%2Fwp%2Fv2%2Ftags&post=676568"}],"curies":[{"name":"wp","href":"https:\/\/api.w.org\/{rel}","templated":true}]}}