{"id":676540,"date":"2026-05-03T00:31:25","date_gmt":"2026-05-03T04:31:25","guid":{"rendered":"https:\/\/diariodominicano.com\/?p=676540"},"modified":"2026-05-03T00:32:57","modified_gmt":"2026-05-03T04:32:57","slug":"regidores-del-pld-en-bonao-demandan-el-asfaltado-de-las-calles-del-barrio-maximo-gomez","status":"publish","type":"post","link":"https:\/\/diariodominicano.com\/?p=676540","title":{"rendered":"Regidores del PLD en Bonao demandan el asfaltado  de las calles del Barrio M\u00e1ximo G\u00f3mez"},"content":{"rendered":"\n<p>Regidores encadenados demandan el asfaltado de sus calles.<\/p>\n\n\n\n<p><em>Regidores del PLD en Bonao asumen el reclamo de los moradores del Barrio M\u00e1ximo G\u00f3mez demandando el asfaltado de sus calles.<\/em><\/p>\n\n\n\n<p>Las secretar\u00edas de Asuntos Municipales y Participaci\u00f3n Comunitaria del Partido de la Liberaci\u00f3n Dominicana (PLD) se identificaron con el reclamo de los moradores del sector M\u00e1ximo G\u00f3mez, en Bonao, provincia Monse\u00f1or Nouel, quienes reclaman el asfaltado de sus calles.<\/p>\n\n\n\n<p>Pese a m\u00faltiples promesas de la gobernaci\u00f3n y la alcald\u00eda local, las calles est\u00e1n intransitables, situaci\u00f3n que se empeora con las lluvias, que impide el desplazamiento humano y vehicular<\/p>\n\n\n\n<figure class=\"wp-block-image size-large\"><img loading=\"lazy\" decoding=\"async\" width=\"714\" height=\"1024\" src=\"https:\/\/diariodominicano.com\/wp-content\/uploads\/2026\/05\/ENCADENADOS-2-714x1024.jpg\" alt=\"\" class=\"wp-image-676544\" srcset=\"https:\/\/diariodominicano.com\/wp-content\/uploads\/2026\/05\/ENCADENADOS-2-714x1024.jpg 714w, https:\/\/diariodominicano.com\/wp-content\/uploads\/2026\/05\/ENCADENADOS-2-209x300.jpg 209w, https:\/\/diariodominicano.com\/wp-content\/uploads\/2026\/05\/ENCADENADOS-2-768x1102.jpg 768w, https:\/\/diariodominicano.com\/wp-content\/uploads\/2026\/05\/ENCADENADOS-2-816x1171.jpg 816w, https:\/\/diariodominicano.com\/wp-content\/uploads\/2026\/05\/ENCADENADOS-2.jpg 900w\" sizes=\"auto, (max-width: 714px) 100vw, 714px\" \/><\/figure>\n\n\n\n<p>En protesta por la indiferencia de las autoridades y el incumplimiento de promesas,&nbsp; al finalizar la semana,&nbsp; los&nbsp;&nbsp;moradores del sector M\u00e1ximo G\u00f3mez, dirigentes Comunitarios y los&nbsp;&nbsp;regidores Mart\u00edn Soriano y&nbsp;&nbsp;Giovanny Rodr\u00edguez del Partido de la Liberaci\u00f3n Dominicana (PLD) se encadenaron reclamando ser atendidos&nbsp;&nbsp;<\/p>\n\n\n\n<p>Explican que luego&nbsp;&nbsp;de varias asambleas y reuniones comunitarias la Gobernadora,&nbsp;&nbsp;Adela Tejada y el Alcalde Municipal&nbsp;&nbsp;Bonao,&nbsp;&nbsp;Eberto N\u00fa\u00f1ez se apersonaron al lugar con una comisi\u00f3n del Ministerio de&nbsp;&nbsp;Obras P\u00fablicas para anunciar el inicio de los trabajos.<\/p>\n\n\n\n<p>\u201cTres meses despu\u00e9s las calles siguen abandonadas y sin el asfaltado, lo que ha irritado a los moradores\u201d, denunciaron los quejosos.<\/p>\n\n\n\n<p>Al inicio de a\u00f1o los Comunitarios&nbsp;&nbsp;alzaron su voz, sembrando mata de pl\u00e1tano en las deterioradas calles exigiendo&nbsp;&nbsp;a las autoridades competentes el arreglo inmediato de las calles,&nbsp;&nbsp;las cuales, seg\u00fan denuncian, se encuentran en condiciones cr\u00edticas desde hace varios a\u00f1os.<\/p>\n\n\n\n<p>Indicaron que el deterioro de estas v\u00edas afecta de manera directa la movilidad, el acceso de veh\u00edculos, la seguridad de peatones y la calidad de vida de las familias que residen en la zona, especialmente ni\u00f1os, envejecientes y personas afectadas en su&nbsp;&nbsp;salud.<\/p>\n\n\n\n<p><strong>SECRETARIA COMUNICACIONES<\/strong><\/p>\n\n\n\n<p><strong>2 MAYO 2026<\/strong><\/p>\n","protected":false},"excerpt":{"rendered":"<p>Regidores encadenados demandan el asfaltado de sus calles. Regidores del PLD en Bonao asumen el reclamo de los moradores del Barrio M\u00e1ximo G\u00f3mez demandando el asfaltado de sus calles. Las secretar\u00edas de Asuntos Municipales y Participaci\u00f3n Comunitaria del Partido de la Liberaci\u00f3n Dominicana (PLD) se identificaron con el reclamo de los moradores del sector M\u00e1ximo [&hellip;]<\/p>\n","protected":false},"author":2,"featured_media":676542,"comment_status":"open","ping_status":"closed","sticky":false,"template":"","format":"standard","meta":{"footnotes":""},"categories":[22],"tags":[5847,5846],"class_list":["post-676540","post","type-post","status-publish","format-standard","has-post-thumbnail","hentry","category-politica","tag-barrio-maximo-gomez","tag-regidores-del-pld-en-bonao"],"_links":{"self":[{"href":"https:\/\/diariodominicano.com\/index.php?rest_route=\/wp\/v2\/posts\/676540","targetHints":{"allow":["GET"]}}],"collection":[{"href":"https:\/\/diariodominicano.com\/index.php?rest_route=\/wp\/v2\/posts"}],"about":[{"href":"https:\/\/diariodominicano.com\/index.php?rest_route=\/wp\/v2\/types\/post"}],"author":[{"embeddable":true,"href":"https:\/\/diariodominicano.com\/index.php?rest_route=\/wp\/v2\/users\/2"}],"replies":[{"embeddable":true,"href":"https:\/\/diariodominicano.com\/index.php?rest_route=%2Fwp%2Fv2%2Fcomments&post=676540"}],"version-history":[{"count":2,"href":"https:\/\/diariodominicano.com\/index.php?rest_route=\/wp\/v2\/posts\/676540\/revisions"}],"predecessor-version":[{"id":676545,"href":"https:\/\/diariodominicano.com\/index.php?rest_route=\/wp\/v2\/posts\/676540\/revisions\/676545"}],"wp:featuredmedia":[{"embeddable":true,"href":"https:\/\/diariodominicano.com\/index.php?rest_route=\/wp\/v2\/media\/676542"}],"wp:attachment":[{"href":"https:\/\/diariodominicano.com\/index.php?rest_route=%2Fwp%2Fv2%2Fmedia&parent=676540"}],"wp:term":[{"taxonomy":"category","embeddable":true,"href":"https:\/\/diariodominicano.com\/index.php?rest_route=%2Fwp%2Fv2%2Fcategories&post=676540"},{"taxonomy":"post_tag","embeddable":true,"href":"https:\/\/diariodominicano.com\/index.php?rest_route=%2Fwp%2Fv2%2Ftags&post=676540"}],"curies":[{"name":"wp","href":"https:\/\/api.w.org\/{rel}","templated":true}]}}