{"id":676526,"date":"2026-05-02T23:55:57","date_gmt":"2026-05-03T03:55:57","guid":{"rendered":"https:\/\/diariodominicano.com\/?p=676526"},"modified":"2026-05-02T23:56:03","modified_gmt":"2026-05-03T03:56:03","slug":"eau-reanuda-operaciones-normales-de-navegacion-aerea","status":"publish","type":"post","link":"https:\/\/diariodominicano.com\/?p=676526","title":{"rendered":"EAU reanuda operaciones normales de navegaci\u00f3n a\u00e9rea"},"content":{"rendered":"\n<p><em>spanish.news.cn<\/em>|<em>&nbsp;2026-05-03 00:57:30<\/em>|<\/p>\n\n\n\n<p>DUB\u00c1I, 2 may (Xinhua) &#8212; La Autoridad General de Aviaci\u00f3n Civil de Emiratos \u00c1rabes Unidos (EAU) anunci\u00f3 hoy s\u00e1bado la reanudaci\u00f3n total de las operaciones normales de navegaci\u00f3n a\u00e9rea en el espacio a\u00e9reo de EAU as\u00ed como del levantamiento de todas las medidas cautelares.<\/p>\n\n\n\n<p>La autoridad coment\u00f3 que la decisi\u00f3n se tom\u00f3 despu\u00e9s de una evaluaci\u00f3n exhaustiva de las condiciones operacionales y de seguridad, dirigidas en coordinaci\u00f3n con autoridades pertinentes. Continuar\u00e1 el monitoreo en tiempo real para asegurar la seguridad a\u00e9rea.<\/p>\n\n\n\n<p>El 28 de febrero, Israel y Estados Unidos lanzaron ataques conjuntos contra Teher\u00e1n y otras ciudades iran\u00edes, que resultaron en la muerte del entonces l\u00edder supremo de Ir\u00e1n, Ali Jamenei, altos mandos y civiles. En respuesta, Ir\u00e1n lanz\u00f3 oleadas de ataques con misiles y drones contra intereses israel\u00edes y estadounidenses en Medio Oriente.<\/p>\n\n\n\n<p>Posteriormente al conflicto, se report\u00f3 que EAU cerr\u00f3 partes de su espacio a\u00e9reo como medida de precauci\u00f3n, lo que afect\u00f3 a aerol\u00edneas regionales e internacionales, con algunas rutas suspendidas temporalmente.<\/p>\n\n\n\n<p>Un cese al fuego entre Ir\u00e1n, Estados Unidos e Israel entr\u00f3 en vigor el 8 de abril, despu\u00e9s de 40 d\u00edas de combate.&nbsp;<\/p>\n","protected":false},"excerpt":{"rendered":"<p>spanish.news.cn|&nbsp;2026-05-03 00:57:30| DUB\u00c1I, 2 may (Xinhua) &#8212; La Autoridad General de Aviaci\u00f3n Civil de Emiratos \u00c1rabes Unidos (EAU) anunci\u00f3 hoy s\u00e1bado la reanudaci\u00f3n total de las operaciones normales de navegaci\u00f3n a\u00e9rea en el espacio a\u00e9reo de EAU as\u00ed como del levantamiento de todas las medidas cautelares. La autoridad coment\u00f3 que la decisi\u00f3n se tom\u00f3 despu\u00e9s [&hellip;]<\/p>\n","protected":false},"author":2,"featured_media":674660,"comment_status":"open","ping_status":"closed","sticky":false,"template":"","format":"standard","meta":{"footnotes":""},"categories":[23],"tags":[4077],"class_list":["post-676526","post","type-post","status-publish","format-standard","has-post-thumbnail","hentry","category-internacional","tag-eau"],"_links":{"self":[{"href":"https:\/\/diariodominicano.com\/index.php?rest_route=\/wp\/v2\/posts\/676526","targetHints":{"allow":["GET"]}}],"collection":[{"href":"https:\/\/diariodominicano.com\/index.php?rest_route=\/wp\/v2\/posts"}],"about":[{"href":"https:\/\/diariodominicano.com\/index.php?rest_route=\/wp\/v2\/types\/post"}],"author":[{"embeddable":true,"href":"https:\/\/diariodominicano.com\/index.php?rest_route=\/wp\/v2\/users\/2"}],"replies":[{"embeddable":true,"href":"https:\/\/diariodominicano.com\/index.php?rest_route=%2Fwp%2Fv2%2Fcomments&post=676526"}],"version-history":[{"count":1,"href":"https:\/\/diariodominicano.com\/index.php?rest_route=\/wp\/v2\/posts\/676526\/revisions"}],"predecessor-version":[{"id":676527,"href":"https:\/\/diariodominicano.com\/index.php?rest_route=\/wp\/v2\/posts\/676526\/revisions\/676527"}],"wp:featuredmedia":[{"embeddable":true,"href":"https:\/\/diariodominicano.com\/index.php?rest_route=\/wp\/v2\/media\/674660"}],"wp:attachment":[{"href":"https:\/\/diariodominicano.com\/index.php?rest_route=%2Fwp%2Fv2%2Fmedia&parent=676526"}],"wp:term":[{"taxonomy":"category","embeddable":true,"href":"https:\/\/diariodominicano.com\/index.php?rest_route=%2Fwp%2Fv2%2Fcategories&post=676526"},{"taxonomy":"post_tag","embeddable":true,"href":"https:\/\/diariodominicano.com\/index.php?rest_route=%2Fwp%2Fv2%2Ftags&post=676526"}],"curies":[{"name":"wp","href":"https:\/\/api.w.org\/{rel}","templated":true}]}}