{"id":676463,"date":"2026-05-02T02:06:37","date_gmt":"2026-05-02T06:06:37","guid":{"rendered":"https:\/\/diariodominicano.com\/?p=676463"},"modified":"2026-05-02T02:07:16","modified_gmt":"2026-05-02T06:07:16","slug":"pld-no-ha-sido-notificado-de-plan-del-gobierno-para-encarar-crisis-reafirma-cristina-lizardo","status":"publish","type":"post","link":"https:\/\/diariodominicano.com\/?p=676463","title":{"rendered":"PLD no ha sido notificado de Plan del Gobierno para encarar crisis, reafirma Cristina Lizardo"},"content":{"rendered":"\n<p><strong><em>Cristina Lizardo:<\/em><\/strong><em>&nbsp;\u201cLas organizaciones pol\u00edticas constituyen la garant\u00eda del ejercicio democr\u00e1tico en Rep\u00fablica Dominicana\u201d<\/em><\/p>\n\n\n\n<p><\/p>\n\n\n\n<p><strong>La ex Presidenta del Senado, Cristina Lizardo, integrante del Comit\u00e9 Pol\u00edtico del Partido de la Liberaci\u00f3n Dominicana (PLD),<\/strong>&nbsp;reiterando que esa organizaci\u00f3n no ha recibido, de parte del Gobierno, notificaci\u00f3n alguna del plan que han creado para encarar la crisis generada por la guerra del medio oriente, considera absurdo el planteamiento de reducir los recursos que garantizan el funcionamiento de la democracia.<\/p>\n\n\n\n<p>\u201cTal y como se ha explicado, el Partido de la Liberaci\u00f3n Dominicana no ha sido notificado del supuesto plan del Gobierno para encarar la situaci\u00f3n en Rep\u00fablica Dominicana\u201d, dijo Lizardo, quien acompa\u00f1\u00f3 a la corriente sindical Pelede\u00edsta, Miguel Soto, en la Ofrenda a los Padres de la Patria en la conmemoraci\u00f3n del D\u00eda Internacional de los Trabajadores.<\/p>\n\n\n\n<p>Sobre la reducci\u00f3n en un 50 % de los fondos que est\u00e1n consignados a los partidos pol\u00edticos en el presupuesto nacional, como parte de un supuesto plan de reducci\u00f3n de gastos para enfrentar la crisis como consecuencia de la guerra en Medio Oriente, Lizardo consider\u00f3 absurda la idea de suprimir recursos que ya son parte de la Ley del Presupuesto Nacional.<\/p>\n\n\n\n<p>\u201cEs una idea fuera de lugar procurar recursos de partidas que se rigen por el Presupuesto general, que es una Ley\u201d, dijo explicando que no est\u00e1 claro el mecanismo que utilizar\u00eda el Gobierno para violar esa Ley.<\/p>\n\n\n\n<p>Esa propuesta, considera la ex congresista, para tratar de ejecutarse tiene que ser analizada en el seno de los partidos pol\u00edticos y en las instancias legislativas.<\/p>\n\n\n\n<p>\u201cLas organizaciones pol\u00edticas constituyen la garant\u00eda del ejercicio democr\u00e1tico en Rep\u00fablica Dominicana\u201d, apunt\u00f3 Cristina Lizardo.<\/p>\n\n\n\n<p><strong>SECRETAR\u00cdA DE COMUNICACIONES<\/strong><strong><\/strong><\/p>\n\n\n\n<p><strong>01 DE MAYO, 2026.- &nbsp;&nbsp;<\/strong><strong><\/strong><\/p>\n","protected":false},"excerpt":{"rendered":"<p>Cristina Lizardo:&nbsp;\u201cLas organizaciones pol\u00edticas constituyen la garant\u00eda del ejercicio democr\u00e1tico en Rep\u00fablica Dominicana\u201d La ex Presidenta del Senado, Cristina Lizardo, integrante del Comit\u00e9 Pol\u00edtico del Partido de la Liberaci\u00f3n Dominicana (PLD),&nbsp;reiterando que esa organizaci\u00f3n no ha recibido, de parte del Gobierno, notificaci\u00f3n alguna del plan que han creado para encarar la crisis generada por la [&hellip;]<\/p>\n","protected":false},"author":2,"featured_media":676464,"comment_status":"open","ping_status":"closed","sticky":false,"template":"","format":"standard","meta":{"footnotes":""},"categories":[22],"tags":[707,175],"class_list":["post-676463","post","type-post","status-publish","format-standard","has-post-thumbnail","hentry","category-politica","tag-cristina-lizardo","tag-pld"],"_links":{"self":[{"href":"https:\/\/diariodominicano.com\/index.php?rest_route=\/wp\/v2\/posts\/676463","targetHints":{"allow":["GET"]}}],"collection":[{"href":"https:\/\/diariodominicano.com\/index.php?rest_route=\/wp\/v2\/posts"}],"about":[{"href":"https:\/\/diariodominicano.com\/index.php?rest_route=\/wp\/v2\/types\/post"}],"author":[{"embeddable":true,"href":"https:\/\/diariodominicano.com\/index.php?rest_route=\/wp\/v2\/users\/2"}],"replies":[{"embeddable":true,"href":"https:\/\/diariodominicano.com\/index.php?rest_route=%2Fwp%2Fv2%2Fcomments&post=676463"}],"version-history":[{"count":2,"href":"https:\/\/diariodominicano.com\/index.php?rest_route=\/wp\/v2\/posts\/676463\/revisions"}],"predecessor-version":[{"id":676466,"href":"https:\/\/diariodominicano.com\/index.php?rest_route=\/wp\/v2\/posts\/676463\/revisions\/676466"}],"wp:featuredmedia":[{"embeddable":true,"href":"https:\/\/diariodominicano.com\/index.php?rest_route=\/wp\/v2\/media\/676464"}],"wp:attachment":[{"href":"https:\/\/diariodominicano.com\/index.php?rest_route=%2Fwp%2Fv2%2Fmedia&parent=676463"}],"wp:term":[{"taxonomy":"category","embeddable":true,"href":"https:\/\/diariodominicano.com\/index.php?rest_route=%2Fwp%2Fv2%2Fcategories&post=676463"},{"taxonomy":"post_tag","embeddable":true,"href":"https:\/\/diariodominicano.com\/index.php?rest_route=%2Fwp%2Fv2%2Ftags&post=676463"}],"curies":[{"name":"wp","href":"https:\/\/api.w.org\/{rel}","templated":true}]}}