{"id":676455,"date":"2026-05-02T01:54:26","date_gmt":"2026-05-02T05:54:26","guid":{"rendered":"https:\/\/diariodominicano.com\/?p=676455"},"modified":"2026-05-02T01:55:57","modified_gmt":"2026-05-02T05:55:57","slug":"imponen-18-meses-de-prision-preventiva-a-vinculado-a-la-red-de-corrupcion-que-sustrajo-miles-de-millones-de-pesos-en-perjuicio-del-seguro-nacional-de-salud","status":"publish","type":"post","link":"https:\/\/diariodominicano.com\/?p=676455","title":{"rendered":"Imponen 18 meses de prisi\u00f3n preventiva a vinculado a  la red de corrupci\u00f3n que sustrajo miles de millones de pesos en perjuicio del Seguro Nacional de Salud"},"content":{"rendered":"\n<p><em><u>La procuradora de corte Mirna Ortiz resalta que el juez, como el Ministerio P\u00fablico, entendi\u00f3 que se trata de hechos graves que afectaron fondos del SeNaSa<\/u><\/em><\/p>\n\n\n\n<p><strong>Link de fotos<\/strong><\/p>\n\n\n\n<p><a href=\"https:\/\/f.io\/pht0-b2e\">https:\/\/f.io\/pht0-b2e<\/a><\/p>\n\n\n\n<p><strong>SANTO DOMINGO, RD.-<\/strong>&nbsp;Acogiendo la solicitud del Ministerio P\u00fablico, un juez del Distrito Nacional impuso prisi\u00f3n preventiva por 18 meses a \u00c1ngel Luis Guzm\u00e1n V\u00e1squez por su vinculaci\u00f3n con la red de corrupci\u00f3n que sustrajo miles de millones de pesos en perjuicio del Seguro Nacional de Salud (SeNaSa).<\/p>\n\n\n\n<p>La procuradora general de corte Mirna Ortiz, titular de la Procuradur\u00eda Especializada de Persecuci\u00f3n de la Corrupci\u00f3n Administrativa (Pepca), valor\u00f3 la decisi\u00f3n del juez Rigoberto Sena, quien, adem\u00e1s, declar\u00f3 el proceso de tramitaci\u00f3n compleja.<\/p>\n\n\n\n<p>\u201cEl juez, tambi\u00e9n, estuvo conteste con el Ministerio P\u00fablico, de que se trata de hechos graves, que atentan no solo con los fondos p\u00fablicos, sino, tambi\u00e9n, con la salud de las personas a las que se les dren\u00f3 dinero de su seguro m\u00e9dico y que eso pudo traducirse eventualmente en falta de asistencia, de cobertura y de servicios\u201d, se\u00f1al\u00f3 Ortiz.<\/p>\n\n\n\n<p>Record\u00f3 que el caso de Guzm\u00e1n V\u00e1squez se abre como resultado de una de las l\u00edneas de investigaci\u00f3n que desarrolla el Ministerio P\u00fablico a partir de la Operaci\u00f3n Cobra que enfrent\u00f3 a la estructura que afect\u00f3 los fondos del SeNaSa.<\/p>\n\n\n\n<p>\u201cSu rol, a pesar de ser auxiliar de un departamento, era el hecho de tener acceso a las fuentes de informaci\u00f3n. Ten\u00eda acceso a los programas; ten\u00eda acceso a c\u00f3digos privilegiados; incorpor\u00f3 c\u00f3digos de m\u00e9dicos. Facturaron servicios sin ser ofrecidos porque ten\u00eda todos los accesos siendo empleado de la instituci\u00f3n\u201d, se\u00f1al\u00f3.<\/p>\n\n\n\n<p>Dijo que Guzm\u00e1n V\u00e1squez no ha negado la contundencia de las imputaciones, aunque intente defenderse de algunas. \u201cPero, el juez entendi\u00f3 y, as\u00ed lo establece en su resoluci\u00f3n, que los hechos ocurrieron tal cual el Ministerio P\u00fablico relat\u00f3 en su medida\u201d, resalt\u00f3.<\/p>\n\n\n\n<p>El Ministerio P\u00fablico durante la audiencia estuvo representado en la litigaci\u00f3n por la titular de la Pepca, Mirna Ortiz, as\u00ed como por los procuradores fiscales Rosa Alba Garc\u00eda Alexis Pi\u00f1a y Emmanuel Ram\u00edrez.<\/p>\n\n\n\n<p>Ortiz se refiri\u00f3 al proceso al responder preguntas de periodistas que cubren la fuente judicial luego de la imposici\u00f3n de la medida de coerci\u00f3n.<\/p>\n\n\n\n<p><strong>El proceso<\/strong><\/p>\n\n\n\n<p>Seg\u00fan el \u00f3rgano acusador, Guzm\u00e1n V\u00e1squez est\u00e1 vinculado a la red de corrupci\u00f3n que sustrajo miles de millones de pesos del Estado dominicano y en perjuicio del Seguro Nacional de Salud (SeNaSa).<\/p>\n\n\n\n<p>Guzm\u00e1n V\u00e1squez, quien se desempe\u00f1aba como auxiliar del Departamento de Autorizaciones M\u00e9dicas en SeNaSa, desde el 8 de marzo del a\u00f1o 2021 hasta el 1 de noviembre del a\u00f1o 2022, trat\u00f3 de salir del pa\u00eds con destino a Boston, Estados Unidos, sin contar con boleto de retorno al pa\u00eds.<\/p>\n\n\n\n<p>El imputado est\u00e1 vinculado a autorizaciones irregulares de procedimientos m\u00e9dicos y consultas como parte de la red criminal que estaf\u00f3 al SeNaSa mediante el empleo de distintas maniobras y modalidades fraudulentas, para hacerse con montos econ\u00f3micos fuera de los par\u00e1metros legalmente establecidos.<\/p>\n\n\n\n<p>Como parte de la operaci\u00f3n Cobra, el Ministerio P\u00fablico investiga autorizaciones de servicios fraudulentas solicitadas entre el 28 de enero de 2021 al 20 de febrero de 2025, sumando 4,363 para cirug\u00eda menor ambulatoria y consulta especializada, con un monto acumulado de al menos RD$41,125,551.02.<\/p>\n\n\n\n<p>Tras la puesta en marcha de la Operaci\u00f3n Cobra en diciembre pasado fue arrestado y sometido a la justicia Santiago Marcelo F. Hazim Albainy, exdirector del SeNaSa y cabecilla del entramado de corrupci\u00f3n, quien ayer les fueron ratificados los 18 meses de prisi\u00f3n preventiva que cumple desde el mes de diciembre del pasado a\u00f1o en el Centro de Correcci\u00f3n y Rehabilitaci\u00f3n Najayo Hombres, en San Crist\u00f3bal.<\/p>\n\n\n\n<p>Junto a Hazim Albainy, tambi\u00e9n cumplen la misma medida de coerci\u00f3n los imputados Gustavo Enrique Messina Cruz, Francisco Iv\u00e1n Minaya P\u00e9rez, Germ\u00e1n Rafael Robles Qui\u00f1ones, Rafael Luis Mart\u00ednez Hazim, Ada Ledesma Ubiera y Ram\u00f3n Alan Speakler Mateo.<\/p>\n\n\n\n<p>Por el caso tambi\u00e9n son procesados Cinty Acosta Senci\u00f3n, Heidi Mariela Pineda Perdomo y Eduardo Read Estrella, quienes tienen medidas de coerci\u00f3n de arresto domiciliario, garant\u00edas econ\u00f3micas e impedimento de salida del pa\u00eds.<\/p>\n\n\n\n<p><strong>Direcci\u00f3n General de Comunicaci\u00f3n, Prensa y RRPP<\/strong><\/p>\n\n\n\n<p><strong>Ministerio P\u00fablico RD<\/strong><\/p>\n\n\n\n<p><strong>Viernes, 1 de mayo de 2026.<\/strong><\/p>\n","protected":false},"excerpt":{"rendered":"<p>La procuradora de corte Mirna Ortiz resalta que el juez, como el Ministerio P\u00fablico, entendi\u00f3 que se trata de hechos graves que afectaron fondos del SeNaSa Link de fotos https:\/\/f.io\/pht0-b2e SANTO DOMINGO, RD.-&nbsp;Acogiendo la solicitud del Ministerio P\u00fablico, un juez del Distrito Nacional impuso prisi\u00f3n preventiva por 18 meses a \u00c1ngel Luis Guzm\u00e1n V\u00e1squez por [&hellip;]<\/p>\n","protected":false},"author":2,"featured_media":435827,"comment_status":"open","ping_status":"closed","sticky":false,"template":"","format":"standard","meta":{"footnotes":""},"categories":[24,29],"tags":[413],"class_list":["post-676455","post","type-post","status-publish","format-standard","has-post-thumbnail","hentry","category-justicia-y-derecho","category-policiasucesos","tag-senasa"],"_links":{"self":[{"href":"https:\/\/diariodominicano.com\/index.php?rest_route=\/wp\/v2\/posts\/676455","targetHints":{"allow":["GET"]}}],"collection":[{"href":"https:\/\/diariodominicano.com\/index.php?rest_route=\/wp\/v2\/posts"}],"about":[{"href":"https:\/\/diariodominicano.com\/index.php?rest_route=\/wp\/v2\/types\/post"}],"author":[{"embeddable":true,"href":"https:\/\/diariodominicano.com\/index.php?rest_route=\/wp\/v2\/users\/2"}],"replies":[{"embeddable":true,"href":"https:\/\/diariodominicano.com\/index.php?rest_route=%2Fwp%2Fv2%2Fcomments&post=676455"}],"version-history":[{"count":2,"href":"https:\/\/diariodominicano.com\/index.php?rest_route=\/wp\/v2\/posts\/676455\/revisions"}],"predecessor-version":[{"id":676460,"href":"https:\/\/diariodominicano.com\/index.php?rest_route=\/wp\/v2\/posts\/676455\/revisions\/676460"}],"wp:featuredmedia":[{"embeddable":true,"href":"https:\/\/diariodominicano.com\/index.php?rest_route=\/wp\/v2\/media\/435827"}],"wp:attachment":[{"href":"https:\/\/diariodominicano.com\/index.php?rest_route=%2Fwp%2Fv2%2Fmedia&parent=676455"}],"wp:term":[{"taxonomy":"category","embeddable":true,"href":"https:\/\/diariodominicano.com\/index.php?rest_route=%2Fwp%2Fv2%2Fcategories&post=676455"},{"taxonomy":"post_tag","embeddable":true,"href":"https:\/\/diariodominicano.com\/index.php?rest_route=%2Fwp%2Fv2%2Ftags&post=676455"}],"curies":[{"name":"wp","href":"https:\/\/api.w.org\/{rel}","templated":true}]}}