{"id":676429,"date":"2026-05-02T01:09:47","date_gmt":"2026-05-02T05:09:47","guid":{"rendered":"https:\/\/diariodominicano.com\/?p=676429"},"modified":"2026-05-02T01:09:58","modified_gmt":"2026-05-02T05:09:58","slug":"avance-trump-dice-a-legisladores-que-guerra-contra-iran-ha-terminado-al-acercarse-plazo-de-60-dias","status":"publish","type":"post","link":"https:\/\/diariodominicano.com\/?p=676429","title":{"rendered":"Avance: Trump dice a legisladores que guerra contra Ir\u00e1n \u00abha terminado\u00bb al acercarse plazo de 60 d\u00edas"},"content":{"rendered":"\n<p><em>spanish.news.cn<\/em>|<em>&nbsp;2026-05-02 05:13:30<\/em>|<\/p>\n\n\n\n<p>WASHINGTON, 1 may (Xinhua) &#8212; El presidente de Estados Unidos, Donald Trump, dijo hoy a los legisladores que la guerra en contra de Ir\u00e1n \u00abha terminado\u00bb debido a que la acci\u00f3n militar, emprendida sin la aprobaci\u00f3n del Congreso, lleg\u00f3 al plazo legal de 60 d\u00edas.<\/p>\n\n\n\n<p>\u00abNo ha habido intercambio de fuego entre Estados Unidos e Ir\u00e1n desde el 7 de abril de 2026\u00bb, dijo Trump en una carta dirigida a los l\u00edderes del Congreso, citada por Pol\u00edtico.<\/p>\n\n\n\n<p>\u00abLas hostilidades que comenzaron el 28 de febrero de 2026 han terminado\u00bb, a\u00f1adi\u00f3 Trump.<\/p>\n\n\n\n<p>La medida m\u00e1s reciente es un esfuerzo para zanjar la disputa por la necesidad del Congreso de aprobar el conflicto, se indic\u00f3 en el informe.<\/p>\n\n\n\n<p>De conformidad con la Resoluci\u00f3n sobre Poderes de Guerra adoptada en 1973, el presidente, tras notificar al Congreso del uso de la fuerza militar, debe terminar con las acciones en un plazo de 60 d\u00edas, a menos que el Congreso autorice continuar con las acciones militares.<\/p>\n\n\n\n<p>El 28 de febrero, Estados Unidos e Israel iniciaron operaciones de combate a gran escala contra Ir\u00e1n. La administraci\u00f3n Trump notific\u00f3 de manera formal al Congreso el 2 de marzo sobre la acci\u00f3n militar, lo que significa que el plazo legal de 60 d\u00edas termina hoy. Fin<\/p>\n\n\n\n<p><a href=\"https:\/\/www.facebook.com\/sharer\/sharer.php?u=https:\/\/spanish.xinhuanet.com\/20260502\/82d7394ed123468195a6f30d924dd705\/c.html\" target=\"_blank\" rel=\"noreferrer noopener\"><\/a>&nbsp;<a href=\"https:\/\/twitter.com\/intent\/tweet?text=Avance:%20Trump%20dice%20a%20legisladores%20que%20guerra%20contra%20Ir%C3%A1n%20%22ha%20terminado%22%20al%20acercarse%20plazo%20de%2060%20d%C3%ADas&amp;url=https:\/\/spanish.xinhuanet.com\/20260502\/82d7394ed123468195a6f30d924dd705\/c.html\" target=\"_blank\" rel=\"noreferrer noopener\"><\/a>&nbsp;<a target=\"_blank\" href=\"https:\/\/service.weibo.com\/share\/share.php?title=Avance:%20Trump%20dice%20a%20legisladores%20que%20guerra%20contra%20Ir%C3%A1n%20%22ha%20terminado%22%20al%20acercarse%20plazo%20de%2060%20d%C3%ADas&amp;url=https:\/\/spanish.xinhuanet.com\/20260502\/82d7394ed123468195a6f30d924dd705\/c.html\" rel=\"noreferrer noopener\"><\/a>&nbsp;<a><\/a><\/p>\n\n\n\n<figure class=\"wp-block-image\"><img decoding=\"async\" src=\"https:\/\/imgs.news.cn\/res\/xhwimg\/spanish\/20170522\/img\/jc-xfa.png\" alt=\"\"\/><\/figure>\n\n\n\n<figure class=\"wp-block-table\"><table class=\"has-fixed-layout\"><tbody><tr><td><\/td><\/tr><\/tbody><\/table><\/figure>\n\n\n\n<figure class=\"wp-block-table\"><table class=\"has-fixed-layout\"><tbody><tr><td><\/td><\/tr><\/tbody><\/table><\/figure>\n","protected":false},"excerpt":{"rendered":"<p>spanish.news.cn|&nbsp;2026-05-02 05:13:30| WASHINGTON, 1 may (Xinhua) &#8212; El presidente de Estados Unidos, Donald Trump, dijo hoy a los legisladores que la guerra en contra de Ir\u00e1n \u00abha terminado\u00bb debido a que la acci\u00f3n militar, emprendida sin la aprobaci\u00f3n del Congreso, lleg\u00f3 al plazo legal de 60 d\u00edas. \u00abNo ha habido intercambio de fuego entre Estados [&hellip;]<\/p>\n","protected":false},"author":2,"featured_media":594069,"comment_status":"open","ping_status":"closed","sticky":false,"template":"","format":"standard","meta":{"footnotes":""},"categories":[23,27],"tags":[5004],"class_list":["post-676429","post","type-post","status-publish","format-standard","has-post-thumbnail","hentry","category-internacional","category-portada","tag-trump"],"_links":{"self":[{"href":"https:\/\/diariodominicano.com\/index.php?rest_route=\/wp\/v2\/posts\/676429","targetHints":{"allow":["GET"]}}],"collection":[{"href":"https:\/\/diariodominicano.com\/index.php?rest_route=\/wp\/v2\/posts"}],"about":[{"href":"https:\/\/diariodominicano.com\/index.php?rest_route=\/wp\/v2\/types\/post"}],"author":[{"embeddable":true,"href":"https:\/\/diariodominicano.com\/index.php?rest_route=\/wp\/v2\/users\/2"}],"replies":[{"embeddable":true,"href":"https:\/\/diariodominicano.com\/index.php?rest_route=%2Fwp%2Fv2%2Fcomments&post=676429"}],"version-history":[{"count":1,"href":"https:\/\/diariodominicano.com\/index.php?rest_route=\/wp\/v2\/posts\/676429\/revisions"}],"predecessor-version":[{"id":676430,"href":"https:\/\/diariodominicano.com\/index.php?rest_route=\/wp\/v2\/posts\/676429\/revisions\/676430"}],"wp:featuredmedia":[{"embeddable":true,"href":"https:\/\/diariodominicano.com\/index.php?rest_route=\/wp\/v2\/media\/594069"}],"wp:attachment":[{"href":"https:\/\/diariodominicano.com\/index.php?rest_route=%2Fwp%2Fv2%2Fmedia&parent=676429"}],"wp:term":[{"taxonomy":"category","embeddable":true,"href":"https:\/\/diariodominicano.com\/index.php?rest_route=%2Fwp%2Fv2%2Fcategories&post=676429"},{"taxonomy":"post_tag","embeddable":true,"href":"https:\/\/diariodominicano.com\/index.php?rest_route=%2Fwp%2Fv2%2Ftags&post=676429"}],"curies":[{"name":"wp","href":"https:\/\/api.w.org\/{rel}","templated":true}]}}