{"id":676414,"date":"2026-05-02T00:51:21","date_gmt":"2026-05-02T04:51:21","guid":{"rendered":"https:\/\/diariodominicano.com\/?p=676414"},"modified":"2026-05-02T00:52:56","modified_gmt":"2026-05-02T04:52:56","slug":"maria-trinidad-sanchez-una-provincia-lleva-su-nombre","status":"publish","type":"post","link":"https:\/\/diariodominicano.com\/?p=676414","title":{"rendered":"MAR\u00cdA TRINIDAD S\u00c1NCHEZ, UNA PROVINCIA LLEVA SU NOMBRE"},"content":{"rendered":"\n<p>POR TE\u00d3FILO LAPPOT ROBLES<\/p>\n\n\n\n<p>Por diferentes sacrificios personales la memoria de la hero\u00edna y m\u00e1rtir Mar\u00eda Trinidad S\u00e1nchez est\u00e1 en uno de los m\u00e1s relevantes escalones de la historia nacional. Su labor patri\u00f3tica fue de mucha importancia antes, durante y en los meses que siguieron a la Independencia Nacional.<\/p>\n\n\n\n<figure class=\"wp-block-image size-large\"><img loading=\"lazy\" decoding=\"async\" width=\"1024\" height=\"526\" src=\"https:\/\/diariodominicano.com\/wp-content\/uploads\/2023\/02\/Maria-Trinidad-Sanchez1-1024x526.jpg\" alt=\"\" class=\"wp-image-419333\" srcset=\"https:\/\/diariodominicano.com\/wp-content\/uploads\/2023\/02\/Maria-Trinidad-Sanchez1-1024x526.jpg 1024w, https:\/\/diariodominicano.com\/wp-content\/uploads\/2023\/02\/Maria-Trinidad-Sanchez1-300x154.jpg 300w, https:\/\/diariodominicano.com\/wp-content\/uploads\/2023\/02\/Maria-Trinidad-Sanchez1-768x394.jpg 768w, https:\/\/diariodominicano.com\/wp-content\/uploads\/2023\/02\/Maria-Trinidad-Sanchez1-1536x789.jpg 1536w, https:\/\/diariodominicano.com\/wp-content\/uploads\/2023\/02\/Maria-Trinidad-Sanchez1-2048x1052.jpg 2048w, https:\/\/diariodominicano.com\/wp-content\/uploads\/2023\/02\/Maria-Trinidad-Sanchez1-816x419.jpg 816w\" sizes=\"auto, (max-width: 1024px) 100vw, 1024px\" \/><\/figure>\n\n\n\n<p>A lo largo de varios a\u00f1os hizo un trabajo din\u00e1mico de difusi\u00f3n del mensaje redentor de Juan Pablo Duarte y los dem\u00e1s trinitarios. Tambi\u00e9n realiz\u00f3 tareas de protecci\u00f3n de los que eran perseguidos por las autoridades usurpadoras haitianas y particip\u00f3 al alim\u00f3n con Concepci\u00f3n Bona, Mar\u00eda de Jes\u00fas Pina e Isabel Sosa en la creaci\u00f3n de la bandera dominicana.<\/p>\n\n\n\n<p>Sus principales bi\u00f3grafos han escrito que ten\u00eda muchos conocimientos teol\u00f3gicos y que su formaci\u00f3n cultural era superior a la de sus contempor\u00e1neos de la ciudad de Santo Domingo, donde naci\u00f3 el 16 de junio de 1794.<\/p>\n\n\n\n<p>Muri\u00f3 tr\u00e1gicamente a los 50 a\u00f1os, v\u00edctima de las intrigas pol\u00edticas que se desataron al poco tiempo de nacer la Rep\u00fablica Dominicana.<\/p>\n\n\n\n<p>Sus matonescos enemigos, con el caudillo Pedro Santana a la cabeza, escogieron para fusilarla (como un a\u00f1adido de la maldad que los caracterizaba) el 27 de febrero de 1845, primer aniversario de la proclamaci\u00f3n de la soberan\u00eda nacional.<\/p>\n\n\n\n<p>Tom\u00e1s Bobadilla fue uno de los que le ofertaron supuestamente salvarle la vida a cambio de que delatara a los que junto a ella luchaban por defender los principios de libertad sin ataduras que exig\u00edan Duarte y sus seguidores.<\/p>\n\n\n\n<p>La valiente respuesta de Mar\u00eda Trinidad S\u00e1nchez, que estaba convencida de que dicha propuesta era un se\u00f1uelo o trampa para luego matar a otros duartianos, qued\u00f3 resumida en esta frase lapidaria: \u201cEllos son m\u00e1s \u00fatiles que yo a la causa de la Rep\u00fablica. Prefiero que los ignoren y se cumpla en m\u00ed la sentencia.\u201d<\/p>\n\n\n\n<p>Pienso que los indecorosos proponentes quedaron perplejos. Parecidos al sapo de vientre fr\u00edo ante la luz de la luci\u00e9rnaga, en la f\u00e1bula del dramaturgo espa\u00f1ol Juan Hartzenbush Mart\u00ednez.<\/p>\n\n\n\n<p>Es importar recordar que como parte del p\u00fablico presente estaban cerca del pat\u00edbulo el entonces vicario general de la arquidi\u00f3cesis de Santo Domingo Tom\u00e1s de Portes Infante y Francisco S\u00e1nchez, hermano de la hero\u00edna y m\u00e1rtir. Este \u00faltimo recogi\u00f3 detalles importantes de sus momentos finales al pie del cadalso. Relat\u00f3, entre otras cosas, que ella solicit\u00f3 que le amarraran la falda para cubrir sus partes \u00edntimas al caer bajo la metralla de los fusileros verdugos.<\/p>\n\n\n\n<p>Es probable que al filo de la muerte la actitud de Mar\u00eda Trinidad S\u00e1nchez estuviera nutrida por haber estudiado las doctrinas del fil\u00f3sofo griego Epicuro, quien sosten\u00eda que \u201cla muerte temida como el m\u00e1s horrible de los males, no es, en realidad, nada, pues mientras nosotros somos, la muerte no es, y cuando esta llega nosotros no somos\u201d. (Carta de Epicuro a Meneceo).<\/p>\n\n\n\n<p>La realidad fue que el crimen execrable contra la hero\u00edna Mar\u00eda Trinidad S\u00e1nchez, disfrazado de cumplimiento de una sentencia espuria, no fue una \u201cresponsabilidad colectiva\u201d, como quisieron fijar de cara a las siguientes generaciones los grupos conservadores que dispusieron tan abominable hecho.<\/p>\n\n\n\n<p>Esa versi\u00f3n ins\u00f3lita y sin ninguna base l\u00f3gica fue luego divulgada por Carlos Nouel Pierret, el pol\u00edtico, sacerdote e historiador hijo del arriba referido arzobispo cat\u00f3lico del mismo apellido.<\/p>\n\n\n\n<p>El d\u00eda que se celebraba el primer a\u00f1o de la Independencia Nacional junto a Mar\u00eda Trinidad S\u00e1nchez \u201cmurieron su sobrino Andr\u00e9s S\u00e1nchez, herrero de oficio; el alf\u00e9rez de artiller\u00eda Nicol\u00e1s de Bari y el alba\u00f1il venezolano Jos\u00e9 del Carmen Figueroa, quien lidi\u00f3 en la independencia dominicana.\u201d (Historia de la Cultura Dominicana. Editora Amigo del Hogar, 2016.P 217. Mariano Lebr\u00f3n Savi\u00f1\u00f3n).<\/p>\n\n\n\n<p>El trinitario Jos\u00e9 Mar\u00eda Serra resalt\u00f3 la lucha patri\u00f3tica de Mar\u00eda Trinidad S\u00e1nchez, antes y despu\u00e9s del 27 de febrero de 1844, asentando lo siguiente: \u201cen sus propias faldas conduc\u00eda p\u00f3lvora.\u201d (Apuntes para la historia de los trinitarios. Primera publicaci\u00f3n 1887.P21.JMS).<\/p>\n\n\n\n<p>Despu\u00e9s de su muerte pasaron 116 a\u00f1os para que a una provincia del pa\u00eds se le otorgara su nombre. El 25 de noviembre de 1961 se promulg\u00f3 la Ley 5685, a cuyo amparo se produjeron cambios en los top\u00f3nimos de muchos lugares geogr\u00e1ficos del pa\u00eds.<\/p>\n\n\n\n<p>En efecto, dentro de las disposiciones de dicho texto legal se le puso el nombre de Mar\u00eda Trinidad S\u00e1nchez a una provincia del nordeste del pa\u00eds que tiene un \u00e1rea superficial de 1,272 kil\u00f3metros cuadrados. Geogr\u00e1ficamente est\u00e1 en parte casi a piedemonte del lado oriental de la cordillera Septentrional, y tiene un amplio litoral marino en el Atl\u00e1ntico dominicano.<\/p>\n\n\n\n<p>Esa provincia est\u00e1 dividida en varios municipios y distritos municipales, as\u00ed como en cientos de secciones y parajes. Su capital es la ciudad de Nagua, colindante en su litoral marino con la bah\u00eda Escocesa.<\/p>\n\n\n\n<p>Tiene una diversidad de producci\u00f3n agropecuaria: arrozales, cocoteros, ganado bovino, equino, asnal y caprino, etc. La pesca es un rengl\u00f3n importante en su econom\u00eda. Tiene, adem\u00e1s, varios atractivos tur\u00edsticos.<\/p>\n\n\n\n<p>Mediante la Ley 95-24 fue declarada provincia ecotur\u00edstica. Posee en su territorio el parque nacional Cabo Franc\u00e9s Viejo (Ley 654 del 2-5-1974), la reserva cient\u00edfica Dr. Miguel Canela L\u00e1zaro; el parque nacional Laguna de Perucho, as\u00ed como el 25% de la reserva cient\u00edfica Loma Quita Espuela (Decreto 82-92 del 6 de marzo de 1992, incluido en la Ley 64-00).<\/p>\n\n\n\n<p>teofilo lappot<\/p>\n\n\n\n<p><a target=\"_blank\" href=\"mailto:teofilolappot@gmail.com\" rel=\"noreferrer noopener\">teofilolappot@gmail.com<\/a><\/p>\n","protected":false},"excerpt":{"rendered":"<p>POR TE\u00d3FILO LAPPOT ROBLES Por diferentes sacrificios personales la memoria de la hero\u00edna y m\u00e1rtir Mar\u00eda Trinidad S\u00e1nchez est\u00e1 en uno de los m\u00e1s relevantes escalones de la historia nacional. Su labor patri\u00f3tica fue de mucha importancia antes, durante y en los meses que siguieron a la Independencia Nacional. A lo largo de varios a\u00f1os [&hellip;]<\/p>\n","protected":false},"author":2,"featured_media":525185,"comment_status":"open","ping_status":"closed","sticky":false,"template":"","format":"standard","meta":{"footnotes":""},"categories":[21,36,26,19,16,27],"tags":[970],"class_list":["post-676414","post","type-post","status-publish","format-standard","has-post-thumbnail","hentry","category-cultura","category-hombresmujeresycosas","category-efemerides","category-mi-voz","category-opiniones","category-portada","tag-maria-trinidad-sanchez"],"_links":{"self":[{"href":"https:\/\/diariodominicano.com\/index.php?rest_route=\/wp\/v2\/posts\/676414","targetHints":{"allow":["GET"]}}],"collection":[{"href":"https:\/\/diariodominicano.com\/index.php?rest_route=\/wp\/v2\/posts"}],"about":[{"href":"https:\/\/diariodominicano.com\/index.php?rest_route=\/wp\/v2\/types\/post"}],"author":[{"embeddable":true,"href":"https:\/\/diariodominicano.com\/index.php?rest_route=\/wp\/v2\/users\/2"}],"replies":[{"embeddable":true,"href":"https:\/\/diariodominicano.com\/index.php?rest_route=%2Fwp%2Fv2%2Fcomments&post=676414"}],"version-history":[{"count":4,"href":"https:\/\/diariodominicano.com\/index.php?rest_route=\/wp\/v2\/posts\/676414\/revisions"}],"predecessor-version":[{"id":676474,"href":"https:\/\/diariodominicano.com\/index.php?rest_route=\/wp\/v2\/posts\/676414\/revisions\/676474"}],"wp:featuredmedia":[{"embeddable":true,"href":"https:\/\/diariodominicano.com\/index.php?rest_route=\/wp\/v2\/media\/525185"}],"wp:attachment":[{"href":"https:\/\/diariodominicano.com\/index.php?rest_route=%2Fwp%2Fv2%2Fmedia&parent=676414"}],"wp:term":[{"taxonomy":"category","embeddable":true,"href":"https:\/\/diariodominicano.com\/index.php?rest_route=%2Fwp%2Fv2%2Fcategories&post=676414"},{"taxonomy":"post_tag","embeddable":true,"href":"https:\/\/diariodominicano.com\/index.php?rest_route=%2Fwp%2Fv2%2Ftags&post=676414"}],"curies":[{"name":"wp","href":"https:\/\/api.w.org\/{rel}","templated":true}]}}